{"id":362522,"date":"2018-02-02T00:08:03","date_gmt":"2018-02-02T06:08:03","guid":{"rendered":"http:\/\/www.diarioimagen.net\/?p=362522"},"modified":"2018-02-02T04:05:42","modified_gmt":"2018-02-02T10:05:42","slug":"aplica-metepec-politicas-publicas-para-erradicar-el-trabajo-infantil","status":"publish","type":"post","link":"https:\/\/www.diarioimagen.net\/?p=362522","title":{"rendered":"Aplica Metepec pol\u00edticas p\u00fablicas para erradicar el trabajo infantil"},"content":{"rendered":"<ul>\n<li><strong><em>Compromiso con las ni\u00f1as, ni\u00f1os y adolescentes<\/em><\/strong><\/li>\n<\/ul>\n<p>&nbsp;<\/p>\n<div id=\"attachment_362559\" style=\"width: 470px\" class=\"wp-caption aligncenter\"><a href=\"http:\/\/www.diarioimagen.net\/?attachment_id=362559\" rel=\"attachment wp-att-362559\"><img loading=\"lazy\" decoding=\"async\" aria-describedby=\"caption-attachment-362559\" class=\"size-large wp-image-362559\" src=\"http:\/\/www.diarioimagen.net\/wp-content\/uploads\/2018\/02\/METEPEC-3289-460x259.jpg\" alt=\"\" width=\"460\" height=\"259\" srcset=\"https:\/\/www.diarioimagen.net\/wp-content\/uploads\/2018\/02\/METEPEC-3289-460x259.jpg 460w, https:\/\/www.diarioimagen.net\/wp-content\/uploads\/2018\/02\/METEPEC-3289-240x135.jpg 240w, https:\/\/www.diarioimagen.net\/wp-content\/uploads\/2018\/02\/METEPEC-3289-235x132.jpg 235w, https:\/\/www.diarioimagen.net\/wp-content\/uploads\/2018\/02\/METEPEC-3289-202x114.jpg 202w, https:\/\/www.diarioimagen.net\/wp-content\/uploads\/2018\/02\/METEPEC-3289-350x196.jpg 350w, https:\/\/www.diarioimagen.net\/wp-content\/uploads\/2018\/02\/METEPEC-3289-220x123.jpg 220w, https:\/\/www.diarioimagen.net\/wp-content\/uploads\/2018\/02\/METEPEC-3289-237x132.jpg 237w, https:\/\/www.diarioimagen.net\/wp-content\/uploads\/2018\/02\/METEPEC-3289.jpg 480w\" sizes=\"auto, (max-width: 460px) 100vw, 460px\" \/><\/a><p id=\"caption-attachment-362559\" class=\"wp-caption-text\">El alcalde David L\u00f3pez C\u00e1rdenas inform\u00f3 que con ello, Metepec refrenda su compromiso con las ni\u00f1as, ni\u00f1os y adolescentes.<\/p><\/div>\n<p>&nbsp;<\/p>\n<p><strong>Metepec, Estado de M\u00e9xico<\/strong>.- A fin de hacer valer puntualmente los derechos de los menores de edad que habitan en Metepec, el alcalde David L\u00f3pez C\u00e1rdenas, instal\u00f3 la Comisi\u00f3n Municipal para la Prevenci\u00f3n y la Erradicaci\u00f3n del Trabajo Infantil y la Protecci\u00f3n de Adolescentes Trabajadores en Edad Permitida. El presidente municipal inform\u00f3 que con ello, Metepec refrenda su compromiso con las ni\u00f1as, ni\u00f1os y adolescentes, poni\u00e9ndose a la vanguardia a nivel nacional en la aplicaci\u00f3n de pol\u00edticas p\u00fablicas para garantizar, respetar y proteger los derechos humanos de este sector poblacional.<\/p>\n<p>Destac\u00f3 que ser\u00e1 a trav\u00e9s del trabajo coordinado con las diferentes unidades administrativas del gobierno municipal como se ejecutar\u00e1n y evaluar\u00e1n las acciones que se realicen desde esta Comisi\u00f3n, coadyuvando, de igual forma, en la protecci\u00f3n del adolescente trabajador en edad permitida.<\/p>\n<p>L\u00f3pez C\u00e1rdenas record\u00f3 que en julio de 2016 se instal\u00f3 el Sistema para la Protecci\u00f3n Integral de Ni\u00f1as, Ni\u00f1os y Adolescentes de Metepec (SIPINNA) y en junio del a\u00f1o pasado el Sistema Municipal DIF acredit\u00f3 la renovaci\u00f3n del distintivo M\u00e9xico Sin Trabajo Infantil (MEXSTI), reconocimiento otorgado por la Secretaria de Trabajo y Previsi\u00f3n Social.<\/p>\n<p>\u201cEn este Gobierno que Decide Contigo, tenemos claro que nuestra juventud es uno de los recursos m\u00e1s valiosos. Seguiremos implementando pol\u00edticas innovadoras para garantizar el pleno desarrollo de las nuevas generaciones\u201d, finaliz\u00f3 el presidente municipal.<\/p>\n","protected":false},"excerpt":{"rendered":"<p>A fin de hacer valer puntualmente los derechos de los menores de edad que habitan en Metepec, el alcalde David L\u00f3pez C\u00e1rdenas, instal\u00f3 la Comisi\u00f3n Municipal para la Prevenci\u00f3n y la Erradicaci\u00f3n del Trabajo Infantil y la Protecci\u00f3n de Adolescentes Trabajadores en Edad Permitida.<\/p>\n","protected":false},"author":3,"featured_media":362559,"comment_status":"open","ping_status":"open","sticky":false,"template":"","format":"standard","meta":{"_monsterinsights_skip_tracking":false,"_monsterinsights_sitenote_active":false,"_monsterinsights_sitenote_note":"","_monsterinsights_sitenote_category":0,"footnotes":""},"categories":[35155],"tags":[38783,43675,876,23715],"class_list":["post-362522","post","type-post","status-publish","format-standard","has-post-thumbnail","hentry","category-estado-de-mexico-estado-de-mexico","tag-erradicar","tag-estado-de-mexico","tag-metepec","tag-trabajo-infantil"],"_links":{"self":[{"href":"https:\/\/www.diarioimagen.net\/index.php?rest_route=\/wp\/v2\/posts\/362522","targetHints":{"allow":["GET"]}}],"collection":[{"href":"https:\/\/www.diarioimagen.net\/index.php?rest_route=\/wp\/v2\/posts"}],"about":[{"href":"https:\/\/www.diarioimagen.net\/index.php?rest_route=\/wp\/v2\/types\/post"}],"author":[{"embeddable":true,"href":"https:\/\/www.diarioimagen.net\/index.php?rest_route=\/wp\/v2\/users\/3"}],"replies":[{"embeddable":true,"href":"https:\/\/www.diarioimagen.net\/index.php?rest_route=%2Fwp%2Fv2%2Fcomments&post=362522"}],"version-history":[{"count":0,"href":"https:\/\/www.diarioimagen.net\/index.php?rest_route=\/wp\/v2\/posts\/362522\/revisions"}],"wp:featuredmedia":[{"embeddable":true,"href":"https:\/\/www.diarioimagen.net\/index.php?rest_route=\/wp\/v2\/media\/362559"}],"wp:attachment":[{"href":"https:\/\/www.diarioimagen.net\/index.php?rest_route=%2Fwp%2Fv2%2Fmedia&parent=362522"}],"wp:term":[{"taxonomy":"category","embeddable":true,"href":"https:\/\/www.diarioimagen.net\/index.php?rest_route=%2Fwp%2Fv2%2Fcategories&post=362522"},{"taxonomy":"post_tag","embeddable":true,"href":"https:\/\/www.diarioimagen.net\/index.php?rest_route=%2Fwp%2Fv2%2Ftags&post=362522"}],"curies":[{"name":"wp","href":"https:\/\/api.w.org\/{rel}","templated":true}]}}