{"id":362524,"date":"2018-02-02T00:07:17","date_gmt":"2018-02-02T06:07:17","guid":{"rendered":"http:\/\/www.diarioimagen.net\/?p=362524"},"modified":"2018-02-02T04:07:47","modified_gmt":"2018-02-02T10:07:47","slug":"derechos-humanos-son-prioridad-en-huixquilucan-vargas-del-villar","status":"publish","type":"post","link":"https:\/\/www.diarioimagen.net\/?p=362524","title":{"rendered":"Derechos humanos son prioridad en Huixquilucan: Vargas del Villar"},"content":{"rendered":"<ul>\n<li><strong><em>Apoyo permanente para sacar adelante iniciativas<\/em><\/strong><\/li>\n<\/ul>\n<p>&nbsp;<\/p>\n<div id=\"attachment_362561\" style=\"width: 470px\" class=\"wp-caption aligncenter\"><a href=\"http:\/\/www.diarioimagen.net\/?attachment_id=362561\" rel=\"attachment wp-att-362561\"><img loading=\"lazy\" decoding=\"async\" aria-describedby=\"caption-attachment-362561\" class=\"size-large wp-image-362561\" src=\"http:\/\/www.diarioimagen.net\/wp-content\/uploads\/2018\/02\/HUIXQUILUCAN-3289-460x259.jpg\" alt=\"\" width=\"460\" height=\"259\" srcset=\"https:\/\/www.diarioimagen.net\/wp-content\/uploads\/2018\/02\/HUIXQUILUCAN-3289-460x259.jpg 460w, https:\/\/www.diarioimagen.net\/wp-content\/uploads\/2018\/02\/HUIXQUILUCAN-3289-240x135.jpg 240w, https:\/\/www.diarioimagen.net\/wp-content\/uploads\/2018\/02\/HUIXQUILUCAN-3289-235x132.jpg 235w, https:\/\/www.diarioimagen.net\/wp-content\/uploads\/2018\/02\/HUIXQUILUCAN-3289-202x114.jpg 202w, https:\/\/www.diarioimagen.net\/wp-content\/uploads\/2018\/02\/HUIXQUILUCAN-3289-350x196.jpg 350w, https:\/\/www.diarioimagen.net\/wp-content\/uploads\/2018\/02\/HUIXQUILUCAN-3289-220x123.jpg 220w, https:\/\/www.diarioimagen.net\/wp-content\/uploads\/2018\/02\/HUIXQUILUCAN-3289-237x132.jpg 237w, https:\/\/www.diarioimagen.net\/wp-content\/uploads\/2018\/02\/HUIXQUILUCAN-3289.jpg 480w\" sizes=\"auto, (max-width: 460px) 100vw, 460px\" \/><\/a><p id=\"caption-attachment-362561\" class=\"wp-caption-text\">El edil Enrique Vargas del Villar destac\u00f3 que los derechos humanos es un tema necesario para el bienestar de los habitantes.<\/p><\/div>\n<p>&nbsp;<\/p>\n<p><strong>Huixquilucan, Estado de M\u00e9xico<\/strong>.- Durante la primera sesi\u00f3n ordinaria 2018 del Comit\u00e9 de Defensores Municipales de Derechos Humanos regi\u00f3n Naucalpan, el presidente Enrique Vargas del Villar, destac\u00f3 que los derechos humanos es un tema necesario para el bienestar de los habitantes y destac\u00f3 el apoyo permanente de su gobierno para sacar adelante todas las iniciativas en esta materia.<\/p>\n<p>\u201cEs gratificante informar que en Huixquilucan hemos disminuido en m\u00e1s de 80 por ciento las quejas de los servidores p\u00fablicos, es un gran trabajo el que se ha realizado, siempre de la mano de la Comisi\u00f3n Estatal, ya que la labor que se ha realizado en Derechos Humanos ha venido cambiando nuestro pa\u00eds\u201d.<\/p>\n<p>Al dar la bienvenida al primer visitador general de la Comisi\u00f3n de Derechos Humanos del Estado de M\u00e9xico (CODHEM), Jos\u00e9 Benjam\u00edn Bernal Su\u00e1rez; a Jovita Sotelo Genaro, presidenta del comit\u00e9 municipal de Derechos Humanos regi\u00f3n Naucalpan; Eusebio D\u00edaz Garc\u00eda, secretario t\u00e9cnico de la CODHEM, as\u00ed como a los representantes de Villa del Carb\u00f3n, Nicol\u00e1s Romero, Jilotzingo, Naucalpan, Isidro Fabela y Huixquilucan, el Alcalde reconoci\u00f3 el destacado trabajo que se ha realizado tanto a nivel estatal como municipal y los exhort\u00f3 a seguir brindando un mejor servicio a la ciudadan\u00eda.<\/p>\n<p>Por su parte, el primer visitador general de la CODHEM, Jos\u00e9 Benjam\u00edn Bernal Su\u00e1rez, agradeci\u00f3 a Vargas del Villar, por la anfitrion\u00eda y coincidi\u00f3 con el Presidente al mencionar que la tendencia es proteger los Derechos Humanos de los ciudadanos, evitar que se vulneren y trabajar de manera preventiva en todo momento.<\/p>\n<p>En su intervenci\u00f3n, el ombudsman de Huixquilucan, Mario Benito Fierro, coment\u00f3 que el Presidente Municipal es una persona sumamente preocupada por el tema de Derechos Humanos y es por eso que desde la defensor\u00eda municipal est\u00e1n encausados a hacer cumplir en estricto sentido todos los lineamientos y brindar una atenci\u00f3n de calidad y calidez a los habitantes.<\/p>\n<p>Mario Benito Fierro, entreg\u00f3 al primer visitador general de la CODHEM el informe de actividades como Defensor Municipal y destac\u00f3 que desde su \u00e1rea se continuar\u00e1 con esta m\u00edstica de servicio para dar los mejores resultados.<\/p>\n","protected":false},"excerpt":{"rendered":"<p>Durante la primera sesi\u00f3n ordinaria 2018 del Comit\u00e9 de Defensores Municipales de Derechos Humanos regi\u00f3n Naucalpan, el presidente Enrique Vargas del Villar, destac\u00f3 que los derechos humanos es un tema necesario para el bienestar de los habitantes y destac\u00f3 el apoyo permanente de su gobierno para sacar adelante todas las iniciativas en esta materia.<\/p>\n","protected":false},"author":3,"featured_media":362561,"comment_status":"open","ping_status":"open","sticky":false,"template":"","format":"standard","meta":{"_monsterinsights_skip_tracking":false,"_monsterinsights_sitenote_active":false,"_monsterinsights_sitenote_note":"","_monsterinsights_sitenote_category":0,"footnotes":""},"categories":[35155],"tags":[43675,1097],"class_list":["post-362524","post","type-post","status-publish","format-standard","has-post-thumbnail","hentry","category-estado-de-mexico-estado-de-mexico","tag-estado-de-mexico","tag-huixquilucan"],"_links":{"self":[{"href":"https:\/\/www.diarioimagen.net\/index.php?rest_route=\/wp\/v2\/posts\/362524","targetHints":{"allow":["GET"]}}],"collection":[{"href":"https:\/\/www.diarioimagen.net\/index.php?rest_route=\/wp\/v2\/posts"}],"about":[{"href":"https:\/\/www.diarioimagen.net\/index.php?rest_route=\/wp\/v2\/types\/post"}],"author":[{"embeddable":true,"href":"https:\/\/www.diarioimagen.net\/index.php?rest_route=\/wp\/v2\/users\/3"}],"replies":[{"embeddable":true,"href":"https:\/\/www.diarioimagen.net\/index.php?rest_route=%2Fwp%2Fv2%2Fcomments&post=362524"}],"version-history":[{"count":0,"href":"https:\/\/www.diarioimagen.net\/index.php?rest_route=\/wp\/v2\/posts\/362524\/revisions"}],"wp:featuredmedia":[{"embeddable":true,"href":"https:\/\/www.diarioimagen.net\/index.php?rest_route=\/wp\/v2\/media\/362561"}],"wp:attachment":[{"href":"https:\/\/www.diarioimagen.net\/index.php?rest_route=%2Fwp%2Fv2%2Fmedia&parent=362524"}],"wp:term":[{"taxonomy":"category","embeddable":true,"href":"https:\/\/www.diarioimagen.net\/index.php?rest_route=%2Fwp%2Fv2%2Fcategories&post=362524"},{"taxonomy":"post_tag","embeddable":true,"href":"https:\/\/www.diarioimagen.net\/index.php?rest_route=%2Fwp%2Fv2%2Ftags&post=362524"}],"curies":[{"name":"wp","href":"https:\/\/api.w.org\/{rel}","templated":true}]}}