{"id":362629,"date":"2018-02-05T00:06:17","date_gmt":"2018-02-05T06:06:17","guid":{"rendered":"http:\/\/www.diarioimagen.net\/?p=362629"},"modified":"2018-02-05T23:13:35","modified_gmt":"2018-02-06T05:13:35","slug":"corral-y-la-caravana-por-la-dignidad-llegan-a-la-cdmx","status":"publish","type":"post","link":"https:\/\/www.diarioimagen.net\/?p=362629","title":{"rendered":"Convoca Corral a una lucha nacional contra corrupci\u00f3n"},"content":{"rendered":"<ul>\n<li style=\"text-align: justify;\"><strong><em>Concluye en la CDMX Caravana por la Dignidad<\/em><\/strong><\/li>\n<li style=\"text-align: justify;\"><strong><em>Califica como un logro el acuerdo alcanzado con Gobernaci\u00f3n<\/em><\/strong><\/li>\n<\/ul>\n<p style=\"text-align: justify;\">\n<div id=\"attachment_362630\" style=\"width: 470px\" class=\"wp-caption aligncenter\"><img loading=\"lazy\" decoding=\"async\" aria-describedby=\"caption-attachment-362630\" class=\"size-large wp-image-362630\" src=\"http:\/\/www.diarioimagen.net\/wp-content\/uploads\/2018\/02\/CARAVANA5-portal-460x268.png\" alt=\"\" width=\"460\" height=\"268\" srcset=\"https:\/\/www.diarioimagen.net\/wp-content\/uploads\/2018\/02\/CARAVANA5-portal-460x268.png 460w, https:\/\/www.diarioimagen.net\/wp-content\/uploads\/2018\/02\/CARAVANA5-portal-240x140.png 240w, https:\/\/www.diarioimagen.net\/wp-content\/uploads\/2018\/02\/CARAVANA5-portal.png 480w\" sizes=\"auto, (max-width: 460px) 100vw, 460px\" \/><p id=\"caption-attachment-362630\" class=\"wp-caption-text\">La caravana encabezado por Javier Corral parti\u00f3 del \u00c1ngel de la Independencia al Hemiciclo a Ju\u00e1rez.<\/p><\/div>\n<p>&nbsp;<\/p>\n<p>El gobernador de Chihuahua, Javier Corral Jurado, anunci\u00f3 una convocatoria nacional para que empresarios, pol\u00edticos y ciudadanos organicen una lucha nacional contra la corrupci\u00f3n.<\/p>\n<p>\u201cConvocaremos a organizaciones civiles, empresariales, sociales acad\u00e9micas y de toda \u00edndole para articular y organizar un movimiento nacional en contra de la corrupci\u00f3n pol\u00edtica\u201d, dijo desde el Hemiciclo a Ju\u00e1rez, donde concluy\u00f3 la Caravana por la Dignidad.<\/p>\n<p>\u201cEl acuerdo es un triunfo pol\u00edtico, legal y moral de las demandas del pueblo de Chihuahua, es una victoria pol\u00edtica, porque hemos mostrado a la Rep\u00fablica que la pol\u00edtica puede y debe ser tarea de bien com\u00fan, de inter\u00e9s general, quehacer de ciudadano\u201d, destac\u00f3.<\/p>\n<p>\u201cLa caravana lleg\u00f3 a su fin, pero no nuestro movimiento\u201d, areng\u00f3 Corral quien rechaz\u00f3 que el acuerdo con la Federaci\u00f3n d\u00e9 a cambio de trasladar a Alejandro Guti\u00e9rrez, ex secretario general adjunto del PRI y quien est\u00e1 detenido por el desv\u00edo de recursos p\u00fablicos, a un penal federal.<\/p>\n<p>\u201cNo hemos negociado, ni jam\u00e1s lo hemos, la justicia que Chihuahua reclama&#8230; Guti\u00e9rrez seguir\u00e1 en prisi\u00f3n preventiva como medida cautelar impuesta por el juez para garantizar que se presentar\u00e1 en el tribunal que lo requiere para continuar con el proceso penal, condici\u00f3n que no ha variado, el sitio de reclusi\u00f3n es indistinto mientras siga en esa condici\u00f3n\u201d.<\/p>\n<p>Corral Jurado adelant\u00f3 que adem\u00e1s de Alejandro Guti\u00e9rrez, su gobierno enviar\u00e1 un centenar de presos federales que est\u00e1n en c\u00e1rceles estatales para que \u201cest\u00e9n donde deben estar\u201d.<\/p>\n<p>Adem\u00e1s, Corral Jurado anunci\u00f3 que la Procuradur\u00eda General de la Rep\u00fablica dej\u00f3 sin efectos las multas impuestas a diversos funcionarios locales por las acusaciones de tortura supuestamente cometidas en contra de Alejandro Guti\u00e9rrez, ex secretario general adjunto del CEN del PRI, quien se encuentra recluido en un penal local por las investigaciones en su contra por actos de corrupci\u00f3n.<\/p>\n<p>\u201cLa Procuradur\u00eda General de la Rep\u00fablica nos ha informado que en estricto apego a la ley deja sin efecto las multas y apercibimientos que el d\u00eda (s\u00e1bado 3 de febrero) impuso a la Fiscal\u00eda General del estado de Chihuahua\u201d.<\/p>\n<p>Esto, como consecuencia del acuerdo firmado entre el gobierno estatal y la Secretar\u00eda de Gobernaci\u00f3n, a trav\u00e9s de su titular, Alfonso Navarrete Prida, en el que se negoci\u00f3 el traslado de Guti\u00e9rrez a un penal federal previa aplicaci\u00f3n del protocolo de Estambul por la organizaci\u00f3n internacional Human Rights Watch.<\/p>\n<p>Corral Jurado indic\u00f3 que la entrega de Guti\u00e9rrez no s\u00f3lo aplicar\u00e1 para \u00e9l, pues, ante la sobrepoblaci\u00f3n de las c\u00e1rceles chihuahuenses, el gobierno local solicitar\u00e1 a las autoridades federales el traslado de m\u00e1s de 100 reos de ese fuero que actualmente se encuentran recluidos en los penales del estado.<\/p>\n<p>\u201cLes voy a entregar una lista de varios cientos de internos federales en los ceresos del estado para que est\u00e9n en los Ceresos federales, donde tienen que estar\u201d, concluy\u00f3.<\/p>\n<p>Afirm\u00f3 que para la tramitaci\u00f3n y ejecuci\u00f3n de las 11 \u00f3rdenes de aprehensi\u00f3n con fines de extradici\u00f3n contra el ex gobernador, C\u00e9sar Duarte, el gobierno de Chihuahua actuar\u00e1 en coadyuvancia con la Procuradur\u00eda General de la Rep\u00fablica.<\/p>\n","protected":false},"excerpt":{"rendered":"<p>El gobernador de Chihuahua, Javier Corral Jurado, anunci\u00f3 una convocatoria nacional para que empresarios, pol\u00edticos y ciudadanos organicen una lucha nacional contra la corrupci\u00f3n.<\/p>\n","protected":false},"author":5,"featured_media":362630,"comment_status":"open","ping_status":"open","sticky":false,"template":"","format":"standard","meta":{"_monsterinsights_skip_tracking":false,"_monsterinsights_sitenote_active":false,"_monsterinsights_sitenote_note":"","_monsterinsights_sitenote_category":0,"footnotes":""},"categories":[3],"tags":[7753,37,204,70445,6665,69427,70444,43673],"class_list":["post-362629","post","type-post","status-publish","format-standard","has-post-thumbnail","hentry","category-nacional","tag-angel-de-la-independencia","tag-chihuahua","tag-ciudad-de-mexico","tag-convoca","tag-corrupcion","tag-javier-corral","tag-javier-corral-jurado","tag-nacional"],"_links":{"self":[{"href":"https:\/\/www.diarioimagen.net\/index.php?rest_route=\/wp\/v2\/posts\/362629","targetHints":{"allow":["GET"]}}],"collection":[{"href":"https:\/\/www.diarioimagen.net\/index.php?rest_route=\/wp\/v2\/posts"}],"about":[{"href":"https:\/\/www.diarioimagen.net\/index.php?rest_route=\/wp\/v2\/types\/post"}],"author":[{"embeddable":true,"href":"https:\/\/www.diarioimagen.net\/index.php?rest_route=\/wp\/v2\/users\/5"}],"replies":[{"embeddable":true,"href":"https:\/\/www.diarioimagen.net\/index.php?rest_route=%2Fwp%2Fv2%2Fcomments&post=362629"}],"version-history":[{"count":0,"href":"https:\/\/www.diarioimagen.net\/index.php?rest_route=\/wp\/v2\/posts\/362629\/revisions"}],"wp:featuredmedia":[{"embeddable":true,"href":"https:\/\/www.diarioimagen.net\/index.php?rest_route=\/wp\/v2\/media\/362630"}],"wp:attachment":[{"href":"https:\/\/www.diarioimagen.net\/index.php?rest_route=%2Fwp%2Fv2%2Fmedia&parent=362629"}],"wp:term":[{"taxonomy":"category","embeddable":true,"href":"https:\/\/www.diarioimagen.net\/index.php?rest_route=%2Fwp%2Fv2%2Fcategories&post=362629"},{"taxonomy":"post_tag","embeddable":true,"href":"https:\/\/www.diarioimagen.net\/index.php?rest_route=%2Fwp%2Fv2%2Ftags&post=362629"}],"curies":[{"name":"wp","href":"https:\/\/api.w.org\/{rel}","templated":true}]}}