{"id":362632,"date":"2018-02-05T00:11:34","date_gmt":"2018-02-05T06:11:34","guid":{"rendered":"http:\/\/www.diarioimagen.net\/?p=362632"},"modified":"2018-02-05T03:40:06","modified_gmt":"2018-02-05T09:40:06","slug":"supervisan-nuevo-centro-de-adiestramiento-naval-militar-en-edomex","status":"publish","type":"post","link":"https:\/\/www.diarioimagen.net\/?p=362632","title":{"rendered":"Supervisan nuevo centro de adiestramiento naval militar"},"content":{"rendered":"<h2>Arco Norte<\/h2>\n<h5>Jos\u00e9 Luis Monta\u00f1ez Aguilar<\/h5>\n<p>&nbsp;<\/p>\n<div id=\"attachment_362634\" style=\"width: 470px\" class=\"wp-caption aligncenter\"><img loading=\"lazy\" decoding=\"async\" aria-describedby=\"caption-attachment-362634\" class=\"wp-image-362634 size-large\" src=\"http:\/\/www.diarioimagen.net\/wp-content\/uploads\/2018\/02\/SUPERVISION5-portal-460x268.png\" alt=\"\" width=\"460\" height=\"268\" srcset=\"https:\/\/www.diarioimagen.net\/wp-content\/uploads\/2018\/02\/SUPERVISION5-portal-460x268.png 460w, https:\/\/www.diarioimagen.net\/wp-content\/uploads\/2018\/02\/SUPERVISION5-portal-240x140.png 240w, https:\/\/www.diarioimagen.net\/wp-content\/uploads\/2018\/02\/SUPERVISION5-portal.png 480w\" sizes=\"auto, (max-width: 460px) 100vw, 460px\" \/><p id=\"caption-attachment-362634\" class=\"wp-caption-text\">Alfredo Del Mazo Maza y Vidal Francisco Sober\u00f3n Sanz realizaron un recorrido en el nuevo Centro de Adiestramiento Naval Militar, en Valle de Bravo.<\/p><\/div>\n<p>&nbsp;<\/p>\n<p>El secretario de Marina, Vidal Francisco gober\u00f3n Sanz, y el Gobernador del Estado de M\u00e9xico, Alfredo Del Mazo Maza, realizaron un recorrido de supervisi\u00f3n en el nuevo Centro de Adiestramiento Naval Militar, en Valle de Bravo.<\/p>\n<p>Este centro tendr\u00e1 capacidad para albergar a 2 mil 500 efectivos y parte del objetivo es adiestrar mejor al personal naval, al mismo tiempo que se reforzar\u00e1 la seguridad en la regi\u00f3n.<\/p>\n<p>En su visita, Del Mazo conoci\u00f3 el campo de tiro, la pista de obst\u00e1culos, el comedor y edificios de alojamiento de este centro, en el cual personal naval efectu\u00f3 maniobras y ejercicios propios de su formaci\u00f3n.<\/p>\n<p>El mandatario local dijo que la construcci\u00f3n de este espacio es una muestra de la colaboraci\u00f3n y de la estrecha cercan\u00eda que existe entre su administraci\u00f3n y la Marina Armada de M\u00e9xico.<\/p>\n<p>Por su parte, el secretario de Marina, Vidal Francisco Sober\u00f3n Sanz, indic\u00f3 que la construcci\u00f3n de este centro es producto de la suma de esfuerzos encaminados a ofrecer m\u00e1s tranquilidad a la sociedad, ya que esta base permitir\u00e1 coordinar, de forma m\u00e1s efectiva, los operativos de seguridad en esta zona del estado y adiestrar mejor al personal militar.<\/p>\n<p>Este centro se distingue por su nivel de adiestramiento en t\u00e1cticas de detecci\u00f3n de drogas y explosivos, pr\u00e1ctica de tiro, paracaidismo, buceo y otras especialidades que garantizan una \u00f3ptima preparaci\u00f3n de los marinos.<\/p>\n<p>En sus instalaciones tambi\u00e9n se adiestrar\u00e1n a los elementos de la Fuerza Especial de Seguridad, para consolidar a esta corporaci\u00f3n como una polic\u00eda de \u00e9lite y confiable, que brinde mejores resultados a la sociedad mexiquense.<\/p>\n<p>La base se suma a otras dos que la Marina tiene en el pa\u00eds con caracter\u00edsticas similares, ubicadas en Chiapas y Campeche, sin embargo, la del territorio mexiquense es la m\u00e1s segura y moderna.<\/p>\n<p>La construcci\u00f3n de este lugar requiri\u00f3 una inversi\u00f3n compartida de 970 millones de pesos y, actualmente, se encuentra en la Fase II, con un avance de 85 por ciento del total de la obra.<\/p>\n<p>Una vez concluida, la base contar\u00e1 con una zona habitacional, cl\u00ednica, estaci\u00f3n de bomberos, comandancia, fosa de adiestramiento, gimnasio, multicanchas, pista de atletismo, entre otras instalaciones, con capacidad para 2 mil 500 personas.<\/p>\n<p>El terreno donde se encuentra fue donado por la administraci\u00f3n estatal a la Secretar\u00eda de Marina, en un \u00e1nimo de colaboraci\u00f3n por el apoyo que esta instituci\u00f3n ha brindado a la entidad en materia de seguridad.<\/p>\n<p>En este recorrido acompa\u00f1aron\u00a0 al Gobernador, la Secretaria de Seguridad, Maribel Cervantes Guerrero, y el Secretario de Educaci\u00f3n, Alejandro Fern\u00e1ndez Campillo.<\/p>\n<p>&nbsp;<\/p>\n","protected":false},"excerpt":{"rendered":"<p><span style=\"color: #005497;\">Jos\u00e9 Luis Monta\u00f1ez Aguilar<\/span><br \/>\n<br \/>\nEl secretario de Marina, Vidal Francisco gober\u00f3n Sanz, y el Gobernador del Estado de M\u00e9xico, Alfredo Del Mazo Maza, realizaron un recorrido de supervisi\u00f3n en el nuevo Centro de Adiestramiento Naval Militar, en Valle de Bravo.<\/p>\n","protected":false},"author":5,"featured_media":362634,"comment_status":"open","ping_status":"open","sticky":false,"template":"","format":"standard","meta":{"_monsterinsights_skip_tracking":false,"_monsterinsights_sitenote_active":false,"_monsterinsights_sitenote_note":"","_monsterinsights_sitenote_category":0,"footnotes":""},"categories":[5],"tags":[2505,13284,43704,43674],"class_list":["post-362632","post","type-post","status-publish","format-standard","has-post-thumbnail","hentry","category-estado-de-mexico","tag-alfredo-del-mazo-maza","tag-arco-norte","tag-jose-luis-montanez-aguilar","tag-opinion"],"_links":{"self":[{"href":"https:\/\/www.diarioimagen.net\/index.php?rest_route=\/wp\/v2\/posts\/362632","targetHints":{"allow":["GET"]}}],"collection":[{"href":"https:\/\/www.diarioimagen.net\/index.php?rest_route=\/wp\/v2\/posts"}],"about":[{"href":"https:\/\/www.diarioimagen.net\/index.php?rest_route=\/wp\/v2\/types\/post"}],"author":[{"embeddable":true,"href":"https:\/\/www.diarioimagen.net\/index.php?rest_route=\/wp\/v2\/users\/5"}],"replies":[{"embeddable":true,"href":"https:\/\/www.diarioimagen.net\/index.php?rest_route=%2Fwp%2Fv2%2Fcomments&post=362632"}],"version-history":[{"count":0,"href":"https:\/\/www.diarioimagen.net\/index.php?rest_route=\/wp\/v2\/posts\/362632\/revisions"}],"wp:featuredmedia":[{"embeddable":true,"href":"https:\/\/www.diarioimagen.net\/index.php?rest_route=\/wp\/v2\/media\/362634"}],"wp:attachment":[{"href":"https:\/\/www.diarioimagen.net\/index.php?rest_route=%2Fwp%2Fv2%2Fmedia&parent=362632"}],"wp:term":[{"taxonomy":"category","embeddable":true,"href":"https:\/\/www.diarioimagen.net\/index.php?rest_route=%2Fwp%2Fv2%2Fcategories&post=362632"},{"taxonomy":"post_tag","embeddable":true,"href":"https:\/\/www.diarioimagen.net\/index.php?rest_route=%2Fwp%2Fv2%2Ftags&post=362632"}],"curies":[{"name":"wp","href":"https:\/\/api.w.org\/{rel}","templated":true}]}}