{"id":362692,"date":"2018-02-05T00:09:40","date_gmt":"2018-02-05T06:09:40","guid":{"rendered":"http:\/\/www.diarioimagen.net\/?p=362692"},"modified":"2018-02-05T03:35:40","modified_gmt":"2018-02-05T09:35:40","slug":"pide-anaya-mandar-a-volar-al-pri","status":"publish","type":"post","link":"https:\/\/www.diarioimagen.net\/?p=362692","title":{"rendered":"Pide Anaya mandar a volar al PRI"},"content":{"rendered":"<ul>\n<li><strong><em>Visita Papantla<\/em><\/strong><\/li>\n<\/ul>\n<p>&nbsp;<\/p>\n<div id=\"attachment_362788\" style=\"width: 470px\" class=\"wp-caption aligncenter\"><a href=\"http:\/\/www.diarioimagen.net\/?attachment_id=362788\" rel=\"attachment wp-att-362788\"><img loading=\"lazy\" decoding=\"async\" aria-describedby=\"caption-attachment-362788\" class=\"size-large wp-image-362788\" src=\"http:\/\/www.diarioimagen.net\/wp-content\/uploads\/2018\/02\/ANAYA-3299-460x259.jpg\" alt=\"\" width=\"460\" height=\"259\" srcset=\"https:\/\/www.diarioimagen.net\/wp-content\/uploads\/2018\/02\/ANAYA-3299-460x259.jpg 460w, https:\/\/www.diarioimagen.net\/wp-content\/uploads\/2018\/02\/ANAYA-3299-240x135.jpg 240w, https:\/\/www.diarioimagen.net\/wp-content\/uploads\/2018\/02\/ANAYA-3299-235x132.jpg 235w, https:\/\/www.diarioimagen.net\/wp-content\/uploads\/2018\/02\/ANAYA-3299-202x114.jpg 202w, https:\/\/www.diarioimagen.net\/wp-content\/uploads\/2018\/02\/ANAYA-3299-350x196.jpg 350w, https:\/\/www.diarioimagen.net\/wp-content\/uploads\/2018\/02\/ANAYA-3299-220x123.jpg 220w, https:\/\/www.diarioimagen.net\/wp-content\/uploads\/2018\/02\/ANAYA-3299-237x132.jpg 237w, https:\/\/www.diarioimagen.net\/wp-content\/uploads\/2018\/02\/ANAYA-3299.jpg 480w\" sizes=\"auto, (max-width: 460px) 100vw, 460px\" \/><\/a><p id=\"caption-attachment-362788\" class=\"wp-caption-text\">Ricardo Anaya, aspirante presidencial panista, realiz\u00f3 gira por Veracruz.<\/p><\/div>\n<p>&nbsp;<\/p>\n<p>En Papantla, Veracruz, el aspirante presidencial panista, Ricardo Anaya, llam\u00f3 a la poblaci\u00f3n a que, como lo hicieron ya en el estado, saquen al PRI a nivel nacional.<\/p>\n<p>\u201cYo les pregunto frente a los problemas que hoy tiene todo M\u00e9xico, donde todav\u00eda est\u00e1 gobernando el PRI, con corrupci\u00f3n, pobreza, desigualdad, inseguridad; yo les pregunto a nivel nacional: \u00bfUstedes quieren que el PRI gobierne otros seis a\u00f1os?<\/p>\n<p>\u201c\u00bfLes vamos a dar otra oportunidad al PRI? Pues desde aqu\u00ed, desde Papantla, desde la tierra de los voladores, \u00a1vamos a mandar a volar al PRI!\u201d, exclam\u00f3 el panista ante simpatizantes del PAN, PRD y MC.<\/p>\n<p>que el ex gobernador Javier Duarte era de los pri\u00edstas que promet\u00edan acabar con la corrupci\u00f3n.<\/p>\n<p>\u201cAh\u00ed andaba Duarte en la campa\u00f1a diciendo que \u00e9l iba a acabar con la corrupci\u00f3n. Yo les pregunto: \u00bfLos del PRI han cumplido con acabar con la corrupci\u00f3n?\u201d, cuestion\u00f3 Anaya al tiempo que le respond\u00edan con un \u201cno\u201d.<\/p>\n<p>El precandidato pidi\u00f3 tener mucho cuidado, porque no basta con ganarle al PRI.<\/p>\n<p>Dijo que acudir\u00e1n al estado \u201cuna bola de charlatanes\u201d, \u201ccandidatos falsos\u201d, que van a prometer que todo va a cambiar.<\/p>\n<p>\u201cPero no nos dicen c\u00f3mo le van hacer para cambiar las cosas. Mucho cuidado con esos charlatanes que van a tratar de enga\u00f1ar a todo el pueblo de Veracruz\u201d, mencion\u00f3 Anaya.<\/p>\n<p>Tambi\u00e9n advirti\u00f3 que para evitar que gobiernen los charlatanes entonces habr\u00e1 que seguir con el cambio que se logr\u00f3 ya en el Estado cuando se vot\u00f3 por Miguel \u00c1ngel Yunes.<\/p>\n<p>Y pidi\u00f3 el voto para Miguel \u00c1ngel Yunes M\u00e1rquez, hijo del gobernador.<\/p>\n<p>Ricardo Anaya no dijo nada en el mitin sobre la triangulaci\u00f3n de recursos que hubo en una fundaci\u00f3n creada por \u00e9l y mediante la cual se hicieron negocios inmobiliarios.<\/p>\n<p style=\"text-align: center;\"><strong>Rechaza triangulaci\u00f3n de recursos<\/strong><\/p>\n<p>En respuesta a una publicaci\u00f3n de Proceso, Anaya Cort\u00e9s afirm\u00f3 que la Fundaci\u00f3n por m\u00e1s Humanismo actu\u00f3 apegada a derecho y sin fines de lucro y jam\u00e1s recibi\u00f3 recursos p\u00fablicos.<\/p>\n<p>Yo no recib\u00ed absolutamente ning\u00fan beneficio econ\u00f3mico de las actividades de la Fundaci\u00f3n\u201d, subray\u00f3 Anaya luego que el semanario pol\u00edtico diera a conocer que el aspirante utiliz\u00f3 a la citada fundaci\u00f3n para triangular dinero y hacer negocios inmobiliarios.<\/p>\n<p>El precandidato refiri\u00f3 que la fundaci\u00f3n se constituy\u00f3, entre otros fines, para adquirir una propiedad y edificar en ella una sede propia del PAN en Quer\u00e9taro, ya que el local que hasta entonces se utilizaba como sede era rentado.<\/p>\n<p>A trav\u00e9s de un comunicado difundido por el PAN indic\u00f3 que m\u00e1s de un a\u00f1o despu\u00e9s de haber constituido la asociaci\u00f3n civil, y ya con esa fuerza pol\u00edtica como oposici\u00f3n, se gestionaron diversos pr\u00e9stamos para adquirir un terreno para edificar la sede estatal panista, y se suscribi\u00f3 un contrato para iniciar la construcci\u00f3n.<\/p>\n","protected":false},"excerpt":{"rendered":"<p>En Papantla, Veracruz, el aspirante presidencial panista, Ricardo Anaya, llam\u00f3 a la poblaci\u00f3n a que, como lo hicieron ya en el estado, saquen al PRI a nivel nacional.<\/p>\n","protected":false},"author":3,"featured_media":362788,"comment_status":"open","ping_status":"open","sticky":false,"template":"","format":"standard","meta":{"_monsterinsights_skip_tracking":false,"_monsterinsights_sitenote_active":false,"_monsterinsights_sitenote_note":"","_monsterinsights_sitenote_category":0,"footnotes":""},"categories":[3],"tags":[43673,70447,7347,52],"class_list":["post-362692","post","type-post","status-publish","format-standard","has-post-thumbnail","hentry","category-nacional","tag-nacional","tag-papantla","tag-ricardo-anaya-cortes","tag-veracruz"],"_links":{"self":[{"href":"https:\/\/www.diarioimagen.net\/index.php?rest_route=\/wp\/v2\/posts\/362692","targetHints":{"allow":["GET"]}}],"collection":[{"href":"https:\/\/www.diarioimagen.net\/index.php?rest_route=\/wp\/v2\/posts"}],"about":[{"href":"https:\/\/www.diarioimagen.net\/index.php?rest_route=\/wp\/v2\/types\/post"}],"author":[{"embeddable":true,"href":"https:\/\/www.diarioimagen.net\/index.php?rest_route=\/wp\/v2\/users\/3"}],"replies":[{"embeddable":true,"href":"https:\/\/www.diarioimagen.net\/index.php?rest_route=%2Fwp%2Fv2%2Fcomments&post=362692"}],"version-history":[{"count":0,"href":"https:\/\/www.diarioimagen.net\/index.php?rest_route=\/wp\/v2\/posts\/362692\/revisions"}],"wp:featuredmedia":[{"embeddable":true,"href":"https:\/\/www.diarioimagen.net\/index.php?rest_route=\/wp\/v2\/media\/362788"}],"wp:attachment":[{"href":"https:\/\/www.diarioimagen.net\/index.php?rest_route=%2Fwp%2Fv2%2Fmedia&parent=362692"}],"wp:term":[{"taxonomy":"category","embeddable":true,"href":"https:\/\/www.diarioimagen.net\/index.php?rest_route=%2Fwp%2Fv2%2Fcategories&post=362692"},{"taxonomy":"post_tag","embeddable":true,"href":"https:\/\/www.diarioimagen.net\/index.php?rest_route=%2Fwp%2Fv2%2Ftags&post=362692"}],"curies":[{"name":"wp","href":"https:\/\/api.w.org\/{rel}","templated":true}]}}