{"id":362698,"date":"2018-02-05T00:01:38","date_gmt":"2018-02-05T06:01:38","guid":{"rendered":"http:\/\/www.diarioimagen.net\/?p=362698"},"modified":"2018-02-05T03:43:12","modified_gmt":"2018-02-05T09:43:12","slug":"ecos-de-la-feria-internacional-de-turismo-en-madrid-el-fortalecimiento-de-aeromexico-en-sus-rutas-a-europa","status":"publish","type":"post","link":"https:\/\/www.diarioimagen.net\/?p=362698","title":{"rendered":"Ecos de la Feria Internacional de Turismo en Madrid: el fortalecimiento de Aerom\u00e9xico en sus rutas a Europa"},"content":{"rendered":"<h2>De cinco estrellas<\/h2>\n<h5>Victoria Gonz\u00e1lez Prado<\/h5>\n<p><strong>\u00a0<\/strong><\/p>\n<ul>\n<li><em><strong>Las herramientas de <\/strong><\/em><strong>Best Day Travel Group<\/strong><\/li>\n<li><em><strong>La chef Betty V\u00e1zquez y la gastronom\u00eda de Riviera Nayarit<\/strong><\/em><\/li>\n<\/ul>\n<p>&nbsp;<\/p>\n<div id=\"attachment_362799\" style=\"width: 470px\" class=\"wp-caption aligncenter\"><a href=\"http:\/\/www.diarioimagen.net\/?attachment_id=362799\" rel=\"attachment wp-att-362799\"><img loading=\"lazy\" decoding=\"async\" aria-describedby=\"caption-attachment-362799\" class=\"size-large wp-image-362799\" src=\"http:\/\/www.diarioimagen.net\/wp-content\/uploads\/2018\/02\/turismo-3299-460x199.jpg\" alt=\"\" width=\"460\" height=\"199\" srcset=\"https:\/\/www.diarioimagen.net\/wp-content\/uploads\/2018\/02\/turismo-3299-460x199.jpg 460w, https:\/\/www.diarioimagen.net\/wp-content\/uploads\/2018\/02\/turismo-3299-240x104.jpg 240w, https:\/\/www.diarioimagen.net\/wp-content\/uploads\/2018\/02\/turismo-3299.jpg 700w\" sizes=\"auto, (max-width: 460px) 100vw, 460px\" \/><\/a><p id=\"caption-attachment-362799\" class=\"wp-caption-text\">La l\u00ednea a\u00e9rea fortalece su presencia en Europa.<\/p><\/div>\n<p>&nbsp;<\/p>\n<p>La Feria Internacional de Turismo en Madrid (Fitur 2018), como ya coment\u00e9, nos brinda informaci\u00f3n para mucho tiempo. Hoy hemos rescatado algunas de las noticias m\u00e1s relevantes y que no queremos se queden en el tintero.<\/p>\n<p>De ellas, es importante mencionar a Aerom\u00e9xico, presente en la Fitur en su versi\u00f3n 38, donde confirm\u00f3 el fortalecimiento de su presencia en Europa, al anunciar el incremento de frecuencias y capacidad en sus rutas.<\/p>\n<p>Con m\u00e1s de 60 a\u00f1os operando la ruta Madrid-Ciudad de M\u00e9xico, la aerol\u00ednea ofrece nueve vuelos directos semanales entre ambos destinos, y brindar\u00e1 hasta 13 vuelos por semana durante los meses con mayor demanda en este 2018.<\/p>\n<p>En su ruta Par\u00eds-Ciudad de M\u00e9xico, Aerom\u00e9xico sumar\u00e1 tres nuevas frecuencias de temporada y hasta 10 vuelos por semana, lo que representa un incremento en la oferta de asientos del 39 por ciento comparado con 2017.<\/p>\n<p>Debido al aumento de frecuencias en sus rutas a \u00c1msterdam y Londres en 2017, para este a\u00f1o presentar\u00e1n un incremento de capacidad del 26 y 7 por ciento, respectivamente, en comparaci\u00f3n al a\u00f1o anterior.<\/p>\n<p>Estas rutas son operadas en equipos <em>Boeing 787-8<\/em> y <em>787-9<\/em> <em>Dreamliner, <\/em>considerados unos de los aviones m\u00e1s modernos del mundo.<\/p>\n<p>Con capacidad para 274 pasajeros \u201336 de ellos en Clase Premier\u2013, el <em>Boeing 787-9<\/em> ofrece grandes beneficios para los pasajeros, como: inclinaci\u00f3n de 180 grados\u00a0<em>full-flat bed<\/em> en asientos de Clase Premier, servicio de <em>Wi-Fi,<\/em> iluminaci\u00f3n <em>Sky Interiors<\/em>, sistema de entretenimiento <em>touch screen<\/em> que incluye pantallas m\u00e1s grandes, adem\u00e1s el nuevo Espacio Premier, que ofrece una barra de las mejores marcas en bebidas y alimentos para los pasajeros que vuelan en cabina Premier.<\/p>\n<p>El <em>Boeing 787-9 Dreamliner <\/em>de Aerom\u00e9xico se caracteriza por ser una aeronave sostenible con un sistema que permite aumentar la eficiencia en el uso de combustible en un 20 por ciento, por lo que genera menos emisiones de carbono y reduce 57 por ciento la contaminaci\u00f3n auditiva en despegue y aterrizaje.<\/p>\n<p><strong>Paul Verhagen<\/strong>, director de Ventas Internacionales de Aerom\u00e9xico \u00a0dijo: \u201ces un orgullo seguir consolidando nuestras rutas en Europa, ofreciendo un producto de calidad a nuestros clientes a bordo de los mejores equipos. Con este incremento de frecuencias y capacidad, reforzamos nuestro compromiso con el mercado europeo, ofreciendo una red de conectividad cada vez m\u00e1s amplia\u201d.<\/p>\n<p>De esta forma, Aerom\u00e9xico contin\u00faa reforzando su presencia en Europa apostando por ofrecer a sus clientes la mejor experiencia de viaje antes, durante y despu\u00e9s del vuelo.<\/p>\n<p>\u2730\u2730\u2730\u2730\u2730 Riviera Nayarit estuvo presente en la Fitur 2018, representada por <strong>Eulalio Coronado Mendoza<\/strong>, titular de Turismo de esa entidad, quien estableci\u00f3 contactos con algunos turoperadores europeos y dio, a la gastronom\u00eda nayarita la importancia que merece mediante las creaciones de la chef <strong>Betty V\u00e1zquez<\/strong>, quien present\u00f3 una muestra de los sabores de Nayarit, en conjunto con el restaurante Tepic de Madrid, convirtiendo al pabell\u00f3n de M\u00e9xico en parada obligada para degustar los deliciosos ceviches nayaritas. <strong>Enrique de la Madrid<\/strong>, secretario de Turismo federal, salud\u00f3 a la chef y, por supuesto, le dio una probadita a los platillos.<\/p>\n<p>\u201cTodo Nayarit es tierra f\u00e9rtil. Encontrar\u00e1s gran variedad de alimentos del mar, valle y monta\u00f1as que seguramente sorprender\u00e1 a todos los visitantes\u201d, coment\u00f3 la chef <strong>Betty<\/strong>.<\/p>\n<p>Riviera Nayarit se ha caracterizado por ser un destino de lujo que seguir\u00e1 creciendo pues se tienen proyectados 10 mil cuartos para los pr\u00f3ximos cinco a\u00f1os. En ello trabajan el gobierno del estado, prestadores de servicios tur\u00edsticos y empresarios hoteleros.<\/p>\n<p>Lugares como Punta de Mita o Sayulita son internacionalmente conocidos; sin embargo, Riviera Nayarit tiene otros lugares\u00a0 como Tepic, ciudad capital con una historia y arquitectura colonial, cultura y herencia prehisp\u00e1nica.<\/p>\n<p>El sitio sagrado del pueblo wix\u00e1rica, conocidos como huicholes hacen una peregrinaci\u00f3n desde el Puerto de San Blas, en la playa del Rey que concluye en Real de 14, San Luis Potos\u00ed. Es considerada una de las peregrinaciones de m\u00e1s tradici\u00f3n\u00a0 y los turistas pueden conocer estos lugares sagrados para ellos.<\/p>\n<p>Una de las lagunas m\u00e1s hermosas que tiene M\u00e9xico es Santa Mar\u00eda del Oro a la que se llega en media hora desde Tepic, y en todos esos sitios se practica turismo de naturaleza y avistamiento de aves<\/p>\n<p>\u201cNos gustar\u00eda compartir la riqueza cultural de nuestros pueblos. Llegar a la entidad es muy f\u00e1cil con aerol\u00edneas como Aerom\u00e9xico\u201d, dijo <strong>Coronado Mendoza<\/strong>.<\/p>\n<p>\u2730\u2730\u2730\u2730\u2730 <strong>El corporativo tur\u00edstico, Best Day Travel Group<\/strong>, report\u00f3 un balance positivo como resultado de su participaci\u00f3n en la <strong>Fitur <\/strong>donde present\u00f3 las novedosas herramientas tecnol\u00f3gicas que ofrece a sus clientes.<\/p>\n<p>Dentro de \u00e9stas, destaca la \u201comnicanalidad\u201d, forma interactiva de ofrecer al usuario lo que necesita, por diversos canales: PC, dispositivo m\u00f3vil, tel\u00e9fono o puntos de venta f\u00edsicos, entre otros.<\/p>\n<p>En el marco de la Fitur se realiz\u00f3, por cuarto a\u00f1o consecutivo, el evento <strong>BlueBay Travel Awards<\/strong>, en el que la compa\u00f1\u00eda <em>online<\/em> fue galardonada en la categor\u00eda de <strong>\u201cMejor distribuidor mayorista\u201d<\/strong> por su constante crecimiento y fortalecimiento, por la variedad de sus servicios, tecnolog\u00eda de punta y liderazgo en Latinoam\u00e9rica. El premio lo recibi\u00f3 <strong>Juli\u00e1n Balbuena, presidente del Consejo de Best Day Travel Group.<\/strong><\/p>\n<p><strong>Christian Kremers<\/strong>, <strong>CEO de la empresa dijo que \u201cla valoraci\u00f3n de la participaci\u00f3n<\/strong><em> en la Fitur fue muy positiva y super\u00f3 nuestras propias expectativas. Los equipos de las diversas marcas que componen nuestro grupo realizaron m\u00e1s de 60 citas, para continuar creando alianzas comerciales y presentar importantes novedades tecnol\u00f3gicas a nuestros socios comerciales\u201d. <\/em><\/p>\n<p>La agenda de los altos directivos en la Fitur, consisti\u00f3 en una serie de reuniones y presentaciones de trabajo con representantes de las principales agencias mayoristas y tour operadores europeos, principalmente de <strong>Espa\u00f1a, Italia, Portugal y Rusia.<\/strong><\/p>\n<p>Concretaron alianzas y estrategias de negocios con distintos mercados de <strong>Am\u00e9rica,<\/strong> como <strong>Argentina, Paraguay, Brasil, Estados Unidos y Canad\u00e1 <\/strong>y, firmaron importantes negocios con empresas del <strong>Reino Unido<\/strong> y <strong>Ghana.<\/strong><\/p>\n<p><em><a href=\"mailto:victoriagprado@gmail.com\" target=\"_blank\" rel=\"noopener\">victoriagprado@gmail.com<\/a><\/em><br \/>\n<em> Twitter: <a href=\"https:\/\/twitter.com\/victoriagprado\" target=\"_blank\" rel=\"noopener\">@victoriagprado<\/a><\/em><\/p>\n","protected":false},"excerpt":{"rendered":"<p>La Feria Internacional de Turismo en Madrid (Fitur 2018), como ya coment\u00e9, nos brinda informaci\u00f3n para mucho tiempo. Hoy hemos rescatado algunas de las noticias m\u00e1s relevantes y que no queremos se queden en el tintero.<\/p>\n","protected":false},"author":3,"featured_media":362799,"comment_status":"open","ping_status":"open","sticky":false,"template":"","format":"standard","meta":{"_monsterinsights_skip_tracking":false,"_monsterinsights_sitenote_active":false,"_monsterinsights_sitenote_note":"","_monsterinsights_sitenote_category":0,"footnotes":""},"categories":[11],"tags":[107,43674,43681,106],"class_list":["post-362698","post","type-post","status-publish","format-standard","has-post-thumbnail","hentry","category-turismo","tag-de-cinco-estrellas","tag-opinion","tag-turismo","tag-victoria-gonzalez-prado"],"_links":{"self":[{"href":"https:\/\/www.diarioimagen.net\/index.php?rest_route=\/wp\/v2\/posts\/362698","targetHints":{"allow":["GET"]}}],"collection":[{"href":"https:\/\/www.diarioimagen.net\/index.php?rest_route=\/wp\/v2\/posts"}],"about":[{"href":"https:\/\/www.diarioimagen.net\/index.php?rest_route=\/wp\/v2\/types\/post"}],"author":[{"embeddable":true,"href":"https:\/\/www.diarioimagen.net\/index.php?rest_route=\/wp\/v2\/users\/3"}],"replies":[{"embeddable":true,"href":"https:\/\/www.diarioimagen.net\/index.php?rest_route=%2Fwp%2Fv2%2Fcomments&post=362698"}],"version-history":[{"count":0,"href":"https:\/\/www.diarioimagen.net\/index.php?rest_route=\/wp\/v2\/posts\/362698\/revisions"}],"wp:featuredmedia":[{"embeddable":true,"href":"https:\/\/www.diarioimagen.net\/index.php?rest_route=\/wp\/v2\/media\/362799"}],"wp:attachment":[{"href":"https:\/\/www.diarioimagen.net\/index.php?rest_route=%2Fwp%2Fv2%2Fmedia&parent=362698"}],"wp:term":[{"taxonomy":"category","embeddable":true,"href":"https:\/\/www.diarioimagen.net\/index.php?rest_route=%2Fwp%2Fv2%2Fcategories&post=362698"},{"taxonomy":"post_tag","embeddable":true,"href":"https:\/\/www.diarioimagen.net\/index.php?rest_route=%2Fwp%2Fv2%2Ftags&post=362698"}],"curies":[{"name":"wp","href":"https:\/\/api.w.org\/{rel}","templated":true}]}}