{"id":362716,"date":"2018-02-05T00:04:44","date_gmt":"2018-02-05T06:04:44","guid":{"rendered":"http:\/\/www.diarioimagen.net\/?p=362716"},"modified":"2018-02-05T04:03:51","modified_gmt":"2018-02-05T10:03:51","slug":"apuntala-uaem-oferta-educativa-de-calidad-en-el-sur-mexiquense","status":"publish","type":"post","link":"https:\/\/www.diarioimagen.net\/?p=362716","title":{"rendered":"Apuntala UAEM oferta educativa de calidad en el sur mexiquense"},"content":{"rendered":"<ul>\n<li><strong><em>La instituci\u00f3n cuenta con dos campus\u00a0<\/em><\/strong><\/li>\n<\/ul>\n<p>&nbsp;<\/p>\n<div id=\"attachment_362820\" style=\"width: 470px\" class=\"wp-caption aligncenter\"><a href=\"http:\/\/www.diarioimagen.net\/?attachment_id=362820\" rel=\"attachment wp-att-362820\"><img loading=\"lazy\" decoding=\"async\" aria-describedby=\"caption-attachment-362820\" class=\"size-large wp-image-362820\" src=\"http:\/\/www.diarioimagen.net\/wp-content\/uploads\/2018\/02\/UAEM-3299-460x259.jpg\" alt=\"\" width=\"460\" height=\"259\" srcset=\"https:\/\/www.diarioimagen.net\/wp-content\/uploads\/2018\/02\/UAEM-3299-460x259.jpg 460w, https:\/\/www.diarioimagen.net\/wp-content\/uploads\/2018\/02\/UAEM-3299-240x135.jpg 240w, https:\/\/www.diarioimagen.net\/wp-content\/uploads\/2018\/02\/UAEM-3299-235x132.jpg 235w, https:\/\/www.diarioimagen.net\/wp-content\/uploads\/2018\/02\/UAEM-3299-202x114.jpg 202w, https:\/\/www.diarioimagen.net\/wp-content\/uploads\/2018\/02\/UAEM-3299-350x196.jpg 350w, https:\/\/www.diarioimagen.net\/wp-content\/uploads\/2018\/02\/UAEM-3299-220x123.jpg 220w, https:\/\/www.diarioimagen.net\/wp-content\/uploads\/2018\/02\/UAEM-3299-237x132.jpg 237w, https:\/\/www.diarioimagen.net\/wp-content\/uploads\/2018\/02\/UAEM-3299.jpg 480w\" sizes=\"auto, (max-width: 460px) 100vw, 460px\" \/><\/a><p id=\"caption-attachment-362820\" class=\"wp-caption-text\">El rector Alfredo Barrera Baca asisti\u00f3 a los informes anuales de actividades de las directoras del plantel, Iv\u00f3n Nohem\u00ed Olivares Mor\u00f3n, y el Centro, Ivette Michelle Valdesp\u00edn Vald\u00e9s.<\/p><\/div>\n<p>&nbsp;<\/p>\n<p><strong>Tenancingo, Estado de M\u00e9xico<\/strong>.- El plantel \u201cDr. Pablo Gonz\u00e1lez Casanova\u201d de la Escuela Preparatoria y el Centro Universitario Tenancingo son estrat\u00e9gicos en la proyecci\u00f3n del pensamiento cient\u00edfico y human\u00edstico de la Universidad Aut\u00f3noma del Estado de M\u00e9xico en el sur de la entidad, sostuvo el rector Alfredo Barrera Baca.<\/p>\n<p>Durante la lectura de los informes anuales de actividades de las directoras del plantel, Iv\u00f3n Nohem\u00ed Olivares Mor\u00f3n, y el Centro, Ivette Michelle Valdesp\u00edn Vald\u00e9s, el rector expres\u00f3 que desde hace medio siglo, mediante estos espacios universitarios se contribuye de manera importante en la reducci\u00f3n de la migraci\u00f3n de los j\u00f3venes por razones educativas y el combate al despoblamiento rural de la regi\u00f3n.<\/p>\n<p>Antes de entregar un tractor, computadoras, pupitres, sillas de ruedas y sistemas de seguridad con una inversi\u00f3n superior a los dos millones de pesos, dijo que ahora en Tenancingo la instituci\u00f3n cuenta con dos campus donde se atiende a j\u00f3venes de este municipio y de Villa Guerrero, Texcalyacac, Malinalco, Tenango del Valle, Zumpahuac\u00e1n, Joquicingo, Ocuilan, Ixtapan de la Sal y Tonatico.<\/p>\n<p>Por otra parte, lament\u00f3 que circunstancias imprevistas de \u00edndole mundial y nacional, como los vaivenes econ\u00f3micos, e incluso, los sismos, alteren el ritmo de los proyectos institucionales; sin embargo, los universitarios sabemos defender el proyecto hist\u00f3rico heredado del Instituto Cient\u00edfico y Literario.<\/p>\n<p>Olivares Mor\u00f3n, quien rindi\u00f3 su primer informe de actividades, refiri\u00f3 que el plantel cuenta con una matr\u00edcula de mil 619 estudiantes y una eficiencia terminal de 80 por ciento, mientras que el \u00edndice de transici\u00f3n del primero al segundo a\u00f1o es de 99 por ciento y el de reprobaci\u00f3n es de tres por ciento, considerado como el menor entre los 10 planteles de Escuela Preparatoria de la UAEM.<\/p>\n<p>Al rendir su tercer informe anual de actividades, Valdesp\u00edn Vald\u00e9s dio cuenta del desarrollo logrado por el Centro Universitario en el a\u00f1o reciente. Detall\u00f3 que el campus, que ofrece cinco programas de licenciatura y cuenta con una matr\u00edcula superior a mil estudiantes, registra un \u00edndice de eficiencia global del 28.2 por ciento, mientras que el de titulaci\u00f3n alcanza 12.69 por ciento.<\/p>\n<p>Al reportar las actividades acad\u00e9micas, destac\u00f3 la participaci\u00f3n de 20 estudiantes de la Licenciatura en Arqueolog\u00eda en pr\u00e1cticas de campo y recorridos de superficie en el ex convento agustino del municipio de Ocuilan, con la finalidad de localizar vestigios de un juego de pelota.<\/p>\n","protected":false},"excerpt":{"rendered":"<p>El plantel \u201cDr. Pablo Gonz\u00e1lez Casanova\u201d de la Escuela Preparatoria y el Centro Universitario Tenancingo son estrat\u00e9gicos en la proyecci\u00f3n del pensamiento cient\u00edfico y human\u00edstico de la Universidad Aut\u00f3noma del Estado de M\u00e9xico en el sur de la entidad, sostuvo el rector Alfredo Barrera Baca.<\/p>\n","protected":false},"author":3,"featured_media":362820,"comment_status":"open","ping_status":"open","sticky":false,"template":"","format":"standard","meta":{"_monsterinsights_skip_tracking":false,"_monsterinsights_sitenote_active":false,"_monsterinsights_sitenote_note":"","_monsterinsights_sitenote_category":0,"footnotes":""},"categories":[35155],"tags":[19954,43675,14859,1491],"class_list":["post-362716","post","type-post","status-publish","format-standard","has-post-thumbnail","hentry","category-estado-de-mexico-estado-de-mexico","tag-calidad","tag-estado-de-mexico","tag-tenancingo","tag-uaem"],"_links":{"self":[{"href":"https:\/\/www.diarioimagen.net\/index.php?rest_route=\/wp\/v2\/posts\/362716","targetHints":{"allow":["GET"]}}],"collection":[{"href":"https:\/\/www.diarioimagen.net\/index.php?rest_route=\/wp\/v2\/posts"}],"about":[{"href":"https:\/\/www.diarioimagen.net\/index.php?rest_route=\/wp\/v2\/types\/post"}],"author":[{"embeddable":true,"href":"https:\/\/www.diarioimagen.net\/index.php?rest_route=\/wp\/v2\/users\/3"}],"replies":[{"embeddable":true,"href":"https:\/\/www.diarioimagen.net\/index.php?rest_route=%2Fwp%2Fv2%2Fcomments&post=362716"}],"version-history":[{"count":0,"href":"https:\/\/www.diarioimagen.net\/index.php?rest_route=\/wp\/v2\/posts\/362716\/revisions"}],"wp:featuredmedia":[{"embeddable":true,"href":"https:\/\/www.diarioimagen.net\/index.php?rest_route=\/wp\/v2\/media\/362820"}],"wp:attachment":[{"href":"https:\/\/www.diarioimagen.net\/index.php?rest_route=%2Fwp%2Fv2%2Fmedia&parent=362716"}],"wp:term":[{"taxonomy":"category","embeddable":true,"href":"https:\/\/www.diarioimagen.net\/index.php?rest_route=%2Fwp%2Fv2%2Fcategories&post=362716"},{"taxonomy":"post_tag","embeddable":true,"href":"https:\/\/www.diarioimagen.net\/index.php?rest_route=%2Fwp%2Fv2%2Ftags&post=362716"}],"curies":[{"name":"wp","href":"https:\/\/api.w.org\/{rel}","templated":true}]}}