{"id":362745,"date":"2018-02-05T00:01:00","date_gmt":"2018-02-05T06:01:00","guid":{"rendered":"http:\/\/www.diarioimagen.net\/?p=362745"},"modified":"2018-02-05T00:25:02","modified_gmt":"2018-02-05T06:25:02","slug":"piden-a-la-seq-mayor-apertura-contra-el-vih","status":"publish","type":"post","link":"https:\/\/www.diarioimagen.net\/?p=362745","title":{"rendered":"Piden a la SEQ mayor apertura contra el VIH"},"content":{"rendered":"<h2>Derecho de r\u00e9plica<\/h2>\n<p>&nbsp;<\/p>\n<ul>\n<li><em><strong>Quintana Roo, en el Top Ten de m\u00e1s casos en el pa\u00eds<\/strong><\/em><\/li>\n<\/ul>\n<p>&nbsp;<\/p>\n<p>Activistas hacen un llamado urgente a la Secretar\u00eda de Educaci\u00f3n (SEQ) para sacar a Quintana Roo de los primeros lugares de casos de VIHL\/Sida, al mantenerse entre los primeros cuatro, a pesar de los programas de la Secretar\u00eda de Educaci\u00f3n y ONG\u00b4s.<\/p>\n<p>Seg\u00fan cifras, las personas al tener sexo con extra\u00f1os, entre otras circunstancias, en el 2018 se increment\u00f3 un 12 y 15 por ciento n\u00famero de casos en Canc\u00fan y Playa del Carmen, que se detectaron gracias a las campa\u00f1as de pruebas r\u00e1pidas que se llevan en algunos municipios, regiones y centros educativos, en estos \u00faltimos con autorizaci\u00f3n de los padres de familia.<\/p>\n<p>Lamentan que los \u00edndices de esta enfermedad cr\u00f3nica, que la Organizaci\u00f3n Mundial de la Salud busca reducir al m\u00ednimo para el 2030, mantiene a Quintana Roo entre los cuatro primeros lugares a nivel nacional, de ah\u00ed la intenci\u00f3n de incluir al 100 por ciento a la SEQ en fortalecer programas de prevenci\u00f3n.<\/p>\n<p>En tanto, otras como \u201cC\u00edrculo Social Igualitario\u201d, al frente de Edgar Mora Uc\u00e1n, no quitan el dedo del rengl\u00f3n de proteger a las nuevas generaciones y piden la intervenci\u00f3n de la SEQ para emprender sendas campa\u00f1as de prevenci\u00f3n permanentes y reforzar la cobertura integral que el Seguro Popular.<\/p>\n<p style=\"text-align: center;\"><strong>Polic\u00eda se moviliza por Abuxapqui<\/strong><\/p>\n<p>Aunque se trat\u00f3 de una falsa alarma, polic\u00edas de la ministerial, apoyados por elementos de Seguridad P\u00fablica, rodearon la casa del ex mun\u00edcipe de Oth\u00f3n P. Blanco, Eduardo Espinosa Abuxapqui, por espacio de 30 minutos, listos con una supuesta orden de aprehensi\u00f3n. Todo result\u00f3 ser una falsa alarma, pues a este pol\u00edtico pri\u00edsta no se le ha visto desde agosto de 2017, que acudi\u00f3 al PRI a un evento con Raymundo King de la Rosa.<\/p>\n<p>Dicen los pri\u00edstas que el PRI no levanta en las encuestas y menos con su candidata Mar\u00eda Hadad Castillo, a quien le recriminan que Abuxqpui dej\u00f3 a Chetumal sumirse en la pobreza.<\/p>\n<p style=\"text-align: center;\"><strong>Bien hospedados y sin preocupaciones<\/strong><\/p>\n<p>Algunos inconformes que tienen familiares en el Cereso de Chetumal, se\u00f1alaron que no debe haber distinciones en este centro penitenciario, pues todos son presuntos delincuentes y como tal deben estar tras las rejas y sin privilegios. Antes, hab\u00edan denunciado que \u201cEl Diablo\u201d ten\u00eda el control del penal, pero ahora se\u00f1alan que los ex funcionarios borgistas detenidos, est\u00e1n en un \u00e1rea especial, que antes eran dormitorios de los custodios. Mandaron poner aire acondicionado y todas las comodidades. Les mandan comprar su comida especial. Los custodios ahora tienen que dormir en las oficinas administrativas. Por cierto, Mauricio G\u00f3ngora ya luce afeitado, por reglamento tuvo que cortarse el cabello y la barba, cuando trataba pasar desapercibido.<\/p>\n<p style=\"text-align: center;\"><strong>Silencio sepulcral en el PRI<\/strong><\/p>\n<p>Los pri\u00edstas, empezando por el <em>Pinocho<\/em> Enrique Ochoa y terminando en Quintana Roo, por el belice\u00f1o Raymundo King, guardaron silencio sepulcral ante la salida de Jos\u00e9 Luis \u201cChanito\u201d Toledo Medina, que el viernes pasado present\u00f3 su renuncia a ese partido. \u201cChanito\u201d buscaba la senadur\u00eda o la candidatura a la alcald\u00eda de Solidaridad; sin embargo, su enfrentamiento en julio de 2016 con Raymundo King, quien aprovech\u00f3 su cargo para colocarse como candidato a senador en la segunda f\u00f3rmula.<\/p>\n<p style=\"text-align: center;\"><strong>Atentan contra patrimonio de comunicador<\/strong><\/p>\n<p>Supuestamente, por sacar a la luz p\u00fablica la ineficiencia de la Fiscal\u00eda General de Justicia, en diversos incendios provocados por el grupo \u201cLos Colombianos\u201d, el periodista del grupo SIPSE, Jos\u00e9 \u00c1ngel Mu\u00f1oz, sufri\u00f3 un atentado, que a punto estuvo de costar la vida a sus familiares.<\/p>\n<p>Resulta que le quemaron una palapa de su propiedad, ubicada atr\u00e1s de la vivienda donde habita.<\/p>\n<p>Por fortuna, los bomberos y vecinos ayudaron para que el fuego no se propagara. Jos\u00e9 \u00c1ngel Mu\u00f1oz recientemente fue buscado por Morena para la candidatura a presidente municipal de Oth\u00f3n P. Blanco.<\/p>\n<p>Jos\u00e9 \u00c1ngel Mu\u00f1oz est\u00e1 indignado y dijo que espera una investigaci\u00f3n de lo acontecido, ante lo cual tuvo que ser la Vicefiscal\u00eda, la que atendiera su caso, ante la pasividad del director de la ministerial, quien no quiso investigar. Se dice que est\u00e1 protegiendo a los colombianos \u00bfser\u00e1? Cuando el r\u00edo suena agua lleva, ya que fue precisamente el director de la SSP municipal quien denunci\u00f3 a esta banda delictiva, sin que a la fecha la polic\u00eda ministerial, a cargo de Valdovinos, los atrape.<\/p>\n","protected":false},"excerpt":{"rendered":"<p><span style=\"color: #005497;\"><strong>Derecho de r\u00e9plica<\/strong><\/span><\/p>\n","protected":false},"author":3,"featured_media":0,"comment_status":"open","ping_status":"open","sticky":false,"template":"","format":"standard","meta":{"_monsterinsights_skip_tracking":false,"_monsterinsights_sitenote_active":false,"_monsterinsights_sitenote_note":"","_monsterinsights_sitenote_category":0,"footnotes":""},"categories":[62907],"tags":[47840,43674],"class_list":["post-362745","post","type-post","status-publish","format-standard","hentry","category-derecho-de-replica","tag-derecho-de-replica","tag-opinion"],"_links":{"self":[{"href":"https:\/\/www.diarioimagen.net\/index.php?rest_route=\/wp\/v2\/posts\/362745","targetHints":{"allow":["GET"]}}],"collection":[{"href":"https:\/\/www.diarioimagen.net\/index.php?rest_route=\/wp\/v2\/posts"}],"about":[{"href":"https:\/\/www.diarioimagen.net\/index.php?rest_route=\/wp\/v2\/types\/post"}],"author":[{"embeddable":true,"href":"https:\/\/www.diarioimagen.net\/index.php?rest_route=\/wp\/v2\/users\/3"}],"replies":[{"embeddable":true,"href":"https:\/\/www.diarioimagen.net\/index.php?rest_route=%2Fwp%2Fv2%2Fcomments&post=362745"}],"version-history":[{"count":0,"href":"https:\/\/www.diarioimagen.net\/index.php?rest_route=\/wp\/v2\/posts\/362745\/revisions"}],"wp:attachment":[{"href":"https:\/\/www.diarioimagen.net\/index.php?rest_route=%2Fwp%2Fv2%2Fmedia&parent=362745"}],"wp:term":[{"taxonomy":"category","embeddable":true,"href":"https:\/\/www.diarioimagen.net\/index.php?rest_route=%2Fwp%2Fv2%2Fcategories&post=362745"},{"taxonomy":"post_tag","embeddable":true,"href":"https:\/\/www.diarioimagen.net\/index.php?rest_route=%2Fwp%2Fv2%2Ftags&post=362745"}],"curies":[{"name":"wp","href":"https:\/\/api.w.org\/{rel}","templated":true}]}}