{"id":362757,"date":"2018-02-05T00:08:40","date_gmt":"2018-02-05T06:08:40","guid":{"rendered":"http:\/\/www.diarioimagen.net\/?p=362757"},"modified":"2018-02-05T04:28:01","modified_gmt":"2018-02-05T10:28:01","slug":"fin-a-conflicto-corral-federacion","status":"publish","type":"post","link":"https:\/\/www.diarioimagen.net\/?p=362757","title":{"rendered":"Fin a conflicto Corral-federaci\u00f3n"},"content":{"rendered":"<h2>Punto por punto<\/h2>\n<h5>Augusto Corro<\/h5>\n<p>&nbsp;<\/p>\n<div id=\"attachment_362841\" style=\"width: 470px\" class=\"wp-caption aligncenter\"><a href=\"http:\/\/www.diarioimagen.net\/?attachment_id=362841\" rel=\"attachment wp-att-362841\"><img loading=\"lazy\" decoding=\"async\" aria-describedby=\"caption-attachment-362841\" class=\"size-large wp-image-362841\" src=\"http:\/\/www.diarioimagen.net\/wp-content\/uploads\/2018\/02\/termometro-LUIS-XAVIER-3299-460x353.jpg\" alt=\"\" width=\"460\" height=\"353\" srcset=\"https:\/\/www.diarioimagen.net\/wp-content\/uploads\/2018\/02\/termometro-LUIS-XAVIER-3299-460x353.jpg 460w, https:\/\/www.diarioimagen.net\/wp-content\/uploads\/2018\/02\/termometro-LUIS-XAVIER-3299-240x184.jpg 240w, https:\/\/www.diarioimagen.net\/wp-content\/uploads\/2018\/02\/termometro-LUIS-XAVIER-3299-768x590.jpg 768w, https:\/\/www.diarioimagen.net\/wp-content\/uploads\/2018\/02\/termometro-LUIS-XAVIER-3299.jpg 1200w\" sizes=\"auto, (max-width: 460px) 100vw, 460px\" \/><\/a><p id=\"caption-attachment-362841\" class=\"wp-caption-text\">Term\u00f3metro&#8230; | Luis Xavier<\/p><\/div>\n<p>&nbsp;<\/p>\n<p>Lo que amenazaba con ser un conflicto de dimensiones incalculables termin\u00f3 el fin de semana con la firma de un convenio entre el gobernador de Chihuahua, Javier Corral, de extracci\u00f3n panista, y Alfonso Navarrete Prida, secretario de Gobernaci\u00f3n.<\/p>\n<p>Hasta donde se ve el chihuahuense se sali\u00f3 con la suya.<\/p>\n<p>En el acuerdo se contempla la entrega inmediata de 900 millones de pesos que reclamaba el mandatario Corral a la Federaci\u00f3n, as\u00ed como el compromiso de acelerar la extradici\u00f3n del ex gobernador, C\u00e9sar Duarte; y trasladar de un penal estatal a uno federal a Alejandro Guti\u00e9rrez, ex secretario general adjunto del PRI, acusado de desviar dinero para la campa\u00f1a de ese partido en 2016.<\/p>\n<p>Los tres temas, sin lugar a duda, representaban un fuerte dolor de cabeza a las autoridades federales en temporada electoral, con una guerra sucia que amenaza con intensificar cada d\u00eda.<\/p>\n<p>El gobernador supo d\u00f3nde le apretaba el zapato al gobierno federal y ah\u00ed presion\u00f3 para resolver sus problemas.<\/p>\n<p>Le entregar\u00e1n de inmediato los 900 millones de pesos que reclamaba. Se agilizar\u00e1n los tr\u00e1mites para que C\u00e9sar Duarte sea deportado y aqu\u00ed en M\u00e9xico frente a la justicia por un sinn\u00famero de delitos que lo acusan, entre otros el de peculado y enriquecimiento il\u00edcito. Tambi\u00e9n surgi\u00f3 en contra del ex mandatario una denuncia por robo de ganado.<\/p>\n<p>El ex funcionario chihuahuense lleg\u00f3 a la pol\u00edtica cuando se desempe\u00f1aba como vendedor de coches seminuevos y sali\u00f3 del poder como socio del Banco Progresa. Despu\u00e9s se fue a radicar a Estados Unidos, con el prop\u00f3sito de obtener la residencia en aquel pa\u00eds, con el fin de burlar a la justicia mexicana.<\/p>\n<p>\u00bfCu\u00e1ndo traer\u00e1n a C\u00e9sar Duarte a M\u00e9xico? Es la pregunta obligada. \u00bfOcurrir\u00e1 la deportaci\u00f3n en estos meses de contienda electoral? \u00bfDejar\u00e1n el asunto para despu\u00e9s de las elecciones? Ser\u00eda muy buena idea que Javier Corral nos dijera, con la verdad, qu\u00e9 acord\u00f3 con las autoridades federales.<\/p>\n<p>Como se inform\u00f3, el gobernador de Chihuahua, panista desde su campa\u00f1a pol\u00edtica, exigi\u00f3 la detenci\u00f3n y castigo de C\u00e9sar Duarte. Como no vio que la Federaci\u00f3n moviera un dedo para castigar al ex mandatario decidi\u00f3 presionar para conseguir sus fines.<\/p>\n<p>Para tal fin Javier Corral organiz\u00f3 una marcha de chihuahuenses denominada Caravana por la Dignidad que parti\u00f3 de aquella entidad con la Ciudad de M\u00e9xico por destino. Con la firma del convenio entre la Federaci\u00f3n y el mandatario estatal finaliz\u00f3 el conflicto que se extendi\u00f3 durante varias semanas.\u00a0 Todo vuelve a la paz. \u00bfBorr\u00f3n y cuenta nueva? \u00bfUsted qu\u00e9 opina amable lector?<\/p>\n<p style=\"text-align: center;\"><strong>M\u00e1s acusaciones contra Anaya <\/strong><\/p>\n<p>La semana que termin\u00f3 no le fue muy bien al precandidato presidencial panista Ricardo Anaya en el manejo de su imagen pol\u00edtica. Para empezar, le echaron en cara su empalagoso servilismo hacia su opositor pri\u00edsta, Jos\u00e9 Antonio Meade Kuribre\u00f1a.<\/p>\n<p>Entre las razones por las que el precandidato pri\u00edsta ser\u00e1\u00a0 el pr\u00f3ximo presidente de M\u00e9xico, Anaya\u00a0 descubri\u00f3, en un video, Meade Kuribre\u00f1a como \u201cun mexicano del que nos sentimos profundamente orgullosos, de los poqu\u00edsimos mexicanos que han ocupado tres secretar\u00edas de Estado.<\/p>\n<p>\u201cEl \u00fanico que habiendo participado en dos gobiernos emanados de distintos partidos pol\u00edticos. No nos sorprende porque es una consecuencia, s\u00ed de su preparaci\u00f3n, de su solidez t\u00e9cnica, pero es sobre todo, una consecuencia natural de su verticalidad y de su extraordinaria calidad humana\u201d.<\/p>\n<p>\u00bfQu\u00e9 tal? En su defensa, Anaya dijo que esa declaraci\u00f3n ocurri\u00f3 hace varios a\u00f1os. De todas maneras se trat\u00f3 de un elogio desmedido, de pol\u00edtico demagogo.<\/p>\n<p>Tambi\u00e9n en los medios de informaci\u00f3n se conoci\u00f3 la noticia relacionada con el precandidato Anaya y su Fundaci\u00f3n por m\u00e1s Humanismo, una asociaci\u00f3n civil de filiaci\u00f3n panista, en un asunto de negocios turbios.<\/p>\n<p>Dicha fundaci\u00f3n que ten\u00eda como objetivo social\u00a0 \u201cfortalecer la conciencia democr\u00e1tica de los queretanos y su formaci\u00f3n c\u00edvico-pol\u00edtica\u201d, fue usada por el aspirante presidencial blanquiazul para hacer un millonario negocio inmobiliario con constructores amigos, mediante un complejo esquema de triangulaci\u00f3n y encubrimiento de operaciones financieras.<\/p>\n<p>Hace varios meses, tambi\u00e9n en los medios se denunci\u00f3 que \u201cen los \u00faltimos 14 a\u00f1os, la familia pol\u00edtica de Anaya, principalmente sus suegros, crearon un imperio inmobiliario, al pasar de cuatro a 17 inmuebles, que ten\u00edan un valor de 21.9 millones de pesos y actualmente valen 308, es decir 304 por ciento m\u00e1s\u201d. Vamos rumbo a la guerra sucia electoral y los ca\u00f1onazos ya van en serio.<\/p>\n<p><em><a href=\"mailto:aco2742@hotmail.com\" target=\"_blank\" rel=\"noopener\">aco2742@hotmail.com<\/a><\/em><\/p>\n","protected":false},"excerpt":{"rendered":"<p><span style=\"color: #005497;\"><strong>Augusto Corro<\/strong><\/span><br \/>\n<br \/>\nLo que amenazaba con ser un conflicto de dimensiones incalculables termin\u00f3 el fin de semana con la firma de un convenio entre el gobernador de Chihuahua, Javier Corral, de extracci\u00f3n panista, y Alfonso Navarrete Prida, secretario de Gobernaci\u00f3n.<\/p>\n","protected":false},"author":3,"featured_media":362841,"comment_status":"open","ping_status":"open","sticky":false,"template":"","format":"standard","meta":{"_monsterinsights_skip_tracking":false,"_monsterinsights_sitenote_active":false,"_monsterinsights_sitenote_note":"","_monsterinsights_sitenote_category":0,"footnotes":""},"categories":[157],"tags":[43686,43674,11515],"class_list":["post-362757","post","type-post","status-publish","format-standard","has-post-thumbnail","hentry","category-augusto-corro","tag-augusto-corro","tag-opinion","tag-punto-por-punto"],"_links":{"self":[{"href":"https:\/\/www.diarioimagen.net\/index.php?rest_route=\/wp\/v2\/posts\/362757","targetHints":{"allow":["GET"]}}],"collection":[{"href":"https:\/\/www.diarioimagen.net\/index.php?rest_route=\/wp\/v2\/posts"}],"about":[{"href":"https:\/\/www.diarioimagen.net\/index.php?rest_route=\/wp\/v2\/types\/post"}],"author":[{"embeddable":true,"href":"https:\/\/www.diarioimagen.net\/index.php?rest_route=\/wp\/v2\/users\/3"}],"replies":[{"embeddable":true,"href":"https:\/\/www.diarioimagen.net\/index.php?rest_route=%2Fwp%2Fv2%2Fcomments&post=362757"}],"version-history":[{"count":0,"href":"https:\/\/www.diarioimagen.net\/index.php?rest_route=\/wp\/v2\/posts\/362757\/revisions"}],"wp:featuredmedia":[{"embeddable":true,"href":"https:\/\/www.diarioimagen.net\/index.php?rest_route=\/wp\/v2\/media\/362841"}],"wp:attachment":[{"href":"https:\/\/www.diarioimagen.net\/index.php?rest_route=%2Fwp%2Fv2%2Fmedia&parent=362757"}],"wp:term":[{"taxonomy":"category","embeddable":true,"href":"https:\/\/www.diarioimagen.net\/index.php?rest_route=%2Fwp%2Fv2%2Fcategories&post=362757"},{"taxonomy":"post_tag","embeddable":true,"href":"https:\/\/www.diarioimagen.net\/index.php?rest_route=%2Fwp%2Fv2%2Ftags&post=362757"}],"curies":[{"name":"wp","href":"https:\/\/api.w.org\/{rel}","templated":true}]}}