{"id":362951,"date":"2018-02-06T00:08:08","date_gmt":"2018-02-06T06:08:08","guid":{"rendered":"http:\/\/www.diarioimagen.net\/?p=362951"},"modified":"2018-02-06T03:12:37","modified_gmt":"2018-02-06T09:12:37","slug":"llama-la-alcaldesa-de-cuautitlan-a-hacer-cumplir-el-bando-municipal","status":"publish","type":"post","link":"https:\/\/www.diarioimagen.net\/?p=362951","title":{"rendered":"Llama la alcaldesa de Cuautitl\u00e1n a\u00a0hacer cumplir el Bando Municipal\u00a0"},"content":{"rendered":"<ul>\n<li><em><b>Ceremonia de promulgaci\u00f3n<\/b><\/em><\/li>\n<\/ul>\n<p>&nbsp;<\/p>\n<div id=\"attachment_362952\" style=\"width: 470px\" class=\"wp-caption aligncenter\"><a href=\"http:\/\/www.diarioimagen.net\/?attachment_id=362952\" rel=\"attachment wp-att-362952\"><img loading=\"lazy\" decoding=\"async\" aria-describedby=\"caption-attachment-362952\" class=\"size-large wp-image-362952\" src=\"http:\/\/www.diarioimagen.net\/wp-content\/uploads\/2018\/02\/CUAUTITLAN-3300-460x259.jpg\" alt=\"\" width=\"460\" height=\"259\" srcset=\"https:\/\/www.diarioimagen.net\/wp-content\/uploads\/2018\/02\/CUAUTITLAN-3300-460x259.jpg 460w, https:\/\/www.diarioimagen.net\/wp-content\/uploads\/2018\/02\/CUAUTITLAN-3300-240x135.jpg 240w, https:\/\/www.diarioimagen.net\/wp-content\/uploads\/2018\/02\/CUAUTITLAN-3300-235x132.jpg 235w, https:\/\/www.diarioimagen.net\/wp-content\/uploads\/2018\/02\/CUAUTITLAN-3300-202x114.jpg 202w, https:\/\/www.diarioimagen.net\/wp-content\/uploads\/2018\/02\/CUAUTITLAN-3300-350x196.jpg 350w, https:\/\/www.diarioimagen.net\/wp-content\/uploads\/2018\/02\/CUAUTITLAN-3300-220x123.jpg 220w, https:\/\/www.diarioimagen.net\/wp-content\/uploads\/2018\/02\/CUAUTITLAN-3300-237x132.jpg 237w, https:\/\/www.diarioimagen.net\/wp-content\/uploads\/2018\/02\/CUAUTITLAN-3300.jpg 480w\" sizes=\"auto, (max-width: 460px) 100vw, 460px\" \/><\/a><p id=\"caption-attachment-362952\" class=\"wp-caption-text\">La alcaldesa,\u00a0 Ma. Guadalupe Fern\u00e1ndez S\u00e1nchez, present\u00f3 y promulg\u00f3 el Bando Municipal 2018.<\/p><\/div>\n<p>&nbsp;<\/p>\n<p>Cuautitl\u00e1n, Estado de M\u00e9xico.- Con sede en Concha Ac\u00fastica, la presidenta municipal Ma. Guadalupc Fern\u00e1ndez S\u00e1nchez y el H. Cabildo de Cuautitl\u00e1n, se dieron cita para la presentaci\u00f3n del Bando Municipal 2018.<\/p>\n<p>El concepto de municipio libre tiene su origen en un decreto de 1914 emitido por Venustiano Carranza, donde manifest\u00f3 que el municipio, es la base para la libertad pol\u00edtica de los pueblos, y una condici\u00f3n indispensable para su bienestar y prosperidad.<\/p>\n<p>La presidenta Lupita Fern\u00e1ndez destac\u00f3 que la Constituci\u00f3n Pol\u00edtica de los Estados Unidos Mexicanos y el Bando Municipal, son el pilar jur\u00eddico, para impulsar el desarrollo econ\u00f3mico y social, adem\u00e1s de ser el fundamento de las instituciones, la presidenta, tambi\u00e9n realizo un llamado a los ciudadanos y autoridades, a cumplir, y hacer cumplir su contenido, para garantizar un mejor futuro de armon\u00eda y de paz social.<\/p>\n","protected":false},"excerpt":{"rendered":"<p>Con sede en Concha Ac\u00fastica, la presidenta municipal Ma. Guadalupc Fern\u00e1ndez S\u00e1nchez y el H. Cabildo de Cuautitl\u00e1n, se dieron cita para la presentaci\u00f3n del Bando Municipal 2018.\u00a0<\/p>\n","protected":false},"author":1,"featured_media":362952,"comment_status":"open","ping_status":"open","sticky":false,"template":"","format":"standard","meta":{"_monsterinsights_skip_tracking":false,"_monsterinsights_sitenote_active":false,"_monsterinsights_sitenote_note":"","_monsterinsights_sitenote_category":0,"footnotes":""},"categories":[35155],"tags":[70498,681,43675,66685],"class_list":["post-362951","post","type-post","status-publish","format-standard","has-post-thumbnail","hentry","category-estado-de-mexico-estado-de-mexico","tag-bando-municipal-2018","tag-cuautitlan","tag-estado-de-mexico","tag-ma-guadalupe-fernandez-sanchez"],"_links":{"self":[{"href":"https:\/\/www.diarioimagen.net\/index.php?rest_route=\/wp\/v2\/posts\/362951","targetHints":{"allow":["GET"]}}],"collection":[{"href":"https:\/\/www.diarioimagen.net\/index.php?rest_route=\/wp\/v2\/posts"}],"about":[{"href":"https:\/\/www.diarioimagen.net\/index.php?rest_route=\/wp\/v2\/types\/post"}],"author":[{"embeddable":true,"href":"https:\/\/www.diarioimagen.net\/index.php?rest_route=\/wp\/v2\/users\/1"}],"replies":[{"embeddable":true,"href":"https:\/\/www.diarioimagen.net\/index.php?rest_route=%2Fwp%2Fv2%2Fcomments&post=362951"}],"version-history":[{"count":0,"href":"https:\/\/www.diarioimagen.net\/index.php?rest_route=\/wp\/v2\/posts\/362951\/revisions"}],"wp:featuredmedia":[{"embeddable":true,"href":"https:\/\/www.diarioimagen.net\/index.php?rest_route=\/wp\/v2\/media\/362952"}],"wp:attachment":[{"href":"https:\/\/www.diarioimagen.net\/index.php?rest_route=%2Fwp%2Fv2%2Fmedia&parent=362951"}],"wp:term":[{"taxonomy":"category","embeddable":true,"href":"https:\/\/www.diarioimagen.net\/index.php?rest_route=%2Fwp%2Fv2%2Fcategories&post=362951"},{"taxonomy":"post_tag","embeddable":true,"href":"https:\/\/www.diarioimagen.net\/index.php?rest_route=%2Fwp%2Fv2%2Ftags&post=362951"}],"curies":[{"name":"wp","href":"https:\/\/api.w.org\/{rel}","templated":true}]}}