{"id":362957,"date":"2018-02-06T00:06:59","date_gmt":"2018-02-06T06:06:59","guid":{"rendered":"http:\/\/www.diarioimagen.net\/?p=362957"},"modified":"2018-02-06T03:23:19","modified_gmt":"2018-02-06T09:23:19","slug":"fortalecen-en-metepec-convivencia-social-desarrollo-y-transparencia","status":"publish","type":"post","link":"https:\/\/www.diarioimagen.net\/?p=362957","title":{"rendered":"Fortalecen en Metepec convivencia\u00a0social, desarrollo y transparencia"},"content":{"rendered":"<ul>\n<li><em><b>Publican Bando Municipal, con modificaciones\u00a0<\/b><\/em><\/li>\n<\/ul>\n<p>&nbsp;<\/p>\n<div id=\"attachment_362958\" style=\"width: 470px\" class=\"wp-caption aligncenter\"><a href=\"http:\/\/www.diarioimagen.net\/?attachment_id=362958\" rel=\"attachment wp-att-362958\"><img loading=\"lazy\" decoding=\"async\" aria-describedby=\"caption-attachment-362958\" class=\"size-large wp-image-362958\" src=\"http:\/\/www.diarioimagen.net\/wp-content\/uploads\/2018\/02\/METEPEC-3300-460x259.jpg\" alt=\"\" width=\"460\" height=\"259\" srcset=\"https:\/\/www.diarioimagen.net\/wp-content\/uploads\/2018\/02\/METEPEC-3300-460x259.jpg 460w, https:\/\/www.diarioimagen.net\/wp-content\/uploads\/2018\/02\/METEPEC-3300-240x135.jpg 240w, https:\/\/www.diarioimagen.net\/wp-content\/uploads\/2018\/02\/METEPEC-3300-235x132.jpg 235w, https:\/\/www.diarioimagen.net\/wp-content\/uploads\/2018\/02\/METEPEC-3300-202x114.jpg 202w, https:\/\/www.diarioimagen.net\/wp-content\/uploads\/2018\/02\/METEPEC-3300-350x196.jpg 350w, https:\/\/www.diarioimagen.net\/wp-content\/uploads\/2018\/02\/METEPEC-3300-220x123.jpg 220w, https:\/\/www.diarioimagen.net\/wp-content\/uploads\/2018\/02\/METEPEC-3300-237x132.jpg 237w, https:\/\/www.diarioimagen.net\/wp-content\/uploads\/2018\/02\/METEPEC-3300.jpg 480w\" sizes=\"auto, (max-width: 460px) 100vw, 460px\" \/><\/a><p id=\"caption-attachment-362958\" class=\"wp-caption-text\">El Bando Municipal de Metepec 2018 fue publicado ayer por el alcalde David L\u00f3pez C\u00e1rdenas e integrantes del ayuntamiento.<\/p><\/div>\n<p>&nbsp;<\/p>\n<p>Pueblo M\u00e1gico de Metepec, M\u00e9x.- Fomentar la civilidad a trav\u00e9s de valores, establecer las bases que generen condiciones de igualdad de g\u00e9nero y de respeto de los derechos humanos, as\u00ed como incentivar el desarrollo y crecimiento urbano con orden al igual que garantizar la transparencia en el ejercicio p\u00fablico, fueron algunos de los temas que actualizados que contiene el Bando Municipal de Metepec 2018, el cual fue publicado\u00a0 por el alcalde David L\u00f3pez C\u00e1rdenas e integrantes del ayuntamiento.<\/p>\n<p>En el marco de la ceremonia conmemorativa de la promulgaci\u00f3n de la Constituci\u00f3n Mexicana de 1857 y 1917 a la que asistieron autoridades auxiliares, representantes comunitarios, miembros de distintos Consejos de participaci\u00f3n ciudadana, al igual que ex presidentes y servidores p\u00fablicos, L\u00f3pez C\u00e1rdenas hizo p\u00fablico el documento rector de la vida municipal, en el que destac\u00f3 el fortalecimiento de disposiciones que coadyuvar\u00e1n al cumplimiento de los objetivos del Plan de Desarrollo Municipal.<\/p>\n","protected":false},"excerpt":{"rendered":"<p>Fomentar la civilidad a trav\u00e9s de valores, establecer las bases que generen condiciones de igualdad de g\u00e9nero y de respeto de los derechos humanos, as\u00ed como incentivar el desarrollo y crecimiento urbano con orden al igual que garantizar la transparencia en el ejercicio p\u00fablico<\/p>\n","protected":false},"author":1,"featured_media":362958,"comment_status":"open","ping_status":"open","sticky":false,"template":"","format":"standard","meta":{"_monsterinsights_skip_tracking":false,"_monsterinsights_sitenote_active":false,"_monsterinsights_sitenote_note":"","_monsterinsights_sitenote_category":0,"footnotes":""},"categories":[35155],"tags":[48409,14250,43675,876],"class_list":["post-362957","post","type-post","status-publish","format-standard","has-post-thumbnail","hentry","category-estado-de-mexico-estado-de-mexico","tag-bando-municipal","tag-david-lopez-cardenas","tag-estado-de-mexico","tag-metepec"],"_links":{"self":[{"href":"https:\/\/www.diarioimagen.net\/index.php?rest_route=\/wp\/v2\/posts\/362957","targetHints":{"allow":["GET"]}}],"collection":[{"href":"https:\/\/www.diarioimagen.net\/index.php?rest_route=\/wp\/v2\/posts"}],"about":[{"href":"https:\/\/www.diarioimagen.net\/index.php?rest_route=\/wp\/v2\/types\/post"}],"author":[{"embeddable":true,"href":"https:\/\/www.diarioimagen.net\/index.php?rest_route=\/wp\/v2\/users\/1"}],"replies":[{"embeddable":true,"href":"https:\/\/www.diarioimagen.net\/index.php?rest_route=%2Fwp%2Fv2%2Fcomments&post=362957"}],"version-history":[{"count":0,"href":"https:\/\/www.diarioimagen.net\/index.php?rest_route=\/wp\/v2\/posts\/362957\/revisions"}],"wp:featuredmedia":[{"embeddable":true,"href":"https:\/\/www.diarioimagen.net\/index.php?rest_route=\/wp\/v2\/media\/362958"}],"wp:attachment":[{"href":"https:\/\/www.diarioimagen.net\/index.php?rest_route=%2Fwp%2Fv2%2Fmedia&parent=362957"}],"wp:term":[{"taxonomy":"category","embeddable":true,"href":"https:\/\/www.diarioimagen.net\/index.php?rest_route=%2Fwp%2Fv2%2Fcategories&post=362957"},{"taxonomy":"post_tag","embeddable":true,"href":"https:\/\/www.diarioimagen.net\/index.php?rest_route=%2Fwp%2Fv2%2Ftags&post=362957"}],"curies":[{"name":"wp","href":"https:\/\/api.w.org\/{rel}","templated":true}]}}