{"id":362986,"date":"2018-02-06T00:10:03","date_gmt":"2018-02-06T06:10:03","guid":{"rendered":"http:\/\/www.diarioimagen.net\/?p=362986"},"modified":"2018-02-07T01:52:31","modified_gmt":"2018-02-07T07:52:31","slug":"reforma-energetica-y-gasolinazos-son-anticonstitucionales","status":"publish","type":"post","link":"https:\/\/www.diarioimagen.net\/?p=362986","title":{"rendered":"Reforma energ\u00e9tica y gasolinazos\u00a0son anticonstitucionales"},"content":{"rendered":"<h2>\u00cdndice pol\u00edtico<\/h2>\n<h5>Francisco Rodr\u00edguez<\/h5>\n<p>&nbsp;<\/p>\n<div id=\"attachment_362987\" style=\"width: 470px\" class=\"wp-caption aligncenter\"><a href=\"http:\/\/www.diarioimagen.net\/?attachment_id=362987\" rel=\"attachment wp-att-362987\"><img loading=\"lazy\" decoding=\"async\" aria-describedby=\"caption-attachment-362987\" class=\"size-large wp-image-362987\" src=\"http:\/\/www.diarioimagen.net\/wp-content\/uploads\/2018\/02\/mexico-usa-MARAL-3300-460x297.jpg\" alt=\"\" width=\"460\" height=\"297\" srcset=\"https:\/\/www.diarioimagen.net\/wp-content\/uploads\/2018\/02\/mexico-usa-MARAL-3300-460x297.jpg 460w, https:\/\/www.diarioimagen.net\/wp-content\/uploads\/2018\/02\/mexico-usa-MARAL-3300-240x155.jpg 240w, https:\/\/www.diarioimagen.net\/wp-content\/uploads\/2018\/02\/mexico-usa-MARAL-3300-768x495.jpg 768w, https:\/\/www.diarioimagen.net\/wp-content\/uploads\/2018\/02\/mexico-usa-MARAL-3300.jpg 1200w\" sizes=\"auto, (max-width: 460px) 100vw, 460px\" \/><\/a><p id=\"caption-attachment-362987\" class=\"wp-caption-text\">M\u00e9xico-USA&#8230; | Maral<\/p><\/div>\n<p>&nbsp;<\/p>\n<p>La fracasada reforma energ\u00e9tica del trinomio Videgaray -Meade- Pe\u00f1a Nieto no s\u00f3lo enganch\u00f3 la soberan\u00eda nacional al cab\u00fas del Imperio, no s\u00f3lo remat\u00f3 y subast\u00f3 la geograf\u00eda territorial del pa\u00eds y caus\u00f3 un enorme desplome de la econom\u00eda mexicana, sino que dej\u00f3 huellas profundas de una impudicia anticonstitucional de dif\u00edcil resoluci\u00f3n.<\/p>\n<p><i>Gasolinazos, gasazos, tarifazos<\/i> el\u00e9ctricos y de agua, est\u00e1n \u201cfundamentados\u201d en un armado jur\u00eddico imposible de justificar. A ra\u00edz de la aprobaci\u00f3n de la llamada reforma estructural energ\u00e9tica en diciembre del 2013 se publicaron 21 leyes secundarias, 15 reglamentos y toda una parafernalia normativa para consumar el atraco. Todos ellos, anticonstitucionales.<\/p>\n<p>Teniendo como punto fundamental la \u201cactualizaci\u00f3n \u201c de los art\u00edculos 5, 27 y 28 de la Carta Magna, dizque para ubicarnos a la vanguardia de la competencia internacional, se crearon bodrios infumables que los famosos legisladores tricolores han querido heredar a todas las generaciones de mexicanos habidas y por nacer.<\/p>\n<p>Ejecutadas por Carstens, antes de ser trasladado por sus patrones neoyorquinos al lavadero monetario internacional de Basilea para seguir cumpliendo sus macabras encomiendas, el entonces gobernador de Banxico decret\u00f3 por sus pistolas precios de productos y bienes de inter\u00e9s p\u00fablico como si fueran objetos de comercio privado contando con la complicidad de la Suprema Corte de Justicia de la Naci\u00f3n.<\/p>\n<p>Carstens no s\u00f3lo se complicit\u00f3 con el trinomio referido en el saqueo de lingotes de oro de la reserva federal que fueron escondidos en para\u00edsos fiscales por valor de miles de millones de d\u00f3lares, no s\u00f3lo comprometi\u00f3 las reservas para el apoyo exclusivo del d\u00f3lar americano, no s\u00f3lo \u201ccontuvo\u201d la inflaci\u00f3n sacrificando el salario obrero, sino que&#8230;&#8230; se pas\u00f3 por su invisible arco del triunfo mandamientos constitucionales de la m\u00e1s honda tradici\u00f3n normativa para fijar a su arbitrio personal las tarifas de bienes y servicios, potestad exclusiva de las c\u00e1maras que jam\u00e1s dijeron esta boca es m\u00eda para defender a la econom\u00eda popular de atropellos deleznables.<\/p>\n<p>La reforma energ\u00e9tica elev\u00f3 a la fantasmal Comisi\u00f3n Reguladora de Energ\u00eda a un sitial injustificable, por encima de la voluntad popular, para trasladarle sus mendaces atribuciones de fijar los precios de las tarifas el\u00e9ctricas, as\u00ed como la potestad de restringir los subsidios al consumo nacional, haciendo a un lado las facultades presupuestales de la C\u00e1mara de Diputados. Otra raya m\u00e1s al tigre.<\/p>\n<p>Como es del dominio p\u00fablico, en el \u00e1mbito jur\u00eddico -administrativo del pa\u00eds existe el principio inconfundible de garant\u00eda de legalidad tributaria, que se basa en que los servicios que presta el Estado a sus gobernados se cobran por cr\u00e9ditos fiscales, es decir, ingresos ordinarios por concepto de derechos reservados al Estado por mandato constitucional antiqu\u00edsimo.<\/p>\n<p>El establecimiento de las contribuciones compete al Poder Legislativo por mandamiento de los art\u00edculos 73, fracci\u00f3n VII y 31, fracci\u00f3n IV. Todas deben tener como fundamento y origen, de manera indubitable, al Poder Legislativo, tan disminuido y tan \u201cprudente\u201d a la hora de ejercer sus facultades en beneficio del pueblo.<\/p>\n<p>Por lo tanto, las tarifas el\u00e9ctricas, as\u00ed como las restricciones al subsidio y al consumo territorial cuando fueron fijadas por Carstens y ahora por la inexistente Comisi\u00f3n Reguladora de Energ\u00eda fortalecida por Videgaray y Meade con la firma del se\u00f1or de Los Pinos, son absolutamente anticonstitucionales y pueden ser revertidas por el juicio de amparo de cada uno de los 120 millones de mexicanos.<\/p>\n<p>A no ser que se atraviese el falaz criterio jur\u00eddico de los engominados ministros de la Corte, que por una decisi\u00f3n de la togada Margarita Luna Ramos aprovechen el cabildeo de una pretendida contradicci\u00f3n de tesis jurisprudenciales en el seno de ese fat\u00eddico \u00f3rgano judicial para resolver que los bienes y servicios p\u00fablicos producidos por el Estado para el consumo de los habitantes, \u00a1se refiere a un acto de comercio entre particulares! As\u00ed, como suena.<\/p>\n<p>Calcando la interpretaci\u00f3n de dos art\u00edculos del C\u00f3digo de Comercio porfirista, aprobados por el dictador sin el concurso del Congreso decimon\u00f3nico, los ministros de la Corte, empinados por Margarita Luna Ramos, sentaron una jurisprudencia absurda e ilegal sobre los reclamos de una pl\u00e9yade de abogados y juristas encabezados por el maestro Jos\u00e9 Alberto S\u00e1nchez Nava desde hace m\u00e1s de una d\u00e9cada.<\/p>\n<p>Es decir, que el criterio de la SCJN sobre las contribuciones de los mexicanos fue reducido a un conflicto entre particulares, considerando que el acto de comercio deb\u00eda ser incoado a trav\u00e9s de un proceso por la v\u00eda ordinaria mercantil, con la pena de pagar los gastos y costas del juicio, m\u00e1s los da\u00f1os y perjuicios, a cargo de los reclamantes de amparo.<\/p>\n<p>Lo dem\u00e1s fue coser y cantar. Si usted recurr\u00eda al famoso juicio ordinario mercantil, los jueces comunes de marras le daban palo porque usted estaba contra los alt\u00edsimos y doctorales criterios de la sagrada jurisprudencia de la SCJN.<\/p>\n<p>Los servicios a la naci\u00f3n prestados oficiosa o convenientemente por la ministra de post\u00edn fueron ub\u00e9rrimamente recompensados con cargos jugoso en la magistratura. Uno de los cuales recay\u00f3 precisamente en su hermano, designado impoluto presidente del \u201cHonorable\u201d Tribunal Electoral del Poder Judicial Federal para consumar el fraude calderonista en los comicios de 2006.<\/p>\n<p>El impacto del insostenible criterio de la <i>Corte<\/i> alcanz\u00f3 a da\u00f1ar gravemente a la econom\u00eda nacional, no s\u00f3lo al honor de los mexicanos. Alrededor del 30% de los ingresos de las empresas, factor\u00edas y negocios fueron disminuidos por las aberrantes tarifas el\u00e9ctricas nacionales que el Estado asest\u00f3 como una pu\u00f1alada al inter\u00e9s p\u00fablico.<\/p>\n<p>Las cantinelas sobre el sexenio del empleo calderonista y pe\u00f1anietista, as\u00ed como el horrendo <i>mexican moment<\/i> del siglo y los bolsillos de los mexicanos fueron arrasados por la misma claque de pistoleros embozados. Los abogados reclamantes se han encargado de recordar ese absurdo jur\u00eddico cometido por Carstens.<\/p>\n<p>Un decreto hacendario expedido por quien hoy est\u00e1 sentado en el <i>lavadero <\/i>de Basilea, despu\u00e9s asumido como ley general de observancia obligatoria, decidi\u00f3 que todo causante fiscal al borde de la pobreza fuera exhibido en el bur\u00f3 de cr\u00e9dito del aparato, infligiendo a los mexicanos el delito de suma injuria definido por el art\u00edculo 22 Constitucional que proh\u00edbe azotes, penas corporales injustificadas, infamias y ejecuciones sumarias.<\/p>\n<p>Y es que, como cualquier mexicano sabe, el procedimiento infamante del bur\u00f3 de cr\u00e9dito fue calcado de las pr\u00e1cticas yanquis para que las distribuidoras de autos en M\u00e9xico ajusticiaran moralmente a sus deudores. Pero jam\u00e1s para que un tecn\u00f3crata a cargo del Banco de M\u00e9xico lesionara el prestigio de los ciudadanos, a trav\u00e9s de una interpretaci\u00f3n rid\u00edcula y anticonstitucional.<\/p>\n<p>Las injurias, infamias, azotes p\u00fablicos y penas inusitadas y trascendentales impuestas por al pueblo de M\u00e9xico est\u00e1n por cobrarse.<\/p>\n<p>Quedan como un juego de tretas las reformas al C\u00f3digo Federal de Procedimientos Civiles que quisieron catalogar como infamantes las llamadas ofensas de los periodistas a los rateros del gabinete y las gubernaturas. Se quedan absolutamente cortas. Las aut\u00e9nticas son las de esa pandilla de facinerosos que nos han dejado en la ruina, desde el abuso, la ignorancia y la prepotencia. Usted tiene la palabra el pr\u00f3ximo primero de julio. \u00a1Nos vemos en las urnas!<\/p>\n<p>&nbsp;<\/p>\n<p><b><i>\u00cdndice Flam\u00edgero<\/i><\/b><i>: <\/i>Y ayer, en Quer\u00e9taro, los pomposos discursos le\u00eddos en teleprompter, \u201chonrando\u201d a una Constituci\u00f3n que ya no existe, que no se respeta, que se enmienda, reforma y hasta tergiversa. Kafkiano evento, la verdad. + + + Sobre Rex Tillerson nos escribe hoy don Rub\u00e9n M\u00fajica V\u00e9lez: \u201cEn repetici\u00f3n puntual de los a\u00f1ejos yanquis \u2018arrogantes por el poder\u2019, acudi\u00f3 a nuestro pa\u00eds para: 1) Prevenirnos de los \u2018tent\u00e1culos\u2019 rusos en las pr\u00f3ximas elecciones; obvio para impulsar a Meade precandidato tricolor. Creo que aunque en la caso nuestro se equivoca, revela que sabe de lo que se\u00f1ala: Trump, para ganar entre los \u2018grandes electores\u2019 yanquis, aunque voto a voto perdi\u00f3 ante a la \u2018Caperucita\u2019 Hillary Clinton. Para ese triunfo, Trump necesit\u00f3 del apoyo del <i>tovarich<\/i> Putin. Aunque lo ha negado, est\u00e1 feliz porque parece estar saliendo del atolladero que lo sacar\u00eda de la Casa Negra yanqui. 2) Pontificar acerca de los gobiernos dictatoriales de Am\u00e9rica Latina que amenazan la paz continental. \u00a1Ayyyy don Tillerson, nosotros conocemos nuestra historia y sabemos acerca de las m\u00e1s de 100 ocasiones en que han <b>invadido<\/b> a M\u00e9xico! \u00a1No venga a vender chiles en Jalapa! De paso un consejo: su actitud de vaquero mat\u00f3n, solo le quedaba a John Wayne. Que no olvide la runfla de viejos que aplauden a Trump y quieren crear guerras en que mueren j\u00f3venes, sabr\u00e1 contenerlos los dem\u00f3cratas. \u00a1Usted tuvo raz\u00f3n al despreciar el IQ del energ\u00fameno de su patroncito azafranado!\u201d<\/p>\n<p><em><a href=\"http:\/\/www.indicepolitico.com\/\" target=\"_blank\" rel=\"noopener\">www.indicepolitico.com<\/a><\/em><br \/>\n<em><a href=\"mailto:pacorodriguez@journalist.com\" target=\"_blank\" rel=\"noopener\">pacorodriguez@journalist.com<\/a><\/em><br \/>\n<em> <a href=\"https:\/\/twitter.com\/pacorodriguez\" target=\"_blank\" rel=\"noopener\">@pacorodriguez<\/a><\/em><\/p>\n","protected":false},"excerpt":{"rendered":"<p><span style=\"color: #005497;\"><strong>Francisco Rodr\u00edguez<\/strong><\/span><br \/>\n<br \/>\nLa fracasada reforma energ\u00e9tica del trinomio Videgaray -Meade- Pe\u00f1a Nieto no s\u00f3lo enganch\u00f3 la soberan\u00eda nacional al cab\u00fas del Imperio, no s\u00f3lo remat\u00f3 y subast\u00f3 la geograf\u00eda territorial del pa\u00eds y caus\u00f3 un enorme desplome de la econom\u00eda mexicana, sino que dej\u00f3 huellas profundas de una impudicia anticonstitucional de dif\u00edcil resoluci\u00f3n.<\/p>\n","protected":false},"author":1,"featured_media":362987,"comment_status":"open","ping_status":"open","sticky":false,"template":"","format":"standard","meta":{"_monsterinsights_skip_tracking":false,"_monsterinsights_sitenote_active":false,"_monsterinsights_sitenote_note":"","_monsterinsights_sitenote_category":0,"footnotes":""},"categories":[549],"tags":[43689,43674],"class_list":["post-362986","post","type-post","status-publish","format-standard","has-post-thumbnail","hentry","category-francisco-rodriguez","tag-francisco-rodriguez","tag-opinion"],"_links":{"self":[{"href":"https:\/\/www.diarioimagen.net\/index.php?rest_route=\/wp\/v2\/posts\/362986","targetHints":{"allow":["GET"]}}],"collection":[{"href":"https:\/\/www.diarioimagen.net\/index.php?rest_route=\/wp\/v2\/posts"}],"about":[{"href":"https:\/\/www.diarioimagen.net\/index.php?rest_route=\/wp\/v2\/types\/post"}],"author":[{"embeddable":true,"href":"https:\/\/www.diarioimagen.net\/index.php?rest_route=\/wp\/v2\/users\/1"}],"replies":[{"embeddable":true,"href":"https:\/\/www.diarioimagen.net\/index.php?rest_route=%2Fwp%2Fv2%2Fcomments&post=362986"}],"version-history":[{"count":0,"href":"https:\/\/www.diarioimagen.net\/index.php?rest_route=\/wp\/v2\/posts\/362986\/revisions"}],"wp:featuredmedia":[{"embeddable":true,"href":"https:\/\/www.diarioimagen.net\/index.php?rest_route=\/wp\/v2\/media\/362987"}],"wp:attachment":[{"href":"https:\/\/www.diarioimagen.net\/index.php?rest_route=%2Fwp%2Fv2%2Fmedia&parent=362986"}],"wp:term":[{"taxonomy":"category","embeddable":true,"href":"https:\/\/www.diarioimagen.net\/index.php?rest_route=%2Fwp%2Fv2%2Fcategories&post=362986"},{"taxonomy":"post_tag","embeddable":true,"href":"https:\/\/www.diarioimagen.net\/index.php?rest_route=%2Fwp%2Fv2%2Ftags&post=362986"}],"curies":[{"name":"wp","href":"https:\/\/api.w.org\/{rel}","templated":true}]}}