{"id":363121,"date":"2018-02-07T00:09:19","date_gmt":"2018-02-07T06:09:19","guid":{"rendered":"http:\/\/www.diarioimagen.net\/?p=363121"},"modified":"2018-02-07T02:03:48","modified_gmt":"2018-02-07T08:03:48","slug":"anuncian-en-metepec-cierres-por-modernizacion-de-la-leona-vicario","status":"publish","type":"post","link":"https:\/\/www.diarioimagen.net\/?p=363121","title":{"rendered":"Anuncian en Metepec cierres por modernizaci\u00f3n de la Leona Vicario"},"content":{"rendered":"<ul>\n<li><strong><em>Los trabajos se realizar\u00e1n del 15 de febrero al 15 de julio<\/em><\/strong><\/li>\n<\/ul>\n<p>&nbsp;<\/p>\n<div id=\"attachment_363180\" style=\"width: 470px\" class=\"wp-caption aligncenter\"><a href=\"http:\/\/www.diarioimagen.net\/?attachment_id=363180\" rel=\"attachment wp-att-363180\"><img loading=\"lazy\" decoding=\"async\" aria-describedby=\"caption-attachment-363180\" class=\"size-large wp-image-363180\" src=\"http:\/\/www.diarioimagen.net\/wp-content\/uploads\/2018\/02\/METEPEC-3301-460x259.jpg\" alt=\"\" width=\"460\" height=\"259\" srcset=\"https:\/\/www.diarioimagen.net\/wp-content\/uploads\/2018\/02\/METEPEC-3301-460x259.jpg 460w, https:\/\/www.diarioimagen.net\/wp-content\/uploads\/2018\/02\/METEPEC-3301-240x135.jpg 240w, https:\/\/www.diarioimagen.net\/wp-content\/uploads\/2018\/02\/METEPEC-3301-235x132.jpg 235w, https:\/\/www.diarioimagen.net\/wp-content\/uploads\/2018\/02\/METEPEC-3301-202x114.jpg 202w, https:\/\/www.diarioimagen.net\/wp-content\/uploads\/2018\/02\/METEPEC-3301-350x196.jpg 350w, https:\/\/www.diarioimagen.net\/wp-content\/uploads\/2018\/02\/METEPEC-3301-220x123.jpg 220w, https:\/\/www.diarioimagen.net\/wp-content\/uploads\/2018\/02\/METEPEC-3301-237x132.jpg 237w, https:\/\/www.diarioimagen.net\/wp-content\/uploads\/2018\/02\/METEPEC-3301.jpg 480w\" sizes=\"auto, (max-width: 460px) 100vw, 460px\" \/><\/a><p id=\"caption-attachment-363180\" class=\"wp-caption-text\">Los trabajos de la rehabilitaci\u00f3n de la avenida Leona Vicario se realizar\u00e1n del 15 de febrero al 15 de julio de 2018.<\/p><\/div>\n<p>&nbsp;<\/p>\n<p><strong>Metepec, Estado de M\u00e9xico<\/strong>.-\u00a0Como parte de la modernizaci\u00f3n de avenida Leona Vicario, del 15 de febrero al 15 de junio del presente a\u00f1o, el Ayuntamiento de Metepec, a trav\u00e9s de la Direcci\u00f3n de Obras P\u00fablicas, realizar\u00e1 trabajos para la repavimentaci\u00f3n con concreto hidr\u00e1ulico en el tramo comprendido de la avenida Benito Ju\u00e1rez a la calle Guadalupe Victoria.<\/p>\n<p>Para la conclusi\u00f3n de esta obra se realizar\u00e1n cortes parciales en la circulaci\u00f3n vial: el primero ser\u00e1 de direcci\u00f3n oriente a poniente, es decir, de Benito Ju\u00e1rez a Guadalupe Victoria; mientras que el segundo ser\u00e1 a la inversa, llev\u00e1ndose a cabo con apoyo de elementos de Seguridad P\u00fablica y Tr\u00e1nsito del municipio, quienes orientar\u00e1n en todo momento a los automovilistas que transitan la zona.<\/p>\n<p>El director de Obras P\u00fablicas, Edmundo Baeza V\u00e1zquez, destac\u00f3 que la red terrestre juega un papel preponderante en el bienestar y la calidad de vida de la poblaci\u00f3n, por lo que en Metepec se apuesta por generar condiciones de infraestructura b\u00e1sica duraderas, beneficiando la movilidad, disminuyendo tiempos de traslado, as\u00ed como emisiones de gases contaminantes. Adem\u00e1s, detall\u00f3 que debido al material utilizado se estima una vida \u00fatil de la obra superior a los 30 a\u00f1os.<\/p>\n<p>La modernizaci\u00f3n de la avenida Leona Vicario en su segunda etapa -contemplada en el Plan Anual de Obra P\u00fablica 2018 aprobado en sesi\u00f3n de cabildo-\u00a0 es considerada uno de los trabajos m\u00e1s importantes debido a la din\u00e1mica comercial de la zona. De igual forma ser\u00e1 sustituida parte de la infraestructura hidr\u00e1ulica para mejorar el abasto de agua.<\/p>\n<p>Hay que recordar que en su primera etapa, se intervino Leona Vicario desde la avenida Ignacio Comonfort hasta Benito Ju\u00e1rez, en ambos sentidos.<\/p>\n<p>Para mayor informaci\u00f3n, se podr\u00e1 consultar las cuentas en Twitter\u00a0 @MetepecGobierno y @MetepecObras, as\u00ed como las p\u00e1ginas en Facebook de Ayuntamiento Metepec y Metepec Obras P\u00fablicas.<\/p>\n","protected":false},"excerpt":{"rendered":"<p>Como parte de la modernizaci\u00f3n de avenida Leona Vicario, del 15 de febrero al 15 de junio del presente a\u00f1o, el Ayuntamiento de Metepec, a trav\u00e9s de la Direcci\u00f3n de Obras P\u00fablicas, realizar\u00e1 trabajos para la repavimentaci\u00f3n con concreto hidr\u00e1ulico en el tramo comprendido de la avenida Benito Ju\u00e1rez a la calle Guadalupe Victoria.<\/p>\n","protected":false},"author":3,"featured_media":363180,"comment_status":"open","ping_status":"open","sticky":false,"template":"","format":"standard","meta":{"_monsterinsights_skip_tracking":false,"_monsterinsights_sitenote_active":false,"_monsterinsights_sitenote_note":"","_monsterinsights_sitenote_category":0,"footnotes":""},"categories":[35155],"tags":[43675,7775,876,12464],"class_list":["post-363121","post","type-post","status-publish","format-standard","has-post-thumbnail","hentry","category-estado-de-mexico-estado-de-mexico","tag-estado-de-mexico","tag-leona-vicario","tag-metepec","tag-modernizacion"],"_links":{"self":[{"href":"https:\/\/www.diarioimagen.net\/index.php?rest_route=\/wp\/v2\/posts\/363121","targetHints":{"allow":["GET"]}}],"collection":[{"href":"https:\/\/www.diarioimagen.net\/index.php?rest_route=\/wp\/v2\/posts"}],"about":[{"href":"https:\/\/www.diarioimagen.net\/index.php?rest_route=\/wp\/v2\/types\/post"}],"author":[{"embeddable":true,"href":"https:\/\/www.diarioimagen.net\/index.php?rest_route=\/wp\/v2\/users\/3"}],"replies":[{"embeddable":true,"href":"https:\/\/www.diarioimagen.net\/index.php?rest_route=%2Fwp%2Fv2%2Fcomments&post=363121"}],"version-history":[{"count":0,"href":"https:\/\/www.diarioimagen.net\/index.php?rest_route=\/wp\/v2\/posts\/363121\/revisions"}],"wp:featuredmedia":[{"embeddable":true,"href":"https:\/\/www.diarioimagen.net\/index.php?rest_route=\/wp\/v2\/media\/363180"}],"wp:attachment":[{"href":"https:\/\/www.diarioimagen.net\/index.php?rest_route=%2Fwp%2Fv2%2Fmedia&parent=363121"}],"wp:term":[{"taxonomy":"category","embeddable":true,"href":"https:\/\/www.diarioimagen.net\/index.php?rest_route=%2Fwp%2Fv2%2Fcategories&post=363121"},{"taxonomy":"post_tag","embeddable":true,"href":"https:\/\/www.diarioimagen.net\/index.php?rest_route=%2Fwp%2Fv2%2Ftags&post=363121"}],"curies":[{"name":"wp","href":"https:\/\/api.w.org\/{rel}","templated":true}]}}