{"id":363234,"date":"2018-02-08T00:11:48","date_gmt":"2018-02-08T06:11:48","guid":{"rendered":"http:\/\/www.diarioimagen.net\/?p=363234"},"modified":"2018-02-08T02:01:40","modified_gmt":"2018-02-08T08:01:40","slug":"tlahuac-unica-zona-de-cdmx-ligada-con-narco-mancera","status":"publish","type":"post","link":"https:\/\/www.diarioimagen.net\/?p=363234","title":{"rendered":"Tl\u00e1huac, \u00fanica zona ligada con el \u201cnarco\u201d: Mancera"},"content":{"rendered":"<ul>\n<li><strong><em>Investigaci\u00f3n a fondo sobre aparici\u00f3n de mantas<\/em><\/strong><\/li>\n<\/ul>\n<p>&nbsp;<\/p>\n<div id=\"attachment_363235\" style=\"width: 470px\" class=\"wp-caption aligncenter\"><img loading=\"lazy\" decoding=\"async\" aria-describedby=\"caption-attachment-363235\" class=\"wp-image-363235 size-large\" src=\"http:\/\/www.diarioimagen.net\/wp-content\/uploads\/2018\/02\/CEDA8-portal-460x268.png\" alt=\"\" width=\"460\" height=\"268\" srcset=\"https:\/\/www.diarioimagen.net\/wp-content\/uploads\/2018\/02\/CEDA8-portal-460x268.png 460w, https:\/\/www.diarioimagen.net\/wp-content\/uploads\/2018\/02\/CEDA8-portal-240x140.png 240w, https:\/\/www.diarioimagen.net\/wp-content\/uploads\/2018\/02\/CEDA8-portal.png 480w\" sizes=\"auto, (max-width: 460px) 100vw, 460px\" \/><p id=\"caption-attachment-363235\" class=\"wp-caption-text\">Miguel \u00c1ngel Mancera Espinosa reconoci\u00f3 que hay un serio problemas de narcomenudeo en la delegaci\u00f3n Tl\u00e1huac.<\/p><\/div>\n<p>&nbsp;<\/p>\n<p>El jefe de gobierno de la CDMX, Miguel \u00c1ngel Mancera Espinosa, reconoci\u00f3 que la delegaci\u00f3n Tl\u00e1huac es el \u00fanico punto en la Ciudad de M\u00e9xico donde el gobierno federal ha detectado problemas de narcomenudeo.<\/p>\n<p>\u201cNosotros lo vamos a tomar con toda la seriedad. La pl\u00e1tica que tuve con el secretario de Gobernaci\u00f3n, fue en ese sentido: el \u00fanico objetivo que se tiene en este momento que puede estar vinculado con temas de narcotr\u00e1fico, modalidad narcomenudeo es Tl\u00e1huac\u201d.<\/p>\n<p>Mancera reiter\u00f3 que no hay presencia o incursi\u00f3n del C\u00e1rtel Jalisco en la CDMX; sin embargo, dijo que se investigar\u00e1 con todo rigor la aparici\u00f3n de mantas atribuidas\u00a0 a este grupo delictivo.<\/p>\n<p>Mancera Espinosa neg\u00f3 que haya presencia o incursi\u00f3n del C\u00e1rtel Jalisco en la ciudad, tras hablarlo directamente con el secretario de Gobernaci\u00f3n, Alfonso Navarrete Prida, empero, asegur\u00f3 que se investigar\u00e1 con toda seriedad la aparici\u00f3n de las mantas. \u201cHoy Tl\u00e1huac es el objetivo que sigue siendo punto de operaci\u00f3n de gabinete\u201d.<\/p>\n<p>\u201cLa pl\u00e1tica que tuve con el secretario de Gobernaci\u00f3n, fue en ese sentido: el \u00fanico objetivo que se tiene en este momento que puede estar vinculado con temas de narcotr\u00e1fico, modalidad narcomenudeo es Tl\u00e1huac\u201d, dijo.<\/p>\n<p>\u201cEsa informaci\u00f3n fue aclarada por el procurador general de la Rep\u00fablica en su momento, despu\u00e9s por la procuradora general de la Rep\u00fablica de manera directa y posteriormente con el subprocurador, quien lo hizo en su visita al C5 de manera directa\u201d.<\/p>\n<p>El mandatario capitalino explic\u00f3 que la delegaci\u00f3n el \u00fanico punto que tiene la federaci\u00f3n bajo investigaci\u00f3n y trabajo de gabinete.<\/p>\n<p>\u201cHoy Tl\u00e1huac es el objetivo que sigue siendo punto de operaci\u00f3n de gabinete y por supuesto tambi\u00e9n de territorio, no hemos terminado ah\u00ed, pero no tuve ninguna otra noticia de ning\u00fan otro grupo delictivo\u201d.<\/p>\n<p>\u201cNo podemos descartar que aqu\u00ed se han capturado objetivos y se han hecho seguimientos de operadores financieros\u201d Asegur\u00f3 que no se puede descartar la presencia de personas relacionadas con el crimen, pues en la capital se han detenido operadores financieros o a criminales a los que se les da seguimiento.<\/p>\n<p>\u201cDe lo que le pregunt\u00e9 a \u00e9l (secretario de Gobernaci\u00f3n) si hab\u00eda otra preocupaci\u00f3n o si hab\u00eda alg\u00fan otro grupo, me dijo expresamente que no\u201d, afirm\u00f3 Mancera.<\/p>\n<p>\u201cNo podremos descartar lo que ya hemos platicado, que aqu\u00ed se han capturado objetivos, que aqu\u00ed se han hecho seguimientos de operadores financieros\u201d, coment\u00f3. Ayer se inform\u00f3 sobre el hallazgo de un mensaje en una manta en la Ciudad de M\u00e9xico, que se atribuye presuntamente el C\u00e1rtel Jalisco Nueva Generaci\u00f3n.<\/p>\n<p>En la misiva, lanzan amenazas contra personal que labora en la Fiscal\u00eda para la Investigaci\u00f3n del Delito de Narcomenudeo de la Procuradur\u00eda General de Justicia capitalina, la Polic\u00eda Federal y a un\u00a0 supuesto c\u00e1rtel en la delegaci\u00f3n Coyoac\u00e1n.<\/p>\n<p>Este mensaje se sum\u00f3 al que dejaron el pasado 7 de enero en un puente cerca de la fiscal\u00eda de narcomenudeo, en la delegaci\u00f3n Azcapotzalco.<\/p>\n","protected":false},"excerpt":{"rendered":"<p>El jefe de gobierno de la CDMX, Miguel \u00c1ngel Mancera Espinosa, reconoci\u00f3 que la delegaci\u00f3n Tl\u00e1huac es el \u00fanico punto en la Ciudad de M\u00e9xico donde el gobierno federal ha detectado problemas de narcomenudeo.<\/p>\n","protected":false},"author":5,"featured_media":363235,"comment_status":"open","ping_status":"open","sticky":false,"template":"","format":"standard","meta":{"_monsterinsights_skip_tracking":false,"_monsterinsights_sitenote_active":false,"_monsterinsights_sitenote_note":"","_monsterinsights_sitenote_category":0,"footnotes":""},"categories":[6],"tags":[70564,70565,204,5314,12830],"class_list":["post-363234","post","type-post","status-publish","format-standard","has-post-thumbnail","hentry","category-cd-de-mexico","tag-aparicion-de-mantas","tag-cartel-de-jalisco","tag-ciudad-de-mexico","tag-miguel-angel-mancera-espinosa","tag-tlahuac"],"_links":{"self":[{"href":"https:\/\/www.diarioimagen.net\/index.php?rest_route=\/wp\/v2\/posts\/363234","targetHints":{"allow":["GET"]}}],"collection":[{"href":"https:\/\/www.diarioimagen.net\/index.php?rest_route=\/wp\/v2\/posts"}],"about":[{"href":"https:\/\/www.diarioimagen.net\/index.php?rest_route=\/wp\/v2\/types\/post"}],"author":[{"embeddable":true,"href":"https:\/\/www.diarioimagen.net\/index.php?rest_route=\/wp\/v2\/users\/5"}],"replies":[{"embeddable":true,"href":"https:\/\/www.diarioimagen.net\/index.php?rest_route=%2Fwp%2Fv2%2Fcomments&post=363234"}],"version-history":[{"count":0,"href":"https:\/\/www.diarioimagen.net\/index.php?rest_route=\/wp\/v2\/posts\/363234\/revisions"}],"wp:featuredmedia":[{"embeddable":true,"href":"https:\/\/www.diarioimagen.net\/index.php?rest_route=\/wp\/v2\/media\/363235"}],"wp:attachment":[{"href":"https:\/\/www.diarioimagen.net\/index.php?rest_route=%2Fwp%2Fv2%2Fmedia&parent=363234"}],"wp:term":[{"taxonomy":"category","embeddable":true,"href":"https:\/\/www.diarioimagen.net\/index.php?rest_route=%2Fwp%2Fv2%2Fcategories&post=363234"},{"taxonomy":"post_tag","embeddable":true,"href":"https:\/\/www.diarioimagen.net\/index.php?rest_route=%2Fwp%2Fv2%2Ftags&post=363234"}],"curies":[{"name":"wp","href":"https:\/\/api.w.org\/{rel}","templated":true}]}}