{"id":363240,"date":"2018-02-08T00:07:27","date_gmt":"2018-02-08T06:07:27","guid":{"rendered":"http:\/\/www.diarioimagen.net\/?p=363240"},"modified":"2018-02-08T23:19:34","modified_gmt":"2018-02-09T05:19:34","slug":"sera-edomex-principal-centro-logistico-del-pais-del-mazo","status":"publish","type":"post","link":"https:\/\/www.diarioimagen.net\/?p=363240","title":{"rendered":"Ser\u00e1 Edomex principal centro log\u00edstico del pa\u00eds: Del Mazo"},"content":{"rendered":"<ul>\n<li><em><strong>Instala Gabinete Especializado de Infraestructura<\/strong><\/em><\/li>\n<li><em><strong>Disminuir los niveles de pobreza y desigualdad, la meta<\/strong><\/em><\/li>\n<\/ul>\n<p>&nbsp;<\/p>\n<div id=\"attachment_363247\" style=\"width: 470px\" class=\"wp-caption aligncenter\"><img loading=\"lazy\" decoding=\"async\" aria-describedby=\"caption-attachment-363247\" class=\"wp-image-363247 size-large\" src=\"http:\/\/www.diarioimagen.net\/wp-content\/uploads\/2018\/02\/DEl-MAZO-8-ok-portal-460x268.png\" alt=\"\" width=\"460\" height=\"268\" srcset=\"https:\/\/www.diarioimagen.net\/wp-content\/uploads\/2018\/02\/DEl-MAZO-8-ok-portal-460x268.png 460w, https:\/\/www.diarioimagen.net\/wp-content\/uploads\/2018\/02\/DEl-MAZO-8-ok-portal-240x140.png 240w, https:\/\/www.diarioimagen.net\/wp-content\/uploads\/2018\/02\/DEl-MAZO-8-ok-portal.png 480w\" sizes=\"auto, (max-width: 460px) 100vw, 460px\" \/><p id=\"caption-attachment-363247\" class=\"wp-caption-text\">Instal\u00f3 Alfredo Del Mazo el Gabinete Especializado de Infraestructura para hacer del Estado de M\u00e9xico, una entidad m\u00e1s competitiva.<\/p><\/div>\n<p>&nbsp;<\/p>\n<p><strong>Toluca, Estado de M\u00e9xico<\/strong>.- El gobernador\u00a0 Alfredo Del Mazo Maza instal\u00f3 el Gabinete Especializado de Infraestructura, el cual trabajar\u00e1 para que el Estado de M\u00e9xico se convierta en el centro log\u00edstico del pa\u00eds y con ello, fortalecer la econom\u00eda estatal, disminuir los niveles de pobreza y desigualdad y ser una entidad m\u00e1s competitiva.<\/p>\n<p>\u201cEstas instrucciones generales nos permitir\u00e1n dar a nuestras acciones inmediatas y futuras, la direcci\u00f3n adecuada para fortalecer nuestras ventajas competitivas, y con ello, hacer del Estado de M\u00e9xico el centro log\u00edstico del pa\u00eds.<\/p>\n<p>\u201cCon el trabajo y el esfuerzo conjunto de los integrantes de este gabinete, continuaremos avanzando para hacer de nuestra econom\u00eda una de las m\u00e1s fuertes y competitivas de todo el pa\u00eds, sin perder de vista nuestro compromiso fundamental de disminuir la desigualdad y la pobreza existente en nuestro estado\u201d.<\/p>\n<p>Luego de tomar protesta a los integrantes de este gabinete, Del Mazo Maza destac\u00f3 que invertir en infraestructura b\u00e1sica, social o de alto impacto, cumplir\u00e1 con el compromiso de disminuir la pobreza y las brechas de desigualdad.<\/p>\n<p>\u201cEsta administraci\u00f3n tiene la visi\u00f3n de un Estado de M\u00e9xico m\u00e1s conectado con el pa\u00eds y con el mundo y m\u00e1s integrado entre sus municipios, la modernizaci\u00f3n de la infraestructura es una pol\u00edtica p\u00fablica que estimula la productividad y ampl\u00eda las perspectivas de desarrollo econ\u00f3mico\u201d, puntualiz\u00f3.<\/p>\n<p>Se\u00f1al\u00f3 que actualmente se desarrollan, en coordinaci\u00f3n con el gobierno federal, obras de alto impacto y de las m\u00e1s importantes en la historia reciente del pa\u00eds, como el Nuevo Aeropuerto Internacional de M\u00e9xico, que se convertir\u00e1 en un polo de desarrollo para la regi\u00f3n de Texcoco, por lo cual se realiza el Plan de Desarrollo Urbano de la Regi\u00f3n Valle Cuautitl\u00e1n-Texcoco, y el Plan Parcial de Desarrollo Urbano del Nuevo Aeropuerto de M\u00e9xico.<\/p>\n<p>Adem\u00e1s del Tren Interurbano M\u00e9xico-Toluca, que correr\u00e1 de Zinacantepec en el Estado de M\u00e9xico, hasta la estaci\u00f3n del Metro de Observatorio en la Ciudad de M\u00e9xico.<\/p>\n<p>Estas obras, dijo el mandatario estatal, se suman a la inauguraci\u00f3n del tramo Atlacomulco-Jilotepec del Arco Norte, autopista que conecta la red carretera del norte de la entidad con la zona del Golfo y el Pac\u00edfico, y que permite mejorar las condiciones de comercializaci\u00f3n de los productos mexiquenses de esta regi\u00f3n.<\/p>\n<p>\u201cEn su conjunto, el desarrollo de infraestructura en el Estado de M\u00e9xico ser\u00e1 una palanca de desarrollo que tendr\u00e1 un impacto transversal sobre todas las actividades productivas y sociales de la entidad, y que nos permitir\u00e1 construir con comunidades unidas, hogares s\u00f3lidos y familias fuertes\u201d, manifest\u00f3.<\/p>\n<p>El Gobernador mexiquense detall\u00f3 que se impulsar\u00e1 la infraestructura b\u00e1sica para disminuir los niveles de marginaci\u00f3n y aumentar la calidad de vida de la poblaci\u00f3n, al acercar servicios como drenaje, agua, as\u00ed como programas para techos y pisos firmes.<\/p>\n<p>Aunado a ello, solicit\u00f3 coordinarse con el Gabinete de Desarrollo Social, para llevar a cabo un diagn\u00f3stico sobre la infraestructura b\u00e1sica y social del estado.<\/p>\n<p>Mientras que con infraestructura social, a\u00f1adi\u00f3, se consolidar\u00e1 el rubro de salud y educaci\u00f3n, al ampliar su cobertura, rehabilitando sus instalaciones y renovando su equipamiento tecnol\u00f3gico, adem\u00e1s de mejorar los edificios p\u00fablicos, para garantizar una atenci\u00f3n de calidad y excelencia.<\/p>\n<p>Alfredo Del Mazo sostuvo que uno de los principales retos de este gabinete es mejorar la movilidad, con sistemas de transporte limpios, eficientes y seguros, por lo que instruy\u00f3 a concluir los an\u00e1lisis de los nuevos proyectos de Mexib\u00fas y Mexicable, para iniciar con su construcci\u00f3n este a\u00f1o.<\/p>\n<p>El mandatario estatal dio a conocer que se trabajar\u00e1 tambi\u00e9n en la conclusi\u00f3n de autopistas, en la conservaci\u00f3n y desarrollo de caminos rurales, el mejoramiento de carreteras libres de peaje, el fortalecimiento de la infraestructura vial y urbana, para tener una mejor conectividad y fortalecer la econom\u00eda de la entidad con la llegada de m\u00e1s inversiones.<\/p>\n<p>\u201cCuento con la capacidad, el profesionalismo y el compromiso de cada uno de ustedes, para hacer de la infraestructura el principal apoyo de la competitividad, la productividad y el crecimiento del Estado de M\u00e9xico\u201d, se\u00f1al\u00f3 Alfredo Del Mazo.<\/p>\n<p>Este gabinete estar\u00e1 integrado por Alejandro Ozuna Rivero, Secretario General de Gobierno; Luis Lim\u00f3n Ch\u00e1vez, Secretario de Comunicaciones; Rodrigo Jarque Lira, Secretario de Finanzas; Rafael D\u00edaz Leal Barrueta; Secretario de Obra P\u00fablica.<\/p>\n<p>Tambi\u00e9n por Raymundo Mart\u00ednez Carbajal, Secretario de Movilidad; Eriko Flores P\u00e9rez, Secretario T\u00e9cnico de Gabinete; Javier Vargas Zempoalt\u00e9catl, Secretario de Contralor\u00eda; Alejandro Fern\u00e1ndez Campillo, Secretario de Educaci\u00f3n; Gabriel O\u201dShea Cuevas, Secretario de Salud y Raymundo Balboa Cruz, Jefe de la Oficina de la Gubernatura.<\/p>\n","protected":false},"excerpt":{"rendered":"<p>El gobernador  Alfredo Del Mazo Maza instal\u00f3 el Gabinete Especializado de Infraestructura, el cual trabajar\u00e1 para que el Estado de M\u00e9xico se convierta en el centro log\u00edstico del pa\u00eds y con ello, fortalecer la econom\u00eda estatal, disminuir los niveles de pobreza y desigualdad y ser una entidad m\u00e1s competitiva.<\/p>\n","protected":false},"author":5,"featured_media":363247,"comment_status":"open","ping_status":"open","sticky":false,"template":"","format":"standard","meta":{"_monsterinsights_skip_tracking":false,"_monsterinsights_sitenote_active":false,"_monsterinsights_sitenote_note":"","_monsterinsights_sitenote_category":0,"footnotes":""},"categories":[5],"tags":[2505,68,43675,18394,70570,24968,452],"class_list":["post-363240","post","type-post","status-publish","format-standard","has-post-thumbnail","hentry","category-estado-de-mexico","tag-alfredo-del-mazo-maza","tag-edomex","tag-estado-de-mexico","tag-infraestructura","tag-instala-gabinete-especializado","tag-mexico-toluca","tag-toluca"],"_links":{"self":[{"href":"https:\/\/www.diarioimagen.net\/index.php?rest_route=\/wp\/v2\/posts\/363240","targetHints":{"allow":["GET"]}}],"collection":[{"href":"https:\/\/www.diarioimagen.net\/index.php?rest_route=\/wp\/v2\/posts"}],"about":[{"href":"https:\/\/www.diarioimagen.net\/index.php?rest_route=\/wp\/v2\/types\/post"}],"author":[{"embeddable":true,"href":"https:\/\/www.diarioimagen.net\/index.php?rest_route=\/wp\/v2\/users\/5"}],"replies":[{"embeddable":true,"href":"https:\/\/www.diarioimagen.net\/index.php?rest_route=%2Fwp%2Fv2%2Fcomments&post=363240"}],"version-history":[{"count":0,"href":"https:\/\/www.diarioimagen.net\/index.php?rest_route=\/wp\/v2\/posts\/363240\/revisions"}],"wp:featuredmedia":[{"embeddable":true,"href":"https:\/\/www.diarioimagen.net\/index.php?rest_route=\/wp\/v2\/media\/363247"}],"wp:attachment":[{"href":"https:\/\/www.diarioimagen.net\/index.php?rest_route=%2Fwp%2Fv2%2Fmedia&parent=363240"}],"wp:term":[{"taxonomy":"category","embeddable":true,"href":"https:\/\/www.diarioimagen.net\/index.php?rest_route=%2Fwp%2Fv2%2Fcategories&post=363240"},{"taxonomy":"post_tag","embeddable":true,"href":"https:\/\/www.diarioimagen.net\/index.php?rest_route=%2Fwp%2Fv2%2Ftags&post=363240"}],"curies":[{"name":"wp","href":"https:\/\/api.w.org\/{rel}","templated":true}]}}