{"id":363321,"date":"2018-02-08T00:01:21","date_gmt":"2018-02-08T06:01:21","guid":{"rendered":"http:\/\/www.diarioimagen.net\/?p=363321"},"modified":"2018-02-08T02:56:50","modified_gmt":"2018-02-08T08:56:50","slug":"dana-torbellino-70-casas-en-municipio-de-jiquipilco","status":"publish","type":"post","link":"https:\/\/www.diarioimagen.net\/?p=363321","title":{"rendered":"Da\u00f1a torbellino 70 casas en municipio de Jiquipilco"},"content":{"rendered":"<ul>\n<li><strong><em>En la zona norte del Edomex<\/em><\/strong><\/li>\n<\/ul>\n<p>&nbsp;<\/p>\n<div id=\"attachment_363395\" style=\"width: 470px\" class=\"wp-caption aligncenter\"><a href=\"http:\/\/www.diarioimagen.net\/?attachment_id=363395\" rel=\"attachment wp-att-363395\"><img loading=\"lazy\" decoding=\"async\" aria-describedby=\"caption-attachment-363395\" class=\"size-large wp-image-363395\" src=\"http:\/\/www.diarioimagen.net\/wp-content\/uploads\/2018\/02\/TORBELLINO-3302-460x259.jpg\" alt=\"\" width=\"460\" height=\"259\" srcset=\"https:\/\/www.diarioimagen.net\/wp-content\/uploads\/2018\/02\/TORBELLINO-3302-460x259.jpg 460w, https:\/\/www.diarioimagen.net\/wp-content\/uploads\/2018\/02\/TORBELLINO-3302-240x135.jpg 240w, https:\/\/www.diarioimagen.net\/wp-content\/uploads\/2018\/02\/TORBELLINO-3302-235x132.jpg 235w, https:\/\/www.diarioimagen.net\/wp-content\/uploads\/2018\/02\/TORBELLINO-3302-202x114.jpg 202w, https:\/\/www.diarioimagen.net\/wp-content\/uploads\/2018\/02\/TORBELLINO-3302-350x196.jpg 350w, https:\/\/www.diarioimagen.net\/wp-content\/uploads\/2018\/02\/TORBELLINO-3302-220x123.jpg 220w, https:\/\/www.diarioimagen.net\/wp-content\/uploads\/2018\/02\/TORBELLINO-3302-237x132.jpg 237w, https:\/\/www.diarioimagen.net\/wp-content\/uploads\/2018\/02\/TORBELLINO-3302.jpg 480w\" sizes=\"auto, (max-width: 460px) 100vw, 460px\" \/><\/a><p id=\"caption-attachment-363395\" class=\"wp-caption-text\">El torbellino arras\u00f3 con techos de l\u00e1mina, construcciones de adobe, \u00e1rboles y postes de energ\u00eda el\u00e9ctrica.<\/p><\/div>\n<p>&nbsp;<\/p>\n<p>Un torbellino que azot\u00f3 la comunidad de Rancho Alegre, ubicada en el municipio de Jiquipilco, en la zona norte del Estado de M\u00e9xico, da\u00f1\u00f3 al menos 70 viviendas.<\/p>\n<p>Alrededor de las 17:00 horas del martes, el fen\u00f3meno meteorol\u00f3gico arras\u00f3 con techos de l\u00e1mina, construcciones de adobe, \u00e1rboles y postes del servicio de energ\u00eda el\u00e9ctrica, y tambi\u00e9n provoc\u00f3 un incendio.<\/p>\n<p>De acuerdo con el reporte de los servicios de emergencia, no hubo personas lesionadas.<\/p>\n<p>\u201cInici\u00f3 como dos peque\u00f1os remolinos, despu\u00e9s se empezaron a unir las dos corrientes y se inici\u00f3 el tornado de una manera muy importante, estuvo de 10 a 15 minutos tomando fuerza, el di\u00e1metro era como de 200 metros\u201d, relat\u00f3 Julio C\u00e9sar Piedad, vecino de esta localidad.<\/p>\n<p>\u201cSe vio c\u00f3mo empez\u00f3 a levantar las lonas de las casas, las tejas, los techos de aluminio que empezaron a pegarse sobre los cables de electricidad. Se cay\u00f3 un \u00e1rbol, derrumb\u00f3 el poste y empez\u00f3 a explotar el transformador\u201d.<\/p>\n<p>Al lugar acudieron elementos de la Secretar\u00eda de la Defensa Nacional (Sedena), de Protecci\u00f3n Civil, de la Secretar\u00eda de Seguridad del Estado de M\u00e9xico (SSEM) y de la Polic\u00eda Municipal de Jiquipilco.<\/p>\n<p>La ma\u00f1ana de hoy iniciaron los trabajos para remover escombros y restablecer el servicio de energ\u00eda el\u00e9ctrica.<\/p>\n<p>Asimismo, las autoridades locales llevaron a cabo un censo para determinar el nivel de afectaci\u00f3n y apoyar a los damnificados.<\/p>\n<p>\u201cAndamos haciendo un recorrido en la comunidad de Rancho Alegre que fue la que result\u00f3 afectada, a muchas viviendas les quit\u00f3 su techo y estamos en el recuento para saber qu\u00e9 pedir a las autoridades\u201d, mencion\u00f3 en entrevista Felipe S\u00e1nchez, encargado del despacho de la presidencia municipal.<\/p>\n","protected":false},"excerpt":{"rendered":"<p>Un torbellino que azot\u00f3 la comunidad de Rancho Alegre, ubicada en el municipio de Jiquipilco, en la zona norte del Estado de M\u00e9xico, da\u00f1\u00f3 al menos 70 viviendas.<\/p>\n","protected":false},"author":3,"featured_media":363395,"comment_status":"open","ping_status":"open","sticky":false,"template":"","format":"standard","meta":{"_monsterinsights_skip_tracking":false,"_monsterinsights_sitenote_active":false,"_monsterinsights_sitenote_note":"","_monsterinsights_sitenote_category":0,"footnotes":""},"categories":[35155],"tags":[43675,6773,70597],"class_list":["post-363321","post","type-post","status-publish","format-standard","has-post-thumbnail","hentry","category-estado-de-mexico-estado-de-mexico","tag-estado-de-mexico","tag-jiquipilco","tag-torbellino"],"_links":{"self":[{"href":"https:\/\/www.diarioimagen.net\/index.php?rest_route=\/wp\/v2\/posts\/363321","targetHints":{"allow":["GET"]}}],"collection":[{"href":"https:\/\/www.diarioimagen.net\/index.php?rest_route=\/wp\/v2\/posts"}],"about":[{"href":"https:\/\/www.diarioimagen.net\/index.php?rest_route=\/wp\/v2\/types\/post"}],"author":[{"embeddable":true,"href":"https:\/\/www.diarioimagen.net\/index.php?rest_route=\/wp\/v2\/users\/3"}],"replies":[{"embeddable":true,"href":"https:\/\/www.diarioimagen.net\/index.php?rest_route=%2Fwp%2Fv2%2Fcomments&post=363321"}],"version-history":[{"count":0,"href":"https:\/\/www.diarioimagen.net\/index.php?rest_route=\/wp\/v2\/posts\/363321\/revisions"}],"wp:featuredmedia":[{"embeddable":true,"href":"https:\/\/www.diarioimagen.net\/index.php?rest_route=\/wp\/v2\/media\/363395"}],"wp:attachment":[{"href":"https:\/\/www.diarioimagen.net\/index.php?rest_route=%2Fwp%2Fv2%2Fmedia&parent=363321"}],"wp:term":[{"taxonomy":"category","embeddable":true,"href":"https:\/\/www.diarioimagen.net\/index.php?rest_route=%2Fwp%2Fv2%2Fcategories&post=363321"},{"taxonomy":"post_tag","embeddable":true,"href":"https:\/\/www.diarioimagen.net\/index.php?rest_route=%2Fwp%2Fv2%2Ftags&post=363321"}],"curies":[{"name":"wp","href":"https:\/\/api.w.org\/{rel}","templated":true}]}}