{"id":363323,"date":"2018-02-08T00:00:24","date_gmt":"2018-02-08T06:00:24","guid":{"rendered":"http:\/\/www.diarioimagen.net\/?p=363323"},"modified":"2018-02-08T03:06:24","modified_gmt":"2018-02-08T09:06:24","slug":"detienen-a-4-por-robo-de-arma-de-cargo-a-policia-de-naucalpan","status":"publish","type":"post","link":"https:\/\/www.diarioimagen.net\/?p=363323","title":{"rendered":"Detienen a 4 por robo de arma de cargo a polic\u00eda de Naucalpan"},"content":{"rendered":"<ul>\n<li><strong><em>Lo asaltaron en la carretera<\/em><\/strong><\/li>\n<\/ul>\n<p>&nbsp;<\/p>\n<div id=\"attachment_363399\" style=\"width: 470px\" class=\"wp-caption aligncenter\"><a href=\"http:\/\/www.diarioimagen.net\/?attachment_id=363399\" rel=\"attachment wp-att-363399\"><img loading=\"lazy\" decoding=\"async\" aria-describedby=\"caption-attachment-363399\" class=\"size-large wp-image-363399\" src=\"http:\/\/www.diarioimagen.net\/wp-content\/uploads\/2018\/02\/seguirdad-3302-460x259.jpg\" alt=\"\" width=\"460\" height=\"259\" srcset=\"https:\/\/www.diarioimagen.net\/wp-content\/uploads\/2018\/02\/seguirdad-3302-460x259.jpg 460w, https:\/\/www.diarioimagen.net\/wp-content\/uploads\/2018\/02\/seguirdad-3302-240x135.jpg 240w, https:\/\/www.diarioimagen.net\/wp-content\/uploads\/2018\/02\/seguirdad-3302-235x132.jpg 235w, https:\/\/www.diarioimagen.net\/wp-content\/uploads\/2018\/02\/seguirdad-3302-202x114.jpg 202w, https:\/\/www.diarioimagen.net\/wp-content\/uploads\/2018\/02\/seguirdad-3302-350x196.jpg 350w, https:\/\/www.diarioimagen.net\/wp-content\/uploads\/2018\/02\/seguirdad-3302-220x123.jpg 220w, https:\/\/www.diarioimagen.net\/wp-content\/uploads\/2018\/02\/seguirdad-3302-237x132.jpg 237w, https:\/\/www.diarioimagen.net\/wp-content\/uploads\/2018\/02\/seguirdad-3302.jpg 480w\" sizes=\"auto, (max-width: 460px) 100vw, 460px\" \/><\/a><p id=\"caption-attachment-363399\" class=\"wp-caption-text\">Polic\u00edas municipales detuvieron a cuatro sujetos que minutos antes hab\u00edan despojado al elemento de su arma de cargo.<\/p><\/div>\n<p>&nbsp;<\/p>\n<p><strong>Naucalpan, Estado de M\u00e9xico<\/strong>.- Cuatro sujetos que presuntamente despojaron de su arma de cargo a un polic\u00eda de esta localidad, fueron capturados por efectivos de la Direcci\u00f3n General de Seguridad Ciudadana y Tr\u00e1nsito Municipal de Naucalpan y elementos de la Secretar\u00eda de Seguridad del Estado de M\u00e9xico (SSEM).<\/p>\n<p>Los hechos se registraron durante la madrugada de ayer, cuando cuatro sujetos armados presuntamente amagaron a un polic\u00eda municipal a bordo de su patrulla, sobre la carretera Naucalpan-Toluca, esquina con calle Central, en la colonia Lomas de San Agust\u00edn.<\/p>\n<p>Al despojar al polic\u00eda con lujo de violencia de su arma de cargo, dos de los presuntos asaltantes huyeron a bordo de una motocicleta tipo Cross, color verde, mientras que los otros dos intentaron abordar un veh\u00edculo que en ese momento pas\u00f3 con dos tripulantes, el cual se dio a la fuga al ver la presencia de las unidades de la polic\u00eda local.<\/p>\n<p>Polic\u00edas municipales implementaron un operativo de persecuci\u00f3n y lograron detener a dos de los cuatro sujetos que minutos antes hab\u00edan presuntamente despojado al elemento de su arma de cargo, mismos que portaban un arma de fuego calibre .38 especial y una r\u00e9plica de una pistola.<\/p>\n<p>Simult\u00e1neamente, por medio del Centro de Monitoreo C4 se solicit\u00f3 el respaldo de m\u00e1s unidades, por lo que elementos de la SSEM y municipales lograron detener cuadras m\u00e1s adelante a dos personas del sexo masculino que iban a bordo de un veh\u00edculo, una de las cuales llevaba consigo otra r\u00e9plica de un arma de fuego.<\/p>\n<p>Los cuatro individuos detenidos fueron identificados como Bryan N, de 27 a\u00f1os, V\u00edctor N, de 18 a\u00f1os y los menores Irvin Antonio N, de 18 a\u00f1os y Gilberto N. fueron trasladados y puestos a disposici\u00f3n del Ministerio P\u00fablico para determinar su situaci\u00f3n jur\u00eddica.<\/p>\n","protected":false},"excerpt":{"rendered":"<p>Cuatro sujetos que presuntamente despojaron de su arma de cargo a un polic\u00eda de esta localidad, fueron capturados por efectivos de la Direcci\u00f3n General de Seguridad Ciudadana y Tr\u00e1nsito Municipal de Naucalpan y elementos de la Secretar\u00eda de Seguridad del Estado de M\u00e9xico (SSEM).<\/p>\n","protected":false},"author":3,"featured_media":363399,"comment_status":"open","ping_status":"open","sticky":false,"template":"","format":"standard","meta":{"_monsterinsights_skip_tracking":false,"_monsterinsights_sitenote_active":false,"_monsterinsights_sitenote_note":"","_monsterinsights_sitenote_category":0,"footnotes":""},"categories":[35155],"tags":[23586,43675,970,687],"class_list":["post-363323","post","type-post","status-publish","format-standard","has-post-thumbnail","hentry","category-estado-de-mexico-estado-de-mexico","tag-cargo","tag-estado-de-mexico","tag-naucalpan","tag-policia"],"_links":{"self":[{"href":"https:\/\/www.diarioimagen.net\/index.php?rest_route=\/wp\/v2\/posts\/363323","targetHints":{"allow":["GET"]}}],"collection":[{"href":"https:\/\/www.diarioimagen.net\/index.php?rest_route=\/wp\/v2\/posts"}],"about":[{"href":"https:\/\/www.diarioimagen.net\/index.php?rest_route=\/wp\/v2\/types\/post"}],"author":[{"embeddable":true,"href":"https:\/\/www.diarioimagen.net\/index.php?rest_route=\/wp\/v2\/users\/3"}],"replies":[{"embeddable":true,"href":"https:\/\/www.diarioimagen.net\/index.php?rest_route=%2Fwp%2Fv2%2Fcomments&post=363323"}],"version-history":[{"count":0,"href":"https:\/\/www.diarioimagen.net\/index.php?rest_route=\/wp\/v2\/posts\/363323\/revisions"}],"wp:featuredmedia":[{"embeddable":true,"href":"https:\/\/www.diarioimagen.net\/index.php?rest_route=\/wp\/v2\/media\/363399"}],"wp:attachment":[{"href":"https:\/\/www.diarioimagen.net\/index.php?rest_route=%2Fwp%2Fv2%2Fmedia&parent=363323"}],"wp:term":[{"taxonomy":"category","embeddable":true,"href":"https:\/\/www.diarioimagen.net\/index.php?rest_route=%2Fwp%2Fv2%2Fcategories&post=363323"},{"taxonomy":"post_tag","embeddable":true,"href":"https:\/\/www.diarioimagen.net\/index.php?rest_route=%2Fwp%2Fv2%2Ftags&post=363323"}],"curies":[{"name":"wp","href":"https:\/\/api.w.org\/{rel}","templated":true}]}}