{"id":363715,"date":"2018-02-12T00:11:06","date_gmt":"2018-02-12T06:11:06","guid":{"rendered":"http:\/\/www.diarioimagen.net\/?p=363715"},"modified":"2018-02-12T05:59:15","modified_gmt":"2018-02-12T11:59:15","slug":"cierres-entre-la-euforia-las-promesas-y-las-amenazas","status":"publish","type":"post","link":"https:\/\/www.diarioimagen.net\/?p=363715","title":{"rendered":"Cierres, entre la euforia, las promesas y las amenazas"},"content":{"rendered":"<h2>Tras la puerta del poder<\/h2>\n<h5>Roberto Vizca\u00edno<\/h5>\n<p>&nbsp;<\/p>\n<div id=\"attachment_363799\" style=\"width: 470px\" class=\"wp-caption aligncenter\"><a href=\"http:\/\/www.diarioimagen.net\/?attachment_id=363799\" rel=\"attachment wp-att-363799\"><img loading=\"lazy\" decoding=\"async\" aria-describedby=\"caption-attachment-363799\" class=\"size-large wp-image-363799\" src=\"http:\/\/www.diarioimagen.net\/wp-content\/uploads\/2018\/02\/de-caidas-a-caidas-LUIS-XAVIER-3304-460x355.jpg\" alt=\"\" width=\"460\" height=\"355\" srcset=\"https:\/\/www.diarioimagen.net\/wp-content\/uploads\/2018\/02\/de-caidas-a-caidas-LUIS-XAVIER-3304-460x355.jpg 460w, https:\/\/www.diarioimagen.net\/wp-content\/uploads\/2018\/02\/de-caidas-a-caidas-LUIS-XAVIER-3304-240x185.jpg 240w, https:\/\/www.diarioimagen.net\/wp-content\/uploads\/2018\/02\/de-caidas-a-caidas-LUIS-XAVIER-3304-768x593.jpg 768w, https:\/\/www.diarioimagen.net\/wp-content\/uploads\/2018\/02\/de-caidas-a-caidas-LUIS-XAVIER-3304.jpg 1200w\" sizes=\"auto, (max-width: 460px) 100vw, 460px\" \/><\/a><p id=\"caption-attachment-363799\" class=\"wp-caption-text\">De ca\u00eddas a ca\u00eddas&#8230; | Luis Xavier<\/p><\/div>\n<p>&nbsp;<\/p>\n<p>Euf\u00f3rico, exultante, como un gran vendedor que en verdad cree en el producto que promueve, <strong>Ricardo Anaya <\/strong>nos record\u00f3 ayer, subido a la estructura de metal del templete donde cerr\u00f3 su precampa\u00f1a en Veracruz, a <strong>Enrique Pe\u00f1a Nieto <\/strong>subido en las enormes bocinas que se colocaban en sus eventos de campa\u00f1a y con las cuales llenaban con su voz sus actos de proselitismo hace 6 a\u00f1os.<\/p>\n<p>Y, al igual que <strong>Pe\u00f1a Nieto,<\/strong> hoy <strong>Anaya<\/strong> pide desde las alturas de sus eventos que lo apoyen, que voten por \u00e9l, porque ahora s\u00ed que nada menos que \u00e9l es quien representa el cambio que requiere M\u00e9xico.<\/p>\n<p>Y para alentar a sus simpatizantes a creer en lo que les dice, <strong>Anaya <\/strong>les asegura que mientras el PRI se hunde, las encuestas ya lo dan en empate con <strong>Andr\u00e9s Manuel L\u00f3pez Obrador.<\/strong> Es decir, un empujoncito, y rebasa al puntero.<\/p>\n<p>Mientras eso ocurr\u00eda en Veracruz, desde Tlalnepantla de Baz, Estado de M\u00e9xico, bajo su pegajoso lema de <strong>\u201cYo merito\u201d <\/strong>&#8211;del cual siempre estar\u00e1 agradecido a <strong>Tatiana Clouthier<\/strong>, coordinadora de campa\u00f1a de <strong>Andr\u00e9s Manuel L\u00f3pez Obrador<\/strong>&#8211;, <strong>Jos\u00e9 Antonio Meade<\/strong> cerraba a su vez su precampa\u00f1a mostrando m\u00fasculo y prometiendo a su vez beneficios y estabilidad para M\u00e9xico.<\/p>\n<p>Mientras <strong>Anaya <\/strong>fue acompa\u00f1ado apenas por <strong>Miguel \u00c1ngel Yunes<\/strong> <em>hijo<\/em>, o Jr, y algunos cuantos l\u00edderes (en esta ocasi\u00f3n no estuvieron ni la senadora <strong>Alejandra Barrales<\/strong>, ni <strong>Dante Delgado<\/strong>, ni <strong>Chucho Ortega<\/strong>, ni <strong>Chucho Zambrano,<\/strong> ni nadie significativo de la alianza Por M\u00e9xico al Frente), al acto de Meade lleg\u00f3 medio gabinete, un fuerte grupo de gobernadores y la cargada mayor del PRI, el PVEM y Panal.<\/p>\n<p>Es as\u00ed que a Tlalnepantla llegaron: Eduardo S\u00e1nchez, vocero del gobierno federal y director de Comunicaci\u00f3n Social del Presidente Enrique Pe\u00f1a Nieto, acompa\u00f1ado por Francisco Guzm\u00e1n, Jefe de la Oficina del Jefe del Ejecutivo Federal.<\/p>\n<p>Y los titulares del Infonavit, <strong>David Penchyna;<\/strong> de Hacienda, <strong>Jos\u00e9 Gonz\u00e1lez Anaya<\/strong>; de SCT, <strong>Gerardo Ruiz Esparza;<\/strong> de Sedesol, <strong>Eviel P\u00e9rez Maga\u00f1a<\/strong>; del Trabajo, <strong>Roberto Campa;<\/strong> de Turismo, <strong>Enrique de la Madrid;<\/strong> de Energ\u00eda, <strong>Pedro Joaqu\u00edn Coldwell<\/strong> y de Agricultura, <strong>Jos\u00e9 Calzada.<\/strong><\/p>\n<p>Los gobernadores de Jalisco,<strong> Arist\u00f3teles Sandoval;<\/strong> de Oaxaca, <strong>Alejandro Murat<\/strong>; de Colima, <strong>Ignacio Peralta;<\/strong> de Campeche, <strong>Alejandro Moreno<\/strong>; de S.L. Potos\u00ed, <strong>Juan Manuel Carreras<\/strong>; de Hidalgo, <strong>Omar Fayad <\/strong>y por supuesto del Estado de M\u00e9xico, <strong>Alfredo del Mazo.<\/strong><\/p>\n<p>El listado se ensanch\u00f3 con los ex gobernadores <strong>Arturo Montiel, C\u00e9sar Camacho, Manuel \u00c1ngel N\u00fa\u00f1ez Soto, Francisco Labastida, Beatriz Paredes y Emilio Chuayffet.<\/strong><\/p>\n<p>Ah\u00ed estuvieron los coordinadores parlamentarios en el Senado y la C\u00e1mara de Diputados, <strong>Emilio Gamboa<\/strong> y <strong>Carlos Iriarte,<\/strong> respectivamente y el l\u00edder del <strong>PRI,<\/strong> <strong>Enrique Ochoa Reza<\/strong>. A su lado los dirigentes del Verde Ecologista encabezados por el<strong> senador Carlos Alberto Puente.<\/strong><\/p>\n<p>Ayer mismo comenzaron a fluir algunos comentarios de quienes ven esta concentraci\u00f3n como un acto de debilidad de Meade. Es decir, van todos estos a su evento, para intentar fortalecerlo, apuntalarlo.<\/p>\n<p>Yo creo que es s\u00f3lo una reiteraci\u00f3n de una costumbre pri\u00edsta.<\/p>\n<p>As\u00ed fueron los eventos electorales y de poder de todos los candidatos presidenciales anteriores. Y la concentraci\u00f3n de nombres indica que todos van a operar en lo suyo para que su candidato gane.<\/p>\n<p>Pero sobre todo es un mensaje de compromiso y lealtad para el Presidente saliente que detenta todav\u00eda el poder de removerlos de sus cargos y no darles ninguna oportunidad de trascender.<\/p>\n<p>As\u00ed de simple. Es el eje de \u201ctodos a una\u2026 Fuenteovejuna\u201d.<\/p>\n<p style=\"text-align: center;\"><strong>Promesas y peticiones<\/strong><\/p>\n<p>As\u00ed pues, mientras <strong>Anaya <\/strong>desde Veracruz y acompa\u00f1ado del <strong>Jr. Yunes M\u00e1rquez<\/strong> basaba el \u00e9xito de su precampa\u00f1a en haber logrado empatar en encuestas a <strong>AMLO,<\/strong> con lo que eso supone para \u00e9l, en Tlalnepantla <strong>Meade <\/strong>cerraba su precampa\u00f1a llamando a sus aliados del PRI a hacer un reconocimiento de errores para poder seguir adelante.<\/p>\n<p>Y mientras afirmaba que \u00e9l s\u00ed pod\u00eda mirar a todos, ciudadanos comunes y corrientes y militantes del tricolor a los ojos porque nada debe, aseguraba tener el conocimiento de lo que M\u00e9xico necesita y la capacidad para poder d\u00e1rselo.<\/p>\n<p>Y, como cualquier otro mexicano, \u201cen este camino que he recorrido, he sentido y he compartido la misma indignaci\u00f3n frente a la injusticia y la corrupci\u00f3n\u2026 compartimos la esperanza de un M\u00e9xico mejor, nos hemos visto a los ojos y sabemos que podemos y vamos a mejorar. Voy a ser Presidente\u201d, indic\u00f3 en redes sociales.<\/p>\n<p>\u201cVale la pena salir a dar esta batalla, vale la pena salir a darla por nuestros hijos, vale la pena salir a dar esta batalla por M\u00e9xico. Y vamos a salir a pelear por cada espacio, por cada posici\u00f3n y, porque vamos a presentar los mejores perfiles y las mejores propuestas, vamos a ganar en julio de 2018\u201d, subray\u00f3.<\/p>\n<p>Al recorrer los 32 estados, dijo, se reuni\u00f3 con militantes, empresarios, pero sobre todo se encontr\u00f3 con ciudadanos con quienes comparti\u00f3 emociones y esperanzas.<\/p>\n<p>Con todos ellos coincidi\u00f3 en que, en lugar de divisi\u00f3n y confrontaci\u00f3n, el pa\u00eds requiere de propuestas concretas para combatir la corrupci\u00f3n y a la delincuencia organizada.<\/p>\n<p>Destac\u00f3 que en su recorrido pudo hablar con mujeres, quienes exigen respeto a persona y dignidad. Y ello requiere de salarios justos, sin diferencia de g\u00e9nero, as\u00ed como seguridad, tranquilidad en la casa familiar y apoyo para que sus hijos terminen la escuela.<\/p>\n<p style=\"text-align: center;\"><strong>AMLO<\/strong><\/p>\n<p>Reunido con varios miles de seguidores en un enclave central del panismo, en Le\u00f3n, Guanajuato, <strong>Andr\u00e9s Manuel L\u00f3pez Obrador<\/strong> cerr\u00f3 su precampa\u00f1a con el tono y el mensaje que lo definen.<\/p>\n<p>Desde ah\u00ed dijo al ex presidente<strong> Vicente Fox <\/strong>que deber\u00eda ir agarrando su matraca para apoyar o a <strong>Anaya<\/strong> o a <strong>Meade <\/strong>\u201cporque estamos arriba de ellos, les vamos a ganar y ya no te vamos a dar la pensi\u00f3n\u201d.<\/p>\n<p>Es decir, que piensa que su triunfo es ya inevitable y que entonces podr\u00e1 agarrar el garrote y golpear a quien quiera. Y que, como due\u00f1o y se\u00f1or de la pradera, podr\u00e1 beneficiar a unos y da\u00f1ar a otros.<\/p>\n<p><strong>\u201cFox,<\/strong> te mando decir desde Le\u00f3n, que se escuche bien y que se escuche lejos: me puedes decir <em>Lopitos <\/em>o <em>loquito<\/em>, te recomendar\u00eda que te apures a ayudar a <strong>Meade<\/strong> o a <strong>Anaya\u201d<\/strong>.<\/p>\n<p>Dijo luego que junto con la pensi\u00f3n de Fox, tambi\u00e9n se ir\u00e1n las de <strong>Luis Echeverr\u00eda, Carlos Salinas, y Felipe Calder\u00f3n.<\/strong><\/p>\n<p><em><a href=\"mailto:rvizcainoa@gmail.com\" target=\"_blank\" rel=\"noopener\">vizcainoa@gmail.com<\/a><\/em><br \/>\n<em><a href=\"http:\/\/www.endirecto.com.mx\/\" target=\"_blank\" rel=\"noopener\">www.endirecto.com.mx<\/a><\/em><br \/>\n<em><a href=\"https:\/\/twitter.com\/_rvizcaino\" target=\"_blank\" rel=\"noopener\">@_RVizcaino<\/a><\/em><br \/>\n<a href=\"https:\/\/www.facebook.com\/rvizcainoa\" target=\"_blank\" rel=\"noopener\">f<em>acebook.com\/rvizcainoa<\/em><\/a><\/p>\n","protected":false},"excerpt":{"rendered":"<p><span style=\"color: #005497;\"><strong>Roberto Vizca\u00edno<\/strong><\/span><br \/>\n<br \/>\nEuf\u00f3rico, exultante, como un gran vendedor que en verdad cree en el producto que promueve, <strong>Ricardo Anaya <\/strong>nos record\u00f3 ayer, subido a la estructura de metal del templete donde cerr\u00f3 su precampa\u00f1a en Veracruz, a <strong>Enrique Pe\u00f1a Nieto <\/strong>subido en las enormes bocinas que se colocaban en sus eventos de campa\u00f1a y con las cuales llenaban con su voz sus actos de proselitismo hace 6 a\u00f1os.<\/p>\n","protected":false},"author":3,"featured_media":363799,"comment_status":"open","ping_status":"open","sticky":false,"template":"","format":"standard","meta":{"_monsterinsights_skip_tracking":false,"_monsterinsights_sitenote_active":false,"_monsterinsights_sitenote_note":"","_monsterinsights_sitenote_category":0,"footnotes":""},"categories":[136],"tags":[43674,93,94],"class_list":["post-363715","post","type-post","status-publish","format-standard","has-post-thumbnail","hentry","category-roberto-vizcaino-opinion","tag-opinion","tag-roberto-vizcaino","tag-tras-la-puerta-del-poder"],"_links":{"self":[{"href":"https:\/\/www.diarioimagen.net\/index.php?rest_route=\/wp\/v2\/posts\/363715","targetHints":{"allow":["GET"]}}],"collection":[{"href":"https:\/\/www.diarioimagen.net\/index.php?rest_route=\/wp\/v2\/posts"}],"about":[{"href":"https:\/\/www.diarioimagen.net\/index.php?rest_route=\/wp\/v2\/types\/post"}],"author":[{"embeddable":true,"href":"https:\/\/www.diarioimagen.net\/index.php?rest_route=\/wp\/v2\/users\/3"}],"replies":[{"embeddable":true,"href":"https:\/\/www.diarioimagen.net\/index.php?rest_route=%2Fwp%2Fv2%2Fcomments&post=363715"}],"version-history":[{"count":0,"href":"https:\/\/www.diarioimagen.net\/index.php?rest_route=\/wp\/v2\/posts\/363715\/revisions"}],"wp:featuredmedia":[{"embeddable":true,"href":"https:\/\/www.diarioimagen.net\/index.php?rest_route=\/wp\/v2\/media\/363799"}],"wp:attachment":[{"href":"https:\/\/www.diarioimagen.net\/index.php?rest_route=%2Fwp%2Fv2%2Fmedia&parent=363715"}],"wp:term":[{"taxonomy":"category","embeddable":true,"href":"https:\/\/www.diarioimagen.net\/index.php?rest_route=%2Fwp%2Fv2%2Fcategories&post=363715"},{"taxonomy":"post_tag","embeddable":true,"href":"https:\/\/www.diarioimagen.net\/index.php?rest_route=%2Fwp%2Fv2%2Ftags&post=363715"}],"curies":[{"name":"wp","href":"https:\/\/api.w.org\/{rel}","templated":true}]}}