{"id":363744,"date":"2018-02-12T00:09:19","date_gmt":"2018-02-12T06:09:19","guid":{"rendered":"http:\/\/www.diarioimagen.net\/?p=363744"},"modified":"2018-02-12T06:10:19","modified_gmt":"2018-02-12T12:10:19","slug":"morena-nombra-a-sheinbaum-precandidata-unica","status":"publish","type":"post","link":"https:\/\/www.diarioimagen.net\/?p=363744","title":{"rendered":"Morena nombra a Sheinbaum precandidata \u00fanica"},"content":{"rendered":"<ul>\n<li><strong><em>Asamblea Estatal Electoral en la Ciudad de M\u00e9xico<\/em><\/strong><\/li>\n<\/ul>\n<p>&nbsp;<\/p>\n<div id=\"attachment_363823\" style=\"width: 470px\" class=\"wp-caption aligncenter\"><a href=\"http:\/\/www.diarioimagen.net\/?attachment_id=363823\" rel=\"attachment wp-att-363823\"><img loading=\"lazy\" decoding=\"async\" aria-describedby=\"caption-attachment-363823\" class=\"size-large wp-image-363823\" src=\"http:\/\/www.diarioimagen.net\/wp-content\/uploads\/2018\/02\/MORENA-3304-460x259.jpg\" alt=\"\" width=\"460\" height=\"259\" srcset=\"https:\/\/www.diarioimagen.net\/wp-content\/uploads\/2018\/02\/MORENA-3304-460x259.jpg 460w, https:\/\/www.diarioimagen.net\/wp-content\/uploads\/2018\/02\/MORENA-3304-240x135.jpg 240w, https:\/\/www.diarioimagen.net\/wp-content\/uploads\/2018\/02\/MORENA-3304-235x132.jpg 235w, https:\/\/www.diarioimagen.net\/wp-content\/uploads\/2018\/02\/MORENA-3304-202x114.jpg 202w, https:\/\/www.diarioimagen.net\/wp-content\/uploads\/2018\/02\/MORENA-3304-350x196.jpg 350w, https:\/\/www.diarioimagen.net\/wp-content\/uploads\/2018\/02\/MORENA-3304-220x123.jpg 220w, https:\/\/www.diarioimagen.net\/wp-content\/uploads\/2018\/02\/MORENA-3304-237x132.jpg 237w, https:\/\/www.diarioimagen.net\/wp-content\/uploads\/2018\/02\/MORENA-3304.jpg 480w\" sizes=\"auto, (max-width: 460px) 100vw, 460px\" \/><\/a><p id=\"caption-attachment-363823\" class=\"wp-caption-text\">Claudia Sheinbaum fue declarada como \u00fanica contendiente durante la Asamblea Estatal Electoral.<\/p><\/div>\n<p>&nbsp;<\/p>\n<p>Durante la Asamblea Estatal Electoral de Morena en la Ciudad de M\u00e9xico, Claudia Sheinbaum fue declarada como precandidata \u00fanica a la jefatura de gobierno por este partido.<\/p>\n<p>Luego de que su hom\u00f3loga Cristina Cruz Cruz dimitiera a sus aspiraciones para gobernar la ciudad, Sheinbaum Pardo neg\u00f3 que el proceso interno de su partido fuera mera simulaci\u00f3n.<\/p>\n<p>\u201cMe habl\u00f3 para decirme que ya ten\u00eda pensado declinar, pero no es ni una simulaci\u00f3n, para ahorrar recursos decidimos estar en los mismos eventos, ella tambi\u00e9n tuvo eventos m\u00e1s cerrados, tuvo sus propios spots es parte de nuestro proceso\u201d, sostuvo Sheinbaum Pardo.<\/p>\n<p>La precandidata dijo que una vez que empiece el periodo de intercampa\u00f1a, es decir, a partir de este lunes y hasta el 30 de marzo, seguir\u00e1 sosteniendo reuniones en privado entre militantes, as\u00ed como con investigadores y especialistas para robustecer su proyecto rumbo a las elecciones, e indic\u00f3 que ser\u00e1 en marzo cuando se oficialice su candidatura.<\/p>\n<p>Durante su discurso en el que estuvo presente Mart\u00ed Batres, presidente de Morena en la capital, as\u00ed como coordinadores delegacionales y dem\u00e1s militancia morenista, Claudia Sheinbaum asegur\u00f3 que las encuestas indican que su partido est\u00e1 por encima en las 16 delegaciones y en todos los cargos de elecci\u00f3n popular.<\/p>\n<p>Depende de las encuestas tenemos 11 puntos, 10 puntos, por lo pronto as\u00ed estamos cerrando la precampa\u00f1a con esa diferencia\u201d.<\/p>\n<p>No descart\u00f3 que el PRD emprenda una campa\u00f1a sucia en su contra o quiera implementar un fraude para ganar a la mala las elecciones, por lo pronto dijo, analizar\u00e1n si el mitin de basificaci\u00f3n realizado por el jefe de gobierno, Miguel \u00c1ngel Mancera, cuenta como un acto electoral, ya que los propios trabajadores del gobierno capitalino as\u00ed lo han manifestado.<\/p>\n<p>Estamos evaluando si es un acto utilizado con la final de hacer campa\u00f1a electoral y si es el caso vamos a interponer una queja ante el Instituto Electoral tanto de la ciudad como el nacional. Por qu\u00e9 lo hizo ahora, en este periodo, por qu\u00e9 no lo hizo a principio de a\u00f1o\u201d.<\/p>\n","protected":false},"excerpt":{"rendered":"<p>Durante la Asamblea Estatal Electoral de Morena en la Ciudad de M\u00e9xico, Claudia Sheinbaum fue declarada como precandidata \u00fanica a la jefatura de gobierno por este partido.<\/p>\n","protected":false},"author":3,"featured_media":363823,"comment_status":"open","ping_status":"open","sticky":false,"template":"","format":"standard","meta":{"_monsterinsights_skip_tracking":false,"_monsterinsights_sitenote_active":false,"_monsterinsights_sitenote_note":"","_monsterinsights_sitenote_category":0,"footnotes":""},"categories":[6],"tags":[204,20663,21746],"class_list":["post-363744","post","type-post","status-publish","format-standard","has-post-thumbnail","hentry","category-cd-de-mexico","tag-ciudad-de-mexico","tag-morena","tag-precandidata"],"_links":{"self":[{"href":"https:\/\/www.diarioimagen.net\/index.php?rest_route=\/wp\/v2\/posts\/363744","targetHints":{"allow":["GET"]}}],"collection":[{"href":"https:\/\/www.diarioimagen.net\/index.php?rest_route=\/wp\/v2\/posts"}],"about":[{"href":"https:\/\/www.diarioimagen.net\/index.php?rest_route=\/wp\/v2\/types\/post"}],"author":[{"embeddable":true,"href":"https:\/\/www.diarioimagen.net\/index.php?rest_route=\/wp\/v2\/users\/3"}],"replies":[{"embeddable":true,"href":"https:\/\/www.diarioimagen.net\/index.php?rest_route=%2Fwp%2Fv2%2Fcomments&post=363744"}],"version-history":[{"count":0,"href":"https:\/\/www.diarioimagen.net\/index.php?rest_route=\/wp\/v2\/posts\/363744\/revisions"}],"wp:featuredmedia":[{"embeddable":true,"href":"https:\/\/www.diarioimagen.net\/index.php?rest_route=\/wp\/v2\/media\/363823"}],"wp:attachment":[{"href":"https:\/\/www.diarioimagen.net\/index.php?rest_route=%2Fwp%2Fv2%2Fmedia&parent=363744"}],"wp:term":[{"taxonomy":"category","embeddable":true,"href":"https:\/\/www.diarioimagen.net\/index.php?rest_route=%2Fwp%2Fv2%2Fcategories&post=363744"},{"taxonomy":"post_tag","embeddable":true,"href":"https:\/\/www.diarioimagen.net\/index.php?rest_route=%2Fwp%2Fv2%2Ftags&post=363744"}],"curies":[{"name":"wp","href":"https:\/\/api.w.org\/{rel}","templated":true}]}}