{"id":363970,"date":"2018-02-13T00:10:04","date_gmt":"2018-02-13T06:10:04","guid":{"rendered":"http:\/\/www.diarioimagen.net\/?p=363970"},"modified":"2018-02-13T00:44:48","modified_gmt":"2018-02-13T06:44:48","slug":"entrega-mancera-tarjetas-de-pension-alimentaria","status":"publish","type":"post","link":"https:\/\/www.diarioimagen.net\/?p=363970","title":{"rendered":"Entrega Mancera tarjetas de Pensi\u00f3n Alimentaria"},"content":{"rendered":"<ul>\n<li><strong><em>Beneficio a 6 mil adultos mayores<\/em><\/strong><\/li>\n<\/ul>\n<p>&nbsp;<\/p>\n<div id=\"attachment_364025\" style=\"width: 470px\" class=\"wp-caption aligncenter\"><a href=\"http:\/\/www.diarioimagen.net\/?attachment_id=364025\" rel=\"attachment wp-att-364025\"><img loading=\"lazy\" decoding=\"async\" aria-describedby=\"caption-attachment-364025\" class=\"size-large wp-image-364025\" src=\"http:\/\/www.diarioimagen.net\/wp-content\/uploads\/2018\/02\/MANCERA-3305-460x259.jpg\" alt=\"\" width=\"460\" height=\"259\" srcset=\"https:\/\/www.diarioimagen.net\/wp-content\/uploads\/2018\/02\/MANCERA-3305-460x259.jpg 460w, https:\/\/www.diarioimagen.net\/wp-content\/uploads\/2018\/02\/MANCERA-3305-240x135.jpg 240w, https:\/\/www.diarioimagen.net\/wp-content\/uploads\/2018\/02\/MANCERA-3305-235x132.jpg 235w, https:\/\/www.diarioimagen.net\/wp-content\/uploads\/2018\/02\/MANCERA-3305-202x114.jpg 202w, https:\/\/www.diarioimagen.net\/wp-content\/uploads\/2018\/02\/MANCERA-3305-350x196.jpg 350w, https:\/\/www.diarioimagen.net\/wp-content\/uploads\/2018\/02\/MANCERA-3305-220x123.jpg 220w, https:\/\/www.diarioimagen.net\/wp-content\/uploads\/2018\/02\/MANCERA-3305-237x132.jpg 237w, https:\/\/www.diarioimagen.net\/wp-content\/uploads\/2018\/02\/MANCERA-3305.jpg 480w\" sizes=\"auto, (max-width: 460px) 100vw, 460px\" \/><\/a><p id=\"caption-attachment-364025\" class=\"wp-caption-text\">El jefe de gobierno, Miguel \u00c1ngel Mancera Espinosa, entreg\u00f3 tarjetas de Pensi\u00f3n Alimentaria a 6 mil adultos mayores.<\/p><\/div>\n<p>&nbsp;<\/p>\n<p>Un total de 6 mil personas adultas mayores de las 16 delegaciones de la Ciudad de M\u00e9xico cuentan a partir de ayer con su tarjeta de Pensi\u00f3n Alimentaria, a trav\u00e9s de la cual recibir\u00e1n mil 209 pesos cada mes.<\/p>\n<p>Con los pl\u00e1sticos otorgados por parte de la administraci\u00f3n del jefe de gobierno, Miguel \u00c1ngel Mancera Espinosa, suman ya un total de 525 mil beneficiarios que ser\u00e1n atendidos con un presupuesto para este a\u00f1o de 7 mil 586 millones 460 mil pesos.<\/p>\n<p>Estas acciones corresponden a \u201cun compromiso de trabajo del gobierno de la CDMX con los adultos mayores. Hoy estamos entregando 6 mil tarjetas de pensi\u00f3n alimentaria, es una manera de comunicarnos, de decirles: te quiero y no est\u00e1s sola o solo\u201d, afirm\u00f3 el mandatario capitalino.<\/p>\n<p>En el Auditorio Nacional, record\u00f3 que el monto del apoyo econ\u00f3mico se actualiza cada a\u00f1o en funci\u00f3n de la modificaci\u00f3n a la Unidad de Medida y Actualizaci\u00f3n (UMA). Asegur\u00f3 que en la organizaci\u00f3n del presupuesto de la ciudad, uno de los aspectos prioritarios es el apoyo a este sector de la poblaci\u00f3n.<\/p>\n<p>Prueba de ello, dijo, es la puesta en marcha de la fiscal\u00eda de atenci\u00f3n para los adultos mayores, la primera Cl\u00ednica Geri\u00e1trica ubicada en Iztacalco y la Cl\u00ednica de Odontolog\u00eda de Iztapalapa.<\/p>\n<p>En \u00e9sta se atendieron a 14 mil pacientes durante el 2017 y los servicios se brindan \u00fanicamente al presentar la Tarjeta de Pensi\u00f3n Alimentaria para Adultos Mayores.<\/p>\n<p>Adelant\u00f3 que en 6 meses la CDMX contar\u00e1 con otra nueva Cl\u00ednica de Odontolog\u00eda en la delegaci\u00f3n \u00c1lvaro Obreg\u00f3n, con el objetivo de reforzar la capacidad de atenci\u00f3n.<\/p>\n<p>\u201cHa sido un compromiso, en \u00c1lvaro Obreg\u00f3n vas a tener otra cl\u00ednica para que entonces podamos atender a otros 14 mil\u201d.<\/p>\n<p>Otros de los beneficios a los que pueden acceder con esta tarjeta, son entradas gratis al cine, descuento en la cuenta total de consumo en restaurantes Vips, as\u00ed como en vuelos nacionales, a trav\u00e9s de la aerol\u00ednea Viva Aerob\u00fas, como parte de los convenios alcanzados para fomentar el turismo social.<\/p>\n<p>\u201cTodo esto tiene tu tarjeta, no solamente es el dinero, sino tambi\u00e9n son beneficios\u201d, afirm\u00f3 el Jefe de Gobierno al anunciar que desde hoy podr\u00e1n hacer uso del recurso otorgado.<\/p>\n<p>A fin de agilizar tr\u00e1mites a los beneficiarios, la actualizaci\u00f3n del apoyo se puede realizar v\u00eda telef\u00f3nica gracias al Sistema de Autenticaci\u00f3n Biom\u00e9trica \u2013reconocimiento o \u201cHuella de voz\u201d\u2013 que se implement\u00f3 desde el 4 de diciembre de 2017.<\/p>\n<p>A los adultos mayores les inform\u00f3 que en la Ciudad de M\u00e9xico tambi\u00e9n son sujetos de cr\u00e9dito, mismos que pueden recibir \u201ca la palabra\u201d.<\/p>\n<p>El secretario de Desarrollo Social (SEDESO), Jos\u00e9 Ram\u00f3n Amieva G\u00e1lvez, sostuvo que los apoyos son \u201cun reconocimiento que les otorga esta ciudad por el simple hecho de ser personas mayores\u201d.<\/p>\n<p>Durante el evento, y en el marco del D\u00eda del Amor y la Amistad, tres parejas recibieron premios y viajes a Acapulco en reconocimiento por sus 50, 60 y 70 a\u00f1os de matrimonio.<\/p>\n<p>Tambi\u00e9n se entregaron regalos como pantallas, refrigeradores, tocadiscos, entre otros, a parejas de baile de danz\u00f3n.<\/p>\n<p>Asimismo placas del Sistema de Alerta Social (SAS), que contiene un n\u00famero de identificaci\u00f3n personal para atender situaciones de emergencia y\/o extrav\u00edo para as\u00ed facilitar la atenci\u00f3n.<\/p>\n<p>\u201cCon esto estamos mano a mano y brazo a brazo siempre pendiente de ti\u201d, refrend\u00f3 el Jefe de Gobierno.<\/p>\n","protected":false},"excerpt":{"rendered":"<p>Un total de 6 mil personas adultas mayores de las 16 delegaciones de la Ciudad de M\u00e9xico cuentan a partir de ayer con su tarjeta de Pensi\u00f3n Alimentaria, a trav\u00e9s de la cual recibir\u00e1n mil 209 pesos cada mes. Con los pl\u00e1sticos otorgados por parte de la administraci\u00f3n del jefe de gobierno, Miguel \u00c1ngel Mancera Espinosa, suman ya un total de 525 mil beneficiarios que ser\u00e1n atendidos con un presupuesto para este a\u00f1o de 7 mil 586 millones 460 mil pesos.<\/p>\n","protected":false},"author":3,"featured_media":364025,"comment_status":"open","ping_status":"open","sticky":false,"template":"","format":"standard","meta":{"_monsterinsights_skip_tracking":false,"_monsterinsights_sitenote_active":false,"_monsterinsights_sitenote_note":"","_monsterinsights_sitenote_category":0,"footnotes":""},"categories":[6],"tags":[204,5314,70734],"class_list":["post-363970","post","type-post","status-publish","format-standard","has-post-thumbnail","hentry","category-cd-de-mexico","tag-ciudad-de-mexico","tag-miguel-angel-mancera-espinosa","tag-pension-alimentaria"],"_links":{"self":[{"href":"https:\/\/www.diarioimagen.net\/index.php?rest_route=\/wp\/v2\/posts\/363970","targetHints":{"allow":["GET"]}}],"collection":[{"href":"https:\/\/www.diarioimagen.net\/index.php?rest_route=\/wp\/v2\/posts"}],"about":[{"href":"https:\/\/www.diarioimagen.net\/index.php?rest_route=\/wp\/v2\/types\/post"}],"author":[{"embeddable":true,"href":"https:\/\/www.diarioimagen.net\/index.php?rest_route=\/wp\/v2\/users\/3"}],"replies":[{"embeddable":true,"href":"https:\/\/www.diarioimagen.net\/index.php?rest_route=%2Fwp%2Fv2%2Fcomments&post=363970"}],"version-history":[{"count":0,"href":"https:\/\/www.diarioimagen.net\/index.php?rest_route=\/wp\/v2\/posts\/363970\/revisions"}],"wp:featuredmedia":[{"embeddable":true,"href":"https:\/\/www.diarioimagen.net\/index.php?rest_route=\/wp\/v2\/media\/364025"}],"wp:attachment":[{"href":"https:\/\/www.diarioimagen.net\/index.php?rest_route=%2Fwp%2Fv2%2Fmedia&parent=363970"}],"wp:term":[{"taxonomy":"category","embeddable":true,"href":"https:\/\/www.diarioimagen.net\/index.php?rest_route=%2Fwp%2Fv2%2Fcategories&post=363970"},{"taxonomy":"post_tag","embeddable":true,"href":"https:\/\/www.diarioimagen.net\/index.php?rest_route=%2Fwp%2Fv2%2Ftags&post=363970"}],"curies":[{"name":"wp","href":"https:\/\/api.w.org\/{rel}","templated":true}]}}