{"id":364132,"date":"2018-02-14T00:10:25","date_gmt":"2018-02-14T06:10:25","guid":{"rendered":"http:\/\/www.diarioimagen.net\/?p=364132"},"modified":"2018-02-14T01:07:37","modified_gmt":"2018-02-14T07:07:37","slug":"hay-trabajo-coordinado-para-reducir-delincuencia","status":"publish","type":"post","link":"https:\/\/www.diarioimagen.net\/?p=364132","title":{"rendered":"Hay trabajo coordinado para reducir delincuencia"},"content":{"rendered":"<h2>Arco Norte<\/h2>\n<h5>Jos\u00e9 Luis Monta\u00f1ez Aguilar<\/h5>\n<p>&nbsp;<\/p>\n<p><a href=\"http:\/\/www.diarioimagen.net\/?attachment_id=364223\" rel=\"attachment wp-att-364223\"><img loading=\"lazy\" decoding=\"async\" class=\"aligncenter size-large wp-image-364223\" src=\"http:\/\/www.diarioimagen.net\/wp-content\/uploads\/2018\/02\/del-mazo-3306-460x259.jpg\" alt=\"\" width=\"460\" height=\"259\" srcset=\"https:\/\/www.diarioimagen.net\/wp-content\/uploads\/2018\/02\/del-mazo-3306-460x259.jpg 460w, https:\/\/www.diarioimagen.net\/wp-content\/uploads\/2018\/02\/del-mazo-3306-240x135.jpg 240w, https:\/\/www.diarioimagen.net\/wp-content\/uploads\/2018\/02\/del-mazo-3306-235x132.jpg 235w, https:\/\/www.diarioimagen.net\/wp-content\/uploads\/2018\/02\/del-mazo-3306-202x114.jpg 202w, https:\/\/www.diarioimagen.net\/wp-content\/uploads\/2018\/02\/del-mazo-3306-350x196.jpg 350w, https:\/\/www.diarioimagen.net\/wp-content\/uploads\/2018\/02\/del-mazo-3306-220x123.jpg 220w, https:\/\/www.diarioimagen.net\/wp-content\/uploads\/2018\/02\/del-mazo-3306-237x132.jpg 237w, https:\/\/www.diarioimagen.net\/wp-content\/uploads\/2018\/02\/del-mazo-3306.jpg 480w\" sizes=\"auto, (max-width: 460px) 100vw, 460px\" \/><\/a><\/p>\n<p>&nbsp;<\/p>\n<p>Alfredo Del Mazo consider\u00f3 que las autoridades y las organizaciones civiles deben trabajar en equipo para fortalecer la seguridad del Estado de M\u00e9xico.<\/p>\n<p>Al inaugurar el Foro Sumemos Causas, por la Seguridad, Ciudadanos + Polic\u00edas, organizado por la Asociaci\u00f3n Civil Causa en Com\u00fan, se\u00f1al\u00f3 que la tarea de las organizaciones civiles resulta\u00a0 determinante en el fortalecimiento de las instituciones de justicia, as\u00ed como dotar de sentido humano a las pol\u00edticas que har\u00e1n del pa\u00eds y de la entidad mexiquense, un lugar donde las familias vivan con m\u00e1s tranquilidad.<\/p>\n<p>Destac\u00f3 que en los primeros meses de su sexenio, y con base en el trabajo coordinado, se tienen\u00a0 avances y logros, como la reducci\u00f3n de los \u00edndices delictivos en Ecatepec, Naucalpan y Tlalnepantla.<\/p>\n<p>Alfredo Del Mazo dijo que cada delito que se comete vulnera a la sociedad e impide su desarrollo, por lo que\u00a0 refrend\u00f3 el compromiso de la administraci\u00f3n mexiquense para reducir los \u00edndices delictivos y brindar m\u00e1s seguridad a la ciudadan\u00eda, en coordinaci\u00f3n con asociaciones civiles, instituciones de seguridad federal y los ayuntamientos.<\/p>\n<p><strong>Fortalecer\u00e1n servicios de salud en el Edomex; convenio con la Cruz Roja<\/strong><\/p>\n<p>El gobernador Alfredo Del Mazo anunci\u00f3 la firma de un convenio con Cruz Roja, para fortalecer los servicios de salud que se brindan a los mexiquenses, a trav\u00e9s de las unidades acreditadas de esta instituci\u00f3n en la entidad.<\/p>\n<p>Esta acci\u00f3n, dijo, permitir\u00e1 reforzar los lazos de colaboraci\u00f3n entre el gobierno estatal y Cruz Roja, adem\u00e1s de cumplir con uno de los compromisos de la administraci\u00f3n en la entidad, que es brindar mejores servicios de salud a la poblaci\u00f3n.<\/p>\n<p>Asegur\u00f3 que esta instituci\u00f3n se ha consolidado como una de las organizaciones altruistas con mayor presencia en el pa\u00eds, como resultado de la capacidad de responder con eficacia ante cualquier emergencia o reto.<\/p>\n<p>En este sentido, De Mazo destac\u00f3 el trabajo que realizaron voluntarios, rescatistas, m\u00e9dicos y enfermeras de Cruz Roja Estado de M\u00e9xico, para apoyar a los mexiquenses que se vieron afectados por el sismo del 19 de septiembre, donde se vieron da\u00f1adas m\u00e1s de 10 mil viviendas y 4 mil 900 escuelas.<\/p>\n<p><em><a href=\"mailto:montanezaguilar@gmail.com\" target=\"_blank\" rel=\"noopener noreferrer\">montanezaguilar@gmail.com<\/a><\/em><\/p>\n","protected":false},"excerpt":{"rendered":"<p><span style=\"color: #005497;\">Jos\u00e9 Luis Monta\u00f1ez Aguilar<\/span><br \/>\n<br \/>\nAlfredo Del Mazo consider\u00f3 que las autoridades y las organizaciones civiles deben trabajar en equipo para fortalecer la seguridad del Estado de M\u00e9xico. Al inaugurar el Foro Sumemos Causas, por la Seguridad, Ciudadanos + Polic\u00edas, organizado por la Asociaci\u00f3n Civil Causa en Com\u00fan, se\u00f1al\u00f3 que la tarea de las organizaciones civiles resulta  determinante en el fortalecimiento de las instituciones de justicia, as\u00ed como dotar de sentido humano a las pol\u00edticas que har\u00e1n del pa\u00eds y de la entidad mexiquense, un lugar donde las familias vivan con m\u00e1s tranquilidad.<\/p>\n","protected":false},"author":3,"featured_media":364223,"comment_status":"open","ping_status":"open","sticky":false,"template":"","format":"standard","meta":{"_monsterinsights_skip_tracking":false,"_monsterinsights_sitenote_active":false,"_monsterinsights_sitenote_note":"","_monsterinsights_sitenote_category":0,"footnotes":""},"categories":[5],"tags":[13284,43704,43674],"class_list":["post-364132","post","type-post","status-publish","format-standard","has-post-thumbnail","hentry","category-estado-de-mexico","tag-arco-norte","tag-jose-luis-montanez-aguilar","tag-opinion"],"_links":{"self":[{"href":"https:\/\/www.diarioimagen.net\/index.php?rest_route=\/wp\/v2\/posts\/364132","targetHints":{"allow":["GET"]}}],"collection":[{"href":"https:\/\/www.diarioimagen.net\/index.php?rest_route=\/wp\/v2\/posts"}],"about":[{"href":"https:\/\/www.diarioimagen.net\/index.php?rest_route=\/wp\/v2\/types\/post"}],"author":[{"embeddable":true,"href":"https:\/\/www.diarioimagen.net\/index.php?rest_route=\/wp\/v2\/users\/3"}],"replies":[{"embeddable":true,"href":"https:\/\/www.diarioimagen.net\/index.php?rest_route=%2Fwp%2Fv2%2Fcomments&post=364132"}],"version-history":[{"count":0,"href":"https:\/\/www.diarioimagen.net\/index.php?rest_route=\/wp\/v2\/posts\/364132\/revisions"}],"wp:featuredmedia":[{"embeddable":true,"href":"https:\/\/www.diarioimagen.net\/index.php?rest_route=\/wp\/v2\/media\/364223"}],"wp:attachment":[{"href":"https:\/\/www.diarioimagen.net\/index.php?rest_route=%2Fwp%2Fv2%2Fmedia&parent=364132"}],"wp:term":[{"taxonomy":"category","embeddable":true,"href":"https:\/\/www.diarioimagen.net\/index.php?rest_route=%2Fwp%2Fv2%2Fcategories&post=364132"},{"taxonomy":"post_tag","embeddable":true,"href":"https:\/\/www.diarioimagen.net\/index.php?rest_route=%2Fwp%2Fv2%2Ftags&post=364132"}],"curies":[{"name":"wp","href":"https:\/\/api.w.org\/{rel}","templated":true}]}}