{"id":364136,"date":"2018-02-14T00:10:50","date_gmt":"2018-02-14T06:10:50","guid":{"rendered":"http:\/\/www.diarioimagen.net\/?p=364136"},"modified":"2018-02-14T00:59:46","modified_gmt":"2018-02-14T06:59:46","slug":"terrenos-del-tren-interurbano-propiedad-federal-sct","status":"publish","type":"post","link":"https:\/\/www.diarioimagen.net\/?p=364136","title":{"rendered":"Terrenos del Tren Interurbano, propiedad federal: SCT"},"content":{"rendered":"<div id=\"attachment_364212\" style=\"width: 470px\" class=\"wp-caption aligncenter\"><a href=\"http:\/\/www.diarioimagen.net\/?attachment_id=364212\" rel=\"attachment wp-att-364212\"><img loading=\"lazy\" decoding=\"async\" aria-describedby=\"caption-attachment-364212\" class=\"size-large wp-image-364212\" src=\"http:\/\/www.diarioimagen.net\/wp-content\/uploads\/2018\/02\/TREN-3306-460x259.jpg\" alt=\"\" width=\"460\" height=\"259\" srcset=\"https:\/\/www.diarioimagen.net\/wp-content\/uploads\/2018\/02\/TREN-3306-460x259.jpg 460w, https:\/\/www.diarioimagen.net\/wp-content\/uploads\/2018\/02\/TREN-3306-240x135.jpg 240w, https:\/\/www.diarioimagen.net\/wp-content\/uploads\/2018\/02\/TREN-3306-235x132.jpg 235w, https:\/\/www.diarioimagen.net\/wp-content\/uploads\/2018\/02\/TREN-3306-202x114.jpg 202w, https:\/\/www.diarioimagen.net\/wp-content\/uploads\/2018\/02\/TREN-3306-350x196.jpg 350w, https:\/\/www.diarioimagen.net\/wp-content\/uploads\/2018\/02\/TREN-3306-220x123.jpg 220w, https:\/\/www.diarioimagen.net\/wp-content\/uploads\/2018\/02\/TREN-3306-237x132.jpg 237w, https:\/\/www.diarioimagen.net\/wp-content\/uploads\/2018\/02\/TREN-3306.jpg 480w\" sizes=\"auto, (max-width: 460px) 100vw, 460px\" \/><\/a><p id=\"caption-attachment-364212\" class=\"wp-caption-text\">Andr\u00e9s Manuel L\u00f3pez Obrador pidi\u00f3 a los asistentes que no grabaran su mensaje, pues, dijo, \u201cs\u00f3lo los de Gobernaci\u00f3n lo tienen permitido\u201d.<\/p><\/div>\n<p>&nbsp;<\/p>\n<p>La Secretar\u00eda de Comunicaciones y Transportes (SCT) asegur\u00f3 que los terrenos sobre los que se construye el Tren Interurbano M\u00e9xico-Toluca (TIMT), en Ocoyoacac, son propiedad federal.<\/p>\n<p>Adem\u00e1s, se\u00f1al\u00f3 que los pueblos de San Jer\u00f3nimo Acazulco y Santa Mar\u00eda Tepezoyuca han recibido indemnizaciones por 223 millones 343 mil 561 pesos y 69 millones 560 mil 437 millones, respectivamente.<\/p>\n<p>La dependencia precis\u00f3 que \u201clos terrenos sobre los que se ejecuta el Tren Interurbano M\u00e9xico-Toluca (TIMT) en Ocoyoacac son de propiedad federal; fueron expropiados en favor de la Comisi\u00f3n Federal de Electricidad (CFE) en 1943, quien los cedi\u00f3 a la SCT para dar paso al tren\u201d.<\/p>\n<p>Agreg\u00f3 que \u201cpara compensar a quienes aprovechaban los terrenos del derecho de v\u00eda de las torres de la CFE y lograr su desocupaci\u00f3n, la SCT indemniz\u00f3 a los afectados, seg\u00fan consta en el convenio firmado entre la Representaci\u00f3n Comunal y la SCT el 16 de octubre del 2015, previa autorizaci\u00f3n de la Asamblea de Comuneros del 9 de octubre de 2015, donde se otorga la transmisi\u00f3n de derechos de posesi\u00f3n.<\/p>\n","protected":false},"excerpt":{"rendered":"<p>La Secretar\u00eda de Comunicaciones y Transportes (SCT) asegur\u00f3 que los terrenos sobre los que se construye el Tren Interurbano M\u00e9xico-Toluca (TIMT), en Ocoyoacac, son propiedad federal.<\/p>\n","protected":false},"author":3,"featured_media":364212,"comment_status":"open","ping_status":"open","sticky":false,"template":"","format":"standard","meta":{"_monsterinsights_skip_tracking":false,"_monsterinsights_sitenote_active":false,"_monsterinsights_sitenote_note":"","_monsterinsights_sitenote_category":0,"footnotes":""},"categories":[3],"tags":[43673,347,1669,49371],"class_list":["post-364136","post","type-post","status-publish","format-standard","has-post-thumbnail","hentry","category-nacional","tag-nacional","tag-sct","tag-secretaria-de-comunicaciones-y-transportes","tag-tren-interurbano"],"_links":{"self":[{"href":"https:\/\/www.diarioimagen.net\/index.php?rest_route=\/wp\/v2\/posts\/364136","targetHints":{"allow":["GET"]}}],"collection":[{"href":"https:\/\/www.diarioimagen.net\/index.php?rest_route=\/wp\/v2\/posts"}],"about":[{"href":"https:\/\/www.diarioimagen.net\/index.php?rest_route=\/wp\/v2\/types\/post"}],"author":[{"embeddable":true,"href":"https:\/\/www.diarioimagen.net\/index.php?rest_route=\/wp\/v2\/users\/3"}],"replies":[{"embeddable":true,"href":"https:\/\/www.diarioimagen.net\/index.php?rest_route=%2Fwp%2Fv2%2Fcomments&post=364136"}],"version-history":[{"count":0,"href":"https:\/\/www.diarioimagen.net\/index.php?rest_route=\/wp\/v2\/posts\/364136\/revisions"}],"wp:featuredmedia":[{"embeddable":true,"href":"https:\/\/www.diarioimagen.net\/index.php?rest_route=\/wp\/v2\/media\/364212"}],"wp:attachment":[{"href":"https:\/\/www.diarioimagen.net\/index.php?rest_route=%2Fwp%2Fv2%2Fmedia&parent=364136"}],"wp:term":[{"taxonomy":"category","embeddable":true,"href":"https:\/\/www.diarioimagen.net\/index.php?rest_route=%2Fwp%2Fv2%2Fcategories&post=364136"},{"taxonomy":"post_tag","embeddable":true,"href":"https:\/\/www.diarioimagen.net\/index.php?rest_route=%2Fwp%2Fv2%2Ftags&post=364136"}],"curies":[{"name":"wp","href":"https:\/\/api.w.org\/{rel}","templated":true}]}}