{"id":364141,"date":"2018-02-14T00:11:41","date_gmt":"2018-02-14T06:11:41","guid":{"rendered":"http:\/\/www.diarioimagen.net\/?p=364141"},"modified":"2018-02-14T00:56:37","modified_gmt":"2018-02-14T06:56:37","slug":"segob-seguimiento-de-actividades-no-espionaje","status":"publish","type":"post","link":"https:\/\/www.diarioimagen.net\/?p=364141","title":{"rendered":"Segob: seguimiento de actividades, no espionaje"},"content":{"rendered":"<ul>\n<li><em><strong>Respuesta al precandidato presidencial panista<\/strong><\/em><\/li>\n<li><em><strong>Que es una funci\u00f3n constitucional aprobada por el Congreso<\/strong><\/em><\/li>\n<\/ul>\n<p>&nbsp;<\/p>\n<div id=\"attachment_364203\" style=\"width: 470px\" class=\"wp-caption aligncenter\"><a href=\"http:\/\/www.diarioimagen.net\/?attachment_id=364203\" rel=\"attachment wp-att-364203\"><img loading=\"lazy\" decoding=\"async\" aria-describedby=\"caption-attachment-364203\" class=\"size-large wp-image-364203\" src=\"http:\/\/www.diarioimagen.net\/wp-content\/uploads\/2018\/02\/SEGOB-3306-460x259.jpg\" alt=\"\" width=\"460\" height=\"259\" srcset=\"https:\/\/www.diarioimagen.net\/wp-content\/uploads\/2018\/02\/SEGOB-3306-460x259.jpg 460w, https:\/\/www.diarioimagen.net\/wp-content\/uploads\/2018\/02\/SEGOB-3306-240x135.jpg 240w, https:\/\/www.diarioimagen.net\/wp-content\/uploads\/2018\/02\/SEGOB-3306-235x132.jpg 235w, https:\/\/www.diarioimagen.net\/wp-content\/uploads\/2018\/02\/SEGOB-3306-202x114.jpg 202w, https:\/\/www.diarioimagen.net\/wp-content\/uploads\/2018\/02\/SEGOB-3306-350x196.jpg 350w, https:\/\/www.diarioimagen.net\/wp-content\/uploads\/2018\/02\/SEGOB-3306-220x123.jpg 220w, https:\/\/www.diarioimagen.net\/wp-content\/uploads\/2018\/02\/SEGOB-3306-237x132.jpg 237w, https:\/\/www.diarioimagen.net\/wp-content\/uploads\/2018\/02\/SEGOB-3306.jpg 480w\" sizes=\"auto, (max-width: 460px) 100vw, 460px\" \/><\/a><p id=\"caption-attachment-364203\" class=\"wp-caption-text\">Alfonso Navarrete rechaz\u00f3 que el seguimiento a las actividades de los aspirantes a la Presidencia sea un acto de espionaje.<\/p><\/div>\n<p>&nbsp;<\/p>\n<p>El secretario de Gobernaci\u00f3n, Alfonso Navarrete Prida, rechaz\u00f3 que el seguimiento a las actividades de los aspirantes a la Presidencia de la Rep\u00fablica, sea un acto de espionaje a opositores.<\/p>\n<p>Confirm\u00f3 que s\u00ed se le da seguimiento a todas las actividades relevantes qu\u00e9 hay en el pa\u00eds, pues dijo que esa es la funci\u00f3n constitucional aprobada por el Congreso de la Uni\u00f3n, de un Centro de Inteligencia Nacional, \u201clo que no significa intromisi\u00f3n ni en la vida personal, ni tratar de volar la ley, a trav\u00e9s de medidas de investigaci\u00f3n que la propia ley proh\u00edbe\u201d.<\/p>\n<p>Entonces, se\u00f1al\u00f3, \u201cno se trata de un caso de espionaje, ni de espionaje a opositores, ni de medidas de car\u00e1cter clandestino. Creo incluso que la forma en que se presenta esta persona (del Cisen), s\u00ed fuera el caso de un espionaje clandestino, ser\u00eda bastante burda\u201d.<\/p>\n<p>Entrevistado durante la ceremonia de colocaci\u00f3n de la primera piedra de la nueva sede de la embajada de Estados Unidos, ubicada en la zona de Nuevo Polanco en la Ciudad de M\u00e9xico, dijo que se debe contextualizar el hecho que ocurri\u00f3 hace varios d\u00edas.<\/p>\n<p>Luego de que el aspirante a la Presidencia de la Rep\u00fablica, Ricardo Anaya, se dijo v\u00edctima de espionaje, Navarrete Prida coment\u00f3:<\/p>\n<p>\u201cHe visto ese video, entiendo que ya tiene varios d\u00edas de que ese suceso ocurri\u00f3, que no acaba de ocurrir, y entiendo tambi\u00e9n por lo que vi en el video que la persona que va se identifica plenamente, va a bordo de un veh\u00edculo oficial\u201d, manifet\u00f3.<\/p>\n<p>\u201cEst\u00e1 realizando funciones que es el seguimiento y darle continuidad a las campa\u00f1as. No se trata de un caso ni de espionaje ni de espionaje a opositores ni de medidas de car\u00e1cter clandestino\u201d.<\/p>\n<p>En este marco y a pregunta expresa, destac\u00f3 que el seguimiento que se lleva a cabo es para cualquier actividad relevante que se tenga que hacer, no para una persona en particular ni mucho menos un candidato.<\/p>\n<p>Aunque descart\u00f3 que se trate de espionaje, Navarrete Prida coment\u00f3 que el Cisen tendr\u00e1 que realizar una investigaci\u00f3n interna para saber exactamente qu\u00e9 ocurri\u00f3 en este caso.<\/p>\n<p>Cuestionado sobre si hacen el mismo tipo de actividades con otros precandidatos, Navarrete dijo que est\u00e1n d\u00e1ndole seguimiento a todas las actividades relevantes.<\/p>\n<p>El precandidato presidencial panista Ricardo Anaya asegur\u00f3 que en los \u00faltimos d\u00edas ha sido seguido por agentes del Cisen y exigi\u00f3 al gobierno federal una explicaci\u00f3n.<\/p>\n<p>En su cuenta de <em>Twitter<\/em>, Anaya hizo la denuncia y public\u00f3 un video en el que muestra una camioneta que le sigue el paso a su veh\u00edculo.<\/p>\n","protected":false},"excerpt":{"rendered":"<p>El secretario de Gobernaci\u00f3n, Alfonso Navarrete Prida, rechaz\u00f3 que el seguimiento a las actividades de los aspirantes a la Presidencia de la Rep\u00fablica, sea un acto de espionaje a opositores. Confirm\u00f3 que s\u00ed se le da seguimiento a todas las actividades relevantes qu\u00e9 hay en el pa\u00eds, pues dijo que esa es la funci\u00f3n constitucional aprobada por el Congreso de la Uni\u00f3n, de un Centro de Inteligencia Nacional, \u201clo que no significa intromisi\u00f3n ni en la vida personal, ni tratar de volar la ley, a trav\u00e9s de medidas de investigaci\u00f3n que la propia ley proh\u00edbe\u201d.<\/p>\n","protected":false},"author":3,"featured_media":364203,"comment_status":"open","ping_status":"open","sticky":false,"template":"","format":"standard","meta":{"_monsterinsights_skip_tracking":false,"_monsterinsights_sitenote_active":false,"_monsterinsights_sitenote_note":"","_monsterinsights_sitenote_category":0,"footnotes":""},"categories":[3],"tags":[2255,21920,702],"class_list":["post-364141","post","type-post","status-publish","format-standard","has-post-thumbnail","hentry","category-nacional","tag-congreso-de-la-union","tag-espionaje","tag-segob"],"_links":{"self":[{"href":"https:\/\/www.diarioimagen.net\/index.php?rest_route=\/wp\/v2\/posts\/364141","targetHints":{"allow":["GET"]}}],"collection":[{"href":"https:\/\/www.diarioimagen.net\/index.php?rest_route=\/wp\/v2\/posts"}],"about":[{"href":"https:\/\/www.diarioimagen.net\/index.php?rest_route=\/wp\/v2\/types\/post"}],"author":[{"embeddable":true,"href":"https:\/\/www.diarioimagen.net\/index.php?rest_route=\/wp\/v2\/users\/3"}],"replies":[{"embeddable":true,"href":"https:\/\/www.diarioimagen.net\/index.php?rest_route=%2Fwp%2Fv2%2Fcomments&post=364141"}],"version-history":[{"count":0,"href":"https:\/\/www.diarioimagen.net\/index.php?rest_route=\/wp\/v2\/posts\/364141\/revisions"}],"wp:featuredmedia":[{"embeddable":true,"href":"https:\/\/www.diarioimagen.net\/index.php?rest_route=\/wp\/v2\/media\/364203"}],"wp:attachment":[{"href":"https:\/\/www.diarioimagen.net\/index.php?rest_route=%2Fwp%2Fv2%2Fmedia&parent=364141"}],"wp:term":[{"taxonomy":"category","embeddable":true,"href":"https:\/\/www.diarioimagen.net\/index.php?rest_route=%2Fwp%2Fv2%2Fcategories&post=364141"},{"taxonomy":"post_tag","embeddable":true,"href":"https:\/\/www.diarioimagen.net\/index.php?rest_route=%2Fwp%2Fv2%2Ftags&post=364141"}],"curies":[{"name":"wp","href":"https:\/\/api.w.org\/{rel}","templated":true}]}}