{"id":364186,"date":"2018-02-14T00:11:16","date_gmt":"2018-02-14T06:11:16","guid":{"rendered":"http:\/\/www.diarioimagen.net\/?p=364186"},"modified":"2018-02-14T01:24:22","modified_gmt":"2018-02-14T07:24:22","slug":"libertades-y-estabilidad-en-riesgo-de-desaparecer-en-un-abrir-y-cerrar-de-ojos-ernesto-cordero","status":"publish","type":"post","link":"https:\/\/www.diarioimagen.net\/?p=364186","title":{"rendered":"\u201cLibertades y estabilidad, en riesgo de desaparecer en un abrir y cerrar de ojos\u201d: Ernesto Cordero"},"content":{"rendered":"<h2>Tras la puerta del poder<\/h2>\n<h5>Roberto Vizca\u00edno<\/h5>\n<p>&nbsp;<\/p>\n<div id=\"attachment_364261\" style=\"width: 470px\" class=\"wp-caption aligncenter\"><a href=\"http:\/\/www.diarioimagen.net\/?attachment_id=364261\" rel=\"attachment wp-att-364261\"><img loading=\"lazy\" decoding=\"async\" aria-describedby=\"caption-attachment-364261\" class=\"size-large wp-image-364261\" src=\"http:\/\/www.diarioimagen.net\/wp-content\/uploads\/2018\/02\/bolita-por-favor-luis-xavier-3306-460x337.jpg\" alt=\"\" width=\"460\" height=\"337\" srcset=\"https:\/\/www.diarioimagen.net\/wp-content\/uploads\/2018\/02\/bolita-por-favor-luis-xavier-3306-460x337.jpg 460w, https:\/\/www.diarioimagen.net\/wp-content\/uploads\/2018\/02\/bolita-por-favor-luis-xavier-3306-240x176.jpg 240w, https:\/\/www.diarioimagen.net\/wp-content\/uploads\/2018\/02\/bolita-por-favor-luis-xavier-3306-768x563.jpg 768w, https:\/\/www.diarioimagen.net\/wp-content\/uploads\/2018\/02\/bolita-por-favor-luis-xavier-3306-90x65.jpg 90w, https:\/\/www.diarioimagen.net\/wp-content\/uploads\/2018\/02\/bolita-por-favor-luis-xavier-3306.jpg 1200w\" sizes=\"auto, (max-width: 460px) 100vw, 460px\" \/><\/a><p id=\"caption-attachment-364261\" class=\"wp-caption-text\">\u00a1Bolita por favor..! | Luis Xavier<\/p><\/div>\n<p>&nbsp;<\/p>\n<p>La advertencia del presidente del Senado, del panista <strong>Ernesto Cordero<\/strong>, fue directa, sin matices, respecto de lo que se juega en M\u00e9xico el 1 de julio pr\u00f3ximo si llega <em>\u201cya sabes qui\u00e9n\u201d<\/em>.<\/p>\n<p>El jefe de los rebeldes en la fracci\u00f3n blanquiazul en la c\u00e1mara alta aprovech\u00f3 el amplio foro internacional que representaba la inauguraci\u00f3n de la XXIV Reuni\u00f3n de la Comisi\u00f3n Parlamentaria Mixta M\u00e9xico-Uni\u00f3n Europea, para emitir un llamado a todos los mexicanos.<\/p>\n<p><strong>Cordero<\/strong> indic\u00f3 que nadie hoy en M\u00e9xico puede dar por sentadas las libertades pol\u00edticas y la estabilidad econ\u00f3mica que ha construido el pa\u00eds durante los \u00faltimos 35 a\u00f1os, pues \u00e9stas \u201cpueden desaparecer en un abrir y cerrar de ojos\u201d.<\/p>\n<p>Por ello, y ante el obvio avance de \u201cya sabes qui\u00e9n\u201d, hizo un llamado a luchar por las libertades pol\u00edticas, sociales y econ\u00f3micas que se han construido con el esfuerzo de todos los mexicanos.<\/p>\n<p>Record\u00f3 que hasta no hace mucho M\u00e9xico \u201cviv\u00eda la zozobra de las crisis recurrentes, de devaluaciones econ\u00f3micas, de recesi\u00f3n econ\u00f3mica, devaluaci\u00f3n galopante; viv\u00edamos en un sistema de democracia simulada, donde un solo partido gobernaba y ten\u00eda control de las C\u00e1maras\u201d.<\/p>\n<p>Pero M\u00e9xico decidi\u00f3 cambiar, dijo, y abrirse al mundo para negociar tratados internacionales con diversas naciones, regresando a la ortodoxia econ\u00f3mica y a la prudencia de sus finanzas p\u00fablicas, y logr\u00f3 estabilizarse junto con el respeto internacional que hoy tenemos, y que ha costado d\u00e9cadas de construcci\u00f3n.<\/p>\n<p>Es gracias a eso que hoy M\u00e9xico cuenta con una econom\u00eda estable, y es probablemente de las econom\u00edas emergentes m\u00e1s s\u00f3lidas con acceso a cr\u00e9ditos establecidos con plazos a cien a\u00f1os.<\/p>\n<p>El presidente del Senado subray\u00f3 que el principal valor de M\u00e9xico, es la lucha por las libertades pol\u00edticas, econ\u00f3micas y sociales, y por lo tanto, en el pr\u00f3ximo proceso electoral los mexicanos estaremos a la altura de las circunstancias y elegiremos lo que sea mejor para nuestro pa\u00eds.<\/p>\n<p>\u201cM\u00e9xico preserva los valores por los cuales ustedes tambi\u00e9n han luchado, que es la libertad econ\u00f3mica, la libertad pol\u00edtica, y luchar intensamente por las libertades es algo que se tiene que hacer todos los d\u00edas y no podemos darlo por sentado, porque estas libertades pueden desaparecer en un abrir y cerrar de ojos\u201d, reiter\u00f3 ante embajadores y legisladores europeos asistentes al acto.<\/p>\n<p style=\"text-align: center;\"><strong>El populismo, una amenaza sin fronteras<\/strong><\/p>\n<p>Al tomar la palabra, la eurodiputada sevillana <strong>Teresa Jim\u00e9nez-Becerril,<\/strong> copresidenta de la Comisi\u00f3n Parlamentaria Mixta M\u00e9xico-Uni\u00f3n Europea, advirti\u00f3 que este organismo legislativo \u201crespeta plenamente el proceso electoral de los Estados Unidos Mexicanos, desde la independencia y la neutralidad\u201d.<\/p>\n<p>Pero de entrada aclar\u00f3 que a todos en el Parlamento Europeo les preocupa no s\u00f3lo el euroescepticismo y la desconfianza en el proyecto europeo fruto del creciente populismo.<\/p>\n<p>Eso es, digo yo, algo similar a lo que ocurre en M\u00e9xico entre quienes cuestionan y no conf\u00edan en el r\u00e9gimen de<strong> Enrique Pe\u00f1a Nieto <\/strong>y consider\u00f3 que al igual que all\u00e1, aqu\u00ed tambi\u00e9n es por el populismo, en gran parte impulsado por \u201cya sabes qui\u00e9n\u201d.<\/p>\n<p>En Europa, como en otras regiones del mundo, M\u00e9xico incluido, precis\u00f3 la eurodiputada, el populismo, la globalizaci\u00f3n, el neoliberalismo, el castigo a las clases medias, las amenazas terroristas, el miedo a la inmigraci\u00f3n irregular, han sido aprovechados con \u00e9xito por diferentes movimientos nacionalistas y xen\u00f3fobos.<\/p>\n<p>\u201cDichos movimientos representados por <strong>Donald Trump<\/strong>, <strong>Nigel Farage<\/strong>, en Reino Unido; <strong>Marie Le Pen; Franz Peter,<\/strong> en Alemania; <strong>Gene Wilder, <\/strong>en Holanda (y aqu\u00ed por \u201cya sabes qui\u00e9n\u201d) logran convencer a millones de personas de que los intereses de los pueblos est\u00e1n gravemente amenazados por los grandes movimientos internacionales, econ\u00f3micos, financieros y demogr\u00e1ficos\u2026<\/p>\n<p><strong>\u201cLa fragilidad que nuestros ciudadanos experimentan es vilmente aprovechada para desalentar el proyecto de vida que juntos hemos acordado\u201d, concluy\u00f3<\/strong> la eurodiputada <strong>para recordarnos de nuevo a \u201cya sabes qui\u00e9n\u201d<\/strong><\/p>\n<p style=\"text-align: center;\"><strong>El Senado a favor\u00a0 de los mexicanos<\/strong><\/p>\n<p>En un pronunciamiento que hizo recordar aquella aclaraci\u00f3n del presidente <strong>Enrique Pe\u00f1a Nieto<\/strong> de que \u00e9l no se levanta por las ma\u00f1anas pensando en c\u00f3mo joder a los mexicanos, sino todo lo contrario, ayer el senador <strong>Emilio Gamboa,<\/strong> l\u00edder de la fracci\u00f3n del PRI en el Senado afirm\u00f3 que en esta c\u00e1mara se trabaja para que a la gente le vaya mejor.<\/p>\n<p>Y afirm\u00f3 que, aun cuando hoy en el entorno de enojo y malestar muchos ciudadanos creen que los senadores y diputados no hacen lo que debieran, esta Legislatura senatorial \u201cva a pasar a la historia por las reformas importantes que aprobaron\u201d.<\/p>\n<p>A quienes las critican y descalifican, les record\u00f3 que todas las leyes son perfectibles y por ello, \u201cen estos cinco a\u00f1os y medio se ha hecho lo mejor posible en el trabajo parlamentario\u201d.<\/p>\n<p><strong>Gamboa<\/strong> particip\u00f3 as\u00ed en la exposici\u00f3n \u201c<em>Hablemos bien de M\u00e9xico a trav\u00e9s de las creaciones de joyeros MX\u201d,<\/em> organizada por la senadora panista <strong>Mariana G\u00f3mez del Campo.<\/strong><\/p>\n<p style=\"text-align: center;\"><strong>\u00bfNo qu\u00e9 mucha urgencia?<\/strong><\/p>\n<p>La senadora mexiquense pri\u00edsta <strong>Ana Lilia Herrera,<\/strong> presidenta de la Junta de Coordinaci\u00f3n Pol\u00edtica del Senado, urgi\u00f3 a todas las fuerzas pol\u00edticas representadas en esta c\u00e1mara, para ya no perder el tiempo y sacar adelante de una vez por todas la Ley de Propaganda Gubernamental y cumplir as\u00ed la resoluci\u00f3n de la Suprema Corte que orden\u00f3 al Congreso emitir esta nueva legislaci\u00f3n.<\/p>\n<p>Esta Ley garantizar\u00eda eficiencia, eficacia, econom\u00eda y transparencia en los gastos de comunicaci\u00f3n social el sector p\u00fablico todo en M\u00e9xico.<\/p>\n<p>Tres son las iniciativas que existen ya para expedir esta legislaci\u00f3n y todas est\u00e1n ya en espera de aprobaci\u00f3n en la mesa de dictamen en las Comisiones Unidas de Gobernaci\u00f3n, Radio, Televisi\u00f3n y Cinematograf\u00eda, Estudios Legislativos, Primera.<\/p>\n<p>La instrucci\u00f3n dictada por la Corte el 4 de enero, indica que el Congreso tiene hasta el 30 de abril para aprobarla.<\/p>\n<p style=\"text-align: center;\"><strong>No se la acaba<\/strong><\/p>\n<p>Quien no ve la suya por andar de lengua larga, es <strong>Enrique Ochoa Reza<\/strong>, presidente nacional del PRI para quien los senadores del PAN pidieron ayer que el Consejo Nacional para Prevenir la Discriminaci\u00f3n lo sancione por supuestamente incurrir en un acto de discriminaci\u00f3n.<\/p>\n<p><strong>Ochoa,<\/strong> al calor del discurso ante miles de militantes, dijo que los pri\u00edstas que se han ido a Morena son los <strong><em>prietitos<\/em><\/strong> que ya no tienen regreso al PRI. Estos senadores blanquiazules no han pedido que el mismo castigo se aplique a AMLO quien llam\u00f3 <em>pirruris<\/em> a algunos los intelectuales que lo analizaron.<\/p>\n<p style=\"text-align: center;\"><strong>Reaparece Arturo Escobar<\/strong><\/p>\n<p>De donde se fue ayer regres\u00f3 <strong>Arturo Escobar,<\/strong> quien hoy representa de nuevo al Partido Verde Ecologista en las negociaciones con el gobierno.<\/p>\n<p>Escobar renunci\u00f3 el 25 de noviembre de 2015 como subsecretario de Prevenci\u00f3n y Participaci\u00f3n Ciudadana de la Secretar\u00eda de Gobernaci\u00f3n, luego de que la Fepade encabezada por Santiago Nieto pidi\u00f3 una orden de aprehensi\u00f3n en su contra por el uso de tarjetas Platino en la elecci\u00f3n federal de 2012.<\/p>\n<p>En medio del esc\u00e1ndalo, Escobar contrademand\u00f3 a Santiago Nieto.<\/p>\n<p>Ayer reapareci\u00f3 al lado del nuevo titular de Gobernaci\u00f3n con quien participar\u00e1 en la integraci\u00f3n de una mesa sobre seguridad, en la que participar\u00e1n otros partidos pol\u00edticos.<\/p>\n<p style=\"text-align: center;\"><strong>Los lecheros reclaman de nuevo<\/strong><\/p>\n<p>Los productores de leche agrupados en la Federaci\u00f3n Mexicana de Lecher\u00eda, la FEMELECHE, urgi\u00f3 ayer a Liconsa un aumento en el pago a este pues a pesar de que en los \u00faltimos 4 a\u00f1os la inflaci\u00f3n acumulada ha sido de 20%, de acuerdo con el INEGI, y la variaci\u00f3n del tipo de cambio ha tenido una fluctuaci\u00f3n promedio del 50%, la paraestatal de Sedesol no ha modificado su pol\u00edtica de pagos al productor mexicano. Los productores en cambio se han enfrentado a la desaparici\u00f3n de una gran cantidad de establos y poniendo en riesgo de desaparecer a miles m\u00e1s, que son la base del sustento para muchas familia de nuestro pa\u00eds, afectando en especial, a peque\u00f1os y medianos productores cuya actividad lechera es de tipo familiar y es el sustento diario de \u00e9stos, indicaron.<\/p>\n<p><em><a href=\"mailto:rvizcainoa@gmail.com\" target=\"_blank\" rel=\"noopener\">vizcainoa@gmail.com<\/a><\/em><br \/>\n<em><a href=\"http:\/\/www.endirecto.com.mx\/\" target=\"_blank\" rel=\"noopener\">www.endirecto.com.mx<\/a><\/em><br \/>\n<em><a href=\"https:\/\/twitter.com\/_rvizcaino\" target=\"_blank\" rel=\"noopener\">@_RVizcaino<\/a><\/em><br \/>\n<a href=\"https:\/\/www.facebook.com\/rvizcainoa\" target=\"_blank\" rel=\"noopener\">f<em>acebook.com\/rvizcainoa<\/em><\/a><\/p>\n","protected":false},"excerpt":{"rendered":"<p><span style=\"color: #005497;\"><strong>Roberto Vizca\u00edno<\/strong><\/span><br \/>\n<br \/>\nLa advertencia del presidente del Senado, del panista <strong>Ernesto Cordero<\/strong>, fue directa, sin matices, respecto de lo que se juega en M\u00e9xico el 1 de julio pr\u00f3ximo si llega <em>\u201cya sabes qui\u00e9n\u201d<\/em>.<\/p>\n","protected":false},"author":3,"featured_media":364261,"comment_status":"open","ping_status":"open","sticky":false,"template":"","format":"standard","meta":{"_monsterinsights_skip_tracking":false,"_monsterinsights_sitenote_active":false,"_monsterinsights_sitenote_note":"","_monsterinsights_sitenote_category":0,"footnotes":""},"categories":[136],"tags":[43674,93,94],"class_list":["post-364186","post","type-post","status-publish","format-standard","has-post-thumbnail","hentry","category-roberto-vizcaino-opinion","tag-opinion","tag-roberto-vizcaino","tag-tras-la-puerta-del-poder"],"_links":{"self":[{"href":"https:\/\/www.diarioimagen.net\/index.php?rest_route=\/wp\/v2\/posts\/364186","targetHints":{"allow":["GET"]}}],"collection":[{"href":"https:\/\/www.diarioimagen.net\/index.php?rest_route=\/wp\/v2\/posts"}],"about":[{"href":"https:\/\/www.diarioimagen.net\/index.php?rest_route=\/wp\/v2\/types\/post"}],"author":[{"embeddable":true,"href":"https:\/\/www.diarioimagen.net\/index.php?rest_route=\/wp\/v2\/users\/3"}],"replies":[{"embeddable":true,"href":"https:\/\/www.diarioimagen.net\/index.php?rest_route=%2Fwp%2Fv2%2Fcomments&post=364186"}],"version-history":[{"count":0,"href":"https:\/\/www.diarioimagen.net\/index.php?rest_route=\/wp\/v2\/posts\/364186\/revisions"}],"wp:featuredmedia":[{"embeddable":true,"href":"https:\/\/www.diarioimagen.net\/index.php?rest_route=\/wp\/v2\/media\/364261"}],"wp:attachment":[{"href":"https:\/\/www.diarioimagen.net\/index.php?rest_route=%2Fwp%2Fv2%2Fmedia&parent=364186"}],"wp:term":[{"taxonomy":"category","embeddable":true,"href":"https:\/\/www.diarioimagen.net\/index.php?rest_route=%2Fwp%2Fv2%2Fcategories&post=364186"},{"taxonomy":"post_tag","embeddable":true,"href":"https:\/\/www.diarioimagen.net\/index.php?rest_route=%2Fwp%2Fv2%2Ftags&post=364186"}],"curies":[{"name":"wp","href":"https:\/\/api.w.org\/{rel}","templated":true}]}}