{"id":364196,"date":"2018-02-14T00:02:14","date_gmt":"2018-02-14T06:02:14","guid":{"rendered":"http:\/\/www.diarioimagen.net\/?p=364196"},"modified":"2018-02-14T00:40:45","modified_gmt":"2018-02-14T06:40:45","slug":"eu-recorta-recursos-para-medio-ambiente","status":"publish","type":"post","link":"https:\/\/www.diarioimagen.net\/?p=364196","title":{"rendered":"EU recorta recursos para medio ambiente"},"content":{"rendered":"<h2>\u201cHora 14\u201d<\/h2>\n<h5>Mauricio Conde Olivares<\/h5>\n<p>&nbsp;<\/p>\n<p>La lucha por un medio ambiente sano no solamente enfrenta severos desaf\u00edos en M\u00e9xico y Am\u00e9rica Latina, pues la administraci\u00f3n de Donald Trump se ha vuelto uno de los principales obst\u00e1culos para obtener los mejores resultados y voces de importantes grupos de poder en Estados Unidos han levantado la voz de alerta.<\/p>\n<p>Por ello, es muy importante el posicionamiento de Fred Krupp, presidente del Fondo para la Defensa Ambiental (EDF): \u201cEl presupuesto de la administraci\u00f3n Trump que fue liberado es el camino hacia un Estados Unidos de Am\u00e9rica menos saludable y m\u00e1s contaminado. Un presupuesto muestra tus valores y este presupuesto demuestra que la administraci\u00f3n no valora el aire y agua limpios, o proteger a los estadounidenses de contaminaci\u00f3n t\u00f3xica\u201d.<\/p>\n<p>Por segundo a\u00f1o consecutivo, el presidente Trump ha propuesto devastadores recortes a la EPA, a pesar del hecho que su presupuesto en t\u00e9rminos reales ha sido recortado por m\u00e1s del doble en las \u00faltimas dos d\u00e9cadas. El resultado directo de estos irresponsables recortes ser\u00e1n m\u00e1s ataques de asma para nuestros ni\u00f1os, m\u00e1s c\u00e1ncer y m\u00e1s diabetes, y el aumento en miles de muertes a causa de la contaminaci\u00f3n.<\/p>\n<p>El administrador de la EPA, Scott Pruitt, afirm\u00f3 que quiere un ambiente m\u00e1s limpio, sin embargo, sus acciones -y su presupuesto- prueban lo contrario.<\/p>\n<p>No se puede limpiar el aire mientras se disminuye el financiamiento para el monitoreo de contaminaci\u00f3n en el mismo, replic\u00f3 Krupp.<\/p>\n<p>No se puede responsabilizar a los contaminadores mediante el recorte del programa para hacerlos cumplir, incluso cuando ya existen menos agentes de los que son requeridos por la ley.<\/p>\n<p>No se puede proteger a los estadounidenses de los qu\u00edmicos t\u00f3xicos, mientras que se asigna menor presupuesto y se eliminan programas cr\u00edticos de investigaci\u00f3n que eval\u00faan los qu\u00edmicos potencialmente peligrosos y se deja a ese programa en las manos de alguien que lleg\u00f3 directamente de la asociaci\u00f3n de cabildeo de la industria qu\u00edmica.<\/p>\n<p>No se puede proteger a los estadounidenses de residuos t\u00f3xicos, si se ignora la conclusi\u00f3n del Inspector General de la EPA acerca de que el programa de Superfondos est\u00e1 siendo \u201cineficientemente\u201d operado y se deja al programa en las manos del amigo banquero del se\u00f1or Pruitt, un hombre que ha sido expulsado de su industria de por vida por malos manejos y conductas inadecuadas.<\/p>\n<p>No se puede proteger el futuro de nuestros ni\u00f1os al recortar los programas de cambio clim\u00e1tico, permitir l\u00edmites m\u00e1s altos en la contaminaci\u00f3n clim\u00e1tica y demeritar a la ciencia.<\/p>\n<p>El se\u00f1or Pruitt es un pol\u00edtico brillante, pero este presupuesto muestra sus intenciones reales, resalt\u00f3 Fred Krupp: descuartizar a la EPA para que las industrias que siempre han respaldado su carrera puedan hacer lo que deseen con nuestros aire y agua. Nuestros ni\u00f1os son quienes sufrir\u00e1n m\u00e1s.<\/p>\n<p>La irresponsabilidad de este presupuesto no termina con los recortes a la EPA.<\/p>\n<p>A\u00fan despu\u00e9s de ver los peligrosos t\u00f3xicos que se liberaron en plantas de Texas despu\u00e9s del hurac\u00e1n \u201cHarvey\u201d, la administraci\u00f3n Trump todav\u00eda quiere recortar a la agencia independiente que investiga los desastres qu\u00edmicos. Eso es irresponsable, afirm\u00f3 el funcionario estadounidense.<\/p>\n<p>La investigaci\u00f3n y desarrollo en energ\u00eda limpia y eficiencia energ\u00e9tica que se est\u00e1 llevando a cabo en el Departamento de Energ\u00eda, es la piedra angular de los esfuerzos de nuestro pa\u00eds en desarrollar el futuro de energ\u00eda limpia que deseamos.<\/p>\n<p>Los recortes generales a los programas de conservaci\u00f3n de la tierra, agua y vida silvestre tendr\u00e1n impactos devastadores sobre la gente y la naturaleza. En espec\u00edfico, los recortes al Servicio de Pesca y Vida Silvestre, la Oficina de Ordenamiento Territorial, la Administraci\u00f3n Nacional de Oceanograf\u00eda y la Atm\u00f3sfera, el Departamento de Agricultura, el Servicio Forestal y los programas de \u00e9ste, pondr\u00e1n en un mayor riesgo del que ya enfrentan, a especies vulnerables, ecosistemas y comunidades.<\/p>\n<p>En un tiempo en el que incendios forestales, sequ\u00edas, huracanes y otros eventos clim\u00e1ticos extremos est\u00e1n \u00fanicamente incrementando, la administraci\u00f3n est\u00e1 expandiendo infraestructura y desarrollo de energ\u00eda, no podemos costear m\u00e1s recortes a los programas que nos hacen m\u00e1s resilientes al clima.<\/p>\n<p>La propuesta m\u00e1s grande de la administraci\u00f3n en infraestructura, parece subestimar las salvaguardas que protegen nuestro aire, tierra y agua. Los proyectos de infraestructura inteligentes y sustentables crean m\u00e1s y mejores trabajos, as\u00ed como mejores vidas para las familias norteamericanas. Tomemos esta oportunidad para reconstruir un Estados Unidos m\u00e1s limpio\u201d, finaliz\u00f3 Fred Krupp, presidente del Fondo para la Defensa Ambiental (EDF).<\/p>\n<p>Por su parte, ac\u00e1 en M\u00e9xico, la subsecretaria de Planeaci\u00f3n y Pol\u00edtica Tur\u00edstica de la Secretar\u00eda de Turismo (Sectur), Teresa Sol\u00eds Trejo, asegur\u00f3 que en los \u00faltimos cinco a\u00f1os el gobierno federal desarroll\u00f3 pol\u00edticas p\u00fablicas para incorporar estrategias de sostenibilidad a la actividad tur\u00edstica de M\u00e9xico, que han dado un gran impulso a la creaci\u00f3n de \u00e1reas naturales protegidas, las cuales a la fecha han registrado un crecimiento de 257 por ciento respecto a 2012.<\/p>\n<p>Dijo que desde 2016 la Sectur trabaj\u00f3 en coordinaci\u00f3n con otras instituciones federales y gobiernos locales en la creaci\u00f3n de la reserva de la Biosfera del Caribe Mexicano, \u201cuna de las \u00e1reas que reciben m\u00e1s turismo en M\u00e9xico, y con ella ya tenemos 182 \u00e1reas naturales protegidas en el territorio nacional\u201d.<\/p>\n<p>Durante la presentaci\u00f3n de la 2\u00aa edici\u00f3n de la Sustainable &amp; Social Tourism Summit Canc\u00fan-2018, a realizarse del 14 al 17 de marzo en este destino, Sol\u00eds Trejo indic\u00f3 que \u201cestamos trabajando en un programa de ordenamiento tur\u00edstico sostenible, consensando con los destinos un programa de ordenamiento tur\u00edstico sostenible para todo el pa\u00eds a nivel nacional, ya que no son solamente los destinos a nivel regional los que tenemos que atender\u201d.<\/p>\n<p>\u201cTenemos un programa muy activo, vamos por m\u00e1s, el secretario De la Madrid\u00a0 ha se\u00f1alado que la sostenibilidad en el turismo es prioritaria en los destinos de sol y playa, tambi\u00e9n en los de naturaleza, en las grandes ciudades como la CDMX donde\u00a0 est\u00e1n invirtiendo conjuntamente el gobierno\u00a0 y el sector acad\u00e9mico en mejorar la eficiencia del uso de la energ\u00eda, el manejo del agua, de residuos e incluso, junto a la Semarnat\u00a0 trabajamos para evitar el desperdicio de alimentos\u201d, se\u00f1al\u00f3 la subsecretaria.<\/p>\n<p>Sol\u00eds Trejo dijo que los temas que ser\u00e1n abordados por especialistas en la Sustainable &amp; Social Tourism Summit destacan los relativos a generaci\u00f3n de empleos dignos y bien remunerados, el empoderamiento de las mujeres desde las comunidades m\u00e1s remotas hasta las grandes empresarias del sector tur\u00edstico de nuestro pa\u00eds, as\u00ed como programas de inclusi\u00f3n de g\u00e9nero y protecci\u00f3n de ni\u00f1os y adolescentes contra la trata de personas, entre otros.<\/p>\n<p>La funcionaria enfatiz\u00f3 que \u201ctenemos un gran reto y prisa; tenemos un extraordinario potencial a trav\u00e9s del talento de nuestros connacionales y de colegas latinoamericanos y europeos que asisten al foro para aprovechar ese talento, la tecnolog\u00eda, y generar juntos esos cambios que se requieren de manera urgente en nuestras comunidades tur\u00edsticas, a fin de seguir siendo una potencia no solo en n\u00famero de turistas, sino en la calidad del turismo que podamos ofrecer\u201d.<\/p>\n<p>Cabe subrayar que m\u00e1s de 30 expertos de m\u00e1s de 10 pa\u00edses analizar\u00e1n la situaci\u00f3n actual del sector para aportar \u201cSoluciones Sustentables para el Turismo\u201d, tema central del encuentro que pone de relieve las acciones y casos de \u00e9xito que ayudan a construir un turismo sustentable, solidario y socialmente responsable en M\u00e9xico y Latinoam\u00e9rica.<\/p>\n<p>La cumbre albergar\u00e1 tambi\u00e9n la novena edici\u00f3n de la \u201cExpo Turismo Sustentable\u201d, destinada a la proveedur\u00eda de servicios y productos, as\u00ed como de iniciativas comunitarias de ecoturismo, empero lo anterior ser\u00e1 motivo de posterior an\u00e1lisis en otra entrega de <strong><em>Hora 14<\/em><\/strong>.<\/p>\n","protected":false},"excerpt":{"rendered":"<p><span style=\"color: #005497;\"><strong>Mauricio Conde Olivares<\/strong><\/span><\/p>\n","protected":false},"author":3,"featured_media":0,"comment_status":"open","ping_status":"open","sticky":false,"template":"","format":"standard","meta":{"_monsterinsights_skip_tracking":false,"_monsterinsights_sitenote_active":false,"_monsterinsights_sitenote_note":"","_monsterinsights_sitenote_category":0,"footnotes":""},"categories":[35889],"tags":[43712,43674,44860],"class_list":["post-364196","post","type-post","status-publish","format-standard","hentry","category-mauricio-conde-olivares","tag-mauricio-conde-olivares","tag-opinion","tag-hora-14"],"_links":{"self":[{"href":"https:\/\/www.diarioimagen.net\/index.php?rest_route=\/wp\/v2\/posts\/364196","targetHints":{"allow":["GET"]}}],"collection":[{"href":"https:\/\/www.diarioimagen.net\/index.php?rest_route=\/wp\/v2\/posts"}],"about":[{"href":"https:\/\/www.diarioimagen.net\/index.php?rest_route=\/wp\/v2\/types\/post"}],"author":[{"embeddable":true,"href":"https:\/\/www.diarioimagen.net\/index.php?rest_route=\/wp\/v2\/users\/3"}],"replies":[{"embeddable":true,"href":"https:\/\/www.diarioimagen.net\/index.php?rest_route=%2Fwp%2Fv2%2Fcomments&post=364196"}],"version-history":[{"count":0,"href":"https:\/\/www.diarioimagen.net\/index.php?rest_route=\/wp\/v2\/posts\/364196\/revisions"}],"wp:attachment":[{"href":"https:\/\/www.diarioimagen.net\/index.php?rest_route=%2Fwp%2Fv2%2Fmedia&parent=364196"}],"wp:term":[{"taxonomy":"category","embeddable":true,"href":"https:\/\/www.diarioimagen.net\/index.php?rest_route=%2Fwp%2Fv2%2Fcategories&post=364196"},{"taxonomy":"post_tag","embeddable":true,"href":"https:\/\/www.diarioimagen.net\/index.php?rest_route=%2Fwp%2Fv2%2Ftags&post=364196"}],"curies":[{"name":"wp","href":"https:\/\/api.w.org\/{rel}","templated":true}]}}