{"id":364256,"date":"2018-02-14T00:05:47","date_gmt":"2018-02-14T06:05:47","guid":{"rendered":"http:\/\/www.diarioimagen.net\/?p=364256"},"modified":"2018-02-14T01:23:19","modified_gmt":"2018-02-14T07:23:19","slug":"magisterio-asalto-al-poder","status":"publish","type":"post","link":"https:\/\/www.diarioimagen.net\/?p=364256","title":{"rendered":"Magisterio, asalto al poder"},"content":{"rendered":"<h2>Desde el portal<\/h2>\n<h5>\u00c1ngel Soriano<\/h5>\n<p>&nbsp;<\/p>\n<p>Al asumir el nuevo cargo de presidente nacional del SNTE, previo a reformas a los estatutos, que tambi\u00e9n le permitir\u00e1n acceder a cargos de elecci\u00f3n popular, Juan D\u00edaz de la Torre llam\u00f3 a sus correligionarios a no caer en los intentos de asalto al poder o asumir como patrimonio familiar el organismo sindical, tocando con ello un tema fundamental, que ha desviado la funci\u00f3n de los sindicatos.<\/p>\n<p>En paralelo a lo que ocurre con el sindicato petrolero o ferrocarrilero, convertidos en poderosos instrumentos de control y poder econ\u00f3mico, el de los maestros en el liderazgo de la profesora Elba Esther Gordillo acumul\u00f3 vastos recursos proporcionados por el Estado mexicano para consolidar una entidad financiera desde la cual compraba conciencias y cooptaba pol\u00edticos para ampliar su amplia red de dominio sobre el Estado mismo.<\/p>\n<p>No es que D\u00edaz de la Torre no comparta actitudes caciquiles como las de los acaudalados dirigentes petroleros, ferrocarrileros u obreros, sino que por ahora es una abierta cr\u00edtica a la depuesta Gordillo en sus intentos de recuperar, desde su lecho de enferma, el poder que le fue despojado cuando pensaba que era suyo \u00e9ste. D\u00edaz de la Torre, cuestionado por una facci\u00f3n disidente, ir\u00e1 tras los pasos de \u201cla tentaci\u00f3n de poder\u201d en poco tiempo.<\/p>\n<p>El sindicalismo en el pa\u00eds, se ha convertido como los partidos pol\u00edticos, en una productiva mina de oro: poder pol\u00edtico y econ\u00f3mico, y dominio total sobre la base trabajadora. Esa es la funci\u00f3n ahora de los organismos creados para defender a los trabajadores, desvirtuados para la defensa de los intereses caciquiles y para acumular cada vez m\u00e1s fortuna y buscar cada vez m\u00e1s en forma desesperada secuestrar el poder pol\u00edtico.<\/p>\n<p style=\"text-align: center;\"><strong>TURBULENCIAS<br \/>\nM\u00e9xico cree en la UE: Romo<\/strong><\/p>\n<p>M\u00e9xico cree en la Uni\u00f3n Europea y nosotros estamos convencidos que la Uni\u00f3n Europea cree en M\u00e9xico tanto que hoy en d\u00eda es la Uni\u00f3n Europea el tercer socio comercial y uno de los principales inversionistas extranjeros en nuestros pa\u00eds. Ello es resultado de los grandes acuerdos que hemos alcanzado con el paso de los a\u00f1os en nuestra relaci\u00f3n bilateral y ante los cuales la relaci\u00f3n\u00a0 y el trabajo interparlamentario han sido clave para lograrlo, dijo el presidente de la Mesa Directiva de la C\u00e1mara de Diputados, Edgar Romo Garc\u00eda, durante la inauguraci\u00f3n de la XXIV Comisi\u00f3n Parlamentaria Mixta M\u00e9xico-Uni\u00f3n Europea en el Senado de la Rep\u00fablica\u2026El secretario de Desarrollo Social de Oaxaca, Ra\u00fal Bola\u00f1os Cacho Cu\u00e9, se reuni\u00f3 con la Directora del Instituto Nacional de la Econom\u00eda Social (INAES), Narcedalia Ram\u00edrez Pineda para trabajar en una agenda en conjunto y brindar apoyo a las familias productoras del estado y fortalecer la econom\u00eda familiar. Esto mediante programas de capacitaci\u00f3n que den nuevas oportunidades para impulsar los proyectos que se desarrollen en la entidad\u2026En el marco del 25 aniversario de UNIFIN, su director, Rodrigo Lebois dar\u00e1 a conocer los resultados financieros de 2017 en un acto a celebrarse este jueves 15 de febrero en la Bolsa Mexicana de Valores de la CDMX\u2026Y este 14 de febrero se inicia el Festival Internacional de \u00d3rgano de M\u00fasica Antig\u00fca con la presentaci\u00f3n de 9 conciertos en los Valles de Oaxaca\u2026<\/p>\n<p><em><a href=\"http:\/\/www.revista-brecha.com\/\" target=\"_blank\" rel=\"noopener\">www.revista-brecha.com<br \/>\n<\/a><a href=\"mailto:asorianocarrasco@yahoo.com\" target=\"_blank\" rel=\"noopener\">asorianocarrasco@yahoo.com<\/a><\/em><\/p>\n","protected":false},"excerpt":{"rendered":"<p><span style=\"color: #005497;\"><strong>\u00c1ngel Soriano<\/strong><\/span><\/p>\n","protected":false},"author":3,"featured_media":0,"comment_status":"open","ping_status":"open","sticky":false,"template":"","format":"standard","meta":{"_monsterinsights_skip_tracking":false,"_monsterinsights_sitenote_active":false,"_monsterinsights_sitenote_note":"","_monsterinsights_sitenote_category":0,"footnotes":""},"categories":[135],"tags":[85,86,43674],"class_list":["post-364256","post","type-post","status-publish","format-standard","hentry","category-angel-soriano-opinion","tag-angel-soriano","tag-desde-el-portal","tag-opinion"],"_links":{"self":[{"href":"https:\/\/www.diarioimagen.net\/index.php?rest_route=\/wp\/v2\/posts\/364256","targetHints":{"allow":["GET"]}}],"collection":[{"href":"https:\/\/www.diarioimagen.net\/index.php?rest_route=\/wp\/v2\/posts"}],"about":[{"href":"https:\/\/www.diarioimagen.net\/index.php?rest_route=\/wp\/v2\/types\/post"}],"author":[{"embeddable":true,"href":"https:\/\/www.diarioimagen.net\/index.php?rest_route=\/wp\/v2\/users\/3"}],"replies":[{"embeddable":true,"href":"https:\/\/www.diarioimagen.net\/index.php?rest_route=%2Fwp%2Fv2%2Fcomments&post=364256"}],"version-history":[{"count":0,"href":"https:\/\/www.diarioimagen.net\/index.php?rest_route=\/wp\/v2\/posts\/364256\/revisions"}],"wp:attachment":[{"href":"https:\/\/www.diarioimagen.net\/index.php?rest_route=%2Fwp%2Fv2%2Fmedia&parent=364256"}],"wp:term":[{"taxonomy":"category","embeddable":true,"href":"https:\/\/www.diarioimagen.net\/index.php?rest_route=%2Fwp%2Fv2%2Fcategories&post=364256"},{"taxonomy":"post_tag","embeddable":true,"href":"https:\/\/www.diarioimagen.net\/index.php?rest_route=%2Fwp%2Fv2%2Ftags&post=364256"}],"curies":[{"name":"wp","href":"https:\/\/api.w.org\/{rel}","templated":true}]}}