{"id":364278,"date":"2018-02-15T00:09:12","date_gmt":"2018-02-15T06:09:12","guid":{"rendered":"http:\/\/www.diarioimagen.net\/?p=364278"},"modified":"2018-02-15T23:16:21","modified_gmt":"2018-02-16T05:16:21","slug":"anuncia-mancera-seguro-de-viviendas-ante-sismos","status":"publish","type":"post","link":"https:\/\/www.diarioimagen.net\/?p=364278","title":{"rendered":"Anuncia Mancera seguro de viviendas ante sismos"},"content":{"rendered":"<ul>\n<li><strong><em>S\u00f3lo para quienes est\u00e9n al corriente en predial<\/em><\/strong><\/li>\n<li><strong><em>Iniciar\u00e1 con una bolsa de 2 mil millones de pesos<\/em><\/strong><\/li>\n<\/ul>\n<h6>Jos\u00e9 Luis Monta\u00f1ez<\/h6>\n<p>&nbsp;<\/p>\n<div id=\"attachment_364279\" style=\"width: 470px\" class=\"wp-caption aligncenter\"><img loading=\"lazy\" decoding=\"async\" aria-describedby=\"caption-attachment-364279\" class=\"wp-image-364279 size-large\" src=\"http:\/\/www.diarioimagen.net\/wp-content\/uploads\/2018\/02\/SEGURO15-portal-460x268.png\" alt=\"\" width=\"460\" height=\"268\" srcset=\"https:\/\/www.diarioimagen.net\/wp-content\/uploads\/2018\/02\/SEGURO15-portal-460x268.png 460w, https:\/\/www.diarioimagen.net\/wp-content\/uploads\/2018\/02\/SEGURO15-portal-240x140.png 240w, https:\/\/www.diarioimagen.net\/wp-content\/uploads\/2018\/02\/SEGURO15-portal.png 480w\" sizes=\"auto, (max-width: 460px) 100vw, 460px\" \/><p id=\"caption-attachment-364279\" class=\"wp-caption-text\">Miguel \u00c1ngel Mancera anunci\u00f3 el seguro \u201cRespaldo CDMX\u201d, que cubrir\u00e1 da\u00f1os o p\u00e9rdida total de vivienda ante sismo.<\/p><\/div>\n<p>&nbsp;<\/p>\n<p>El jefe de gobierno capitalino , Miguel \u00c1ngel Mancera Espinosa, anunci\u00f3 el seguro \u201cRespaldo CDMX\u201d, que cubrir\u00e1 por da\u00f1os o p\u00e9rdida total de vivienda a los propietarios de inmuebles en la Ciudad de M\u00e9xico en caso de sismo, siempre y cuando est\u00e9n al corriente en el pago del predial.<\/p>\n<p>Este seguro iniciar\u00e1 con una bolsa de 2 mil millones de pesos, proveniente del Fondo de Atenci\u00f3n de Desastres Naturales del gobierno local, y se pagar\u00e1 un monto ya determinado, de acuerdo con el valor catastral del inmueble.<\/p>\n<p>El seguro amparar\u00e1 a viviendas con un monto m\u00ednimo de 350 mil pesos, y un m\u00e1ximo de 1.3 millones de pesos, mismo que estar\u00e1 de acuerdo al valor catastral de la propiedad que resulte da\u00f1ada.<\/p>\n<p>\u201cNo vamos a hacer un cobro adicional. El paso siguiente es aumentar la cobertura, pero eso ser\u00e1 opcional, pero la base la cubre el gobierno\u201d, apunt\u00f3.<\/p>\n<p>\u201cEs un apoyo a propietarios de casa habitaci\u00f3n que sufran da\u00f1os por sismos, mediante otorgamiento de recursos de acuerdo a los da\u00f1os o p\u00e9rdida total, es b\u00e1sicamente un seguro\u201d, dijo Mancera Espinosa.<\/p>\n<p>\u201cEs un apoyo inmediato para salvaguardar la integridad del patrimonio, todo lo que se coloca en riesgo cuando hay sismo\u201d, explic\u00f3.<\/p>\n<p>En conferencia de prensa, el mandatario local explic\u00f3 que los \u00fanicos requisitos para acceder a este apoyo son demostrar que se es propietario de la vivienda da\u00f1ada y estar al corriente con el predial.<\/p>\n<p>Seg\u00fan las cifras del gobierno capitalino, de los 1.8 millones de viviendas registradas que hay en la capital, 871 mil contribuyentes est\u00e1n al corriente de su pago de predial.<\/p>\n<p>\u201cNo hay ninguna distinci\u00f3n, no se trata de una colonia, de una delegaci\u00f3n. Son todos los propietarios de la ciudad de M\u00e9xico los que tendr\u00e1n este Respaldo CDMX. Reitero, \u00fanico requisito es que se tenga el pago de predial al corriente\u201d, puntualiz\u00f3.<\/p>\n<p>El secretario de Finanzas, Edgar Amador, dijo que los recursos para el seguro \u201cRespaldo CDMX\u201d se ingresar\u00e1n a un fideicomiso y no podr\u00e1n ser utilizados para otro fin.<\/p>\n<p>Destac\u00f3 que todav\u00eda no se tiene la empresa que manejar\u00e1 los seguros; sin embargo, en cuanto se ponga en marcha el programa, comenzar\u00e1n a llegar las p\u00f3lizas directo a las viviendas.<\/p>\n","protected":false},"excerpt":{"rendered":"<p><span style=\"color: #005497;\">Jos\u00e9 Luis Monta\u00f1ez<\/span><br \/>\n<br \/>\nEl jefe de gobierno capitalino , Miguel \u00c1ngel Mancera Espinosa, anunci\u00f3 el seguro \u201cRespaldo CDMX\u201d, que cubrir\u00e1 por da\u00f1os o p\u00e9rdida total de vivienda a los propietarios de inmuebles en la Ciudad de M\u00e9xico en caso de sismo, siempre y cuando est\u00e9n al corriente en el pago del predial.<\/p>\n","protected":false},"author":5,"featured_media":364279,"comment_status":"open","ping_status":"open","sticky":false,"template":"","format":"standard","meta":{"_monsterinsights_skip_tracking":false,"_monsterinsights_sitenote_active":false,"_monsterinsights_sitenote_note":"","_monsterinsights_sitenote_category":0,"footnotes":""},"categories":[6],"tags":[70783,70784,5314,17425],"class_list":["post-364278","post","type-post","status-publish","format-standard","has-post-thumbnail","hentry","category-cd-de-mexico","tag-respaldo-cdmx","tag-fondo-de-atencion-de-desastres-naturales","tag-miguel-angel-mancera-espinosa","tag-viviendas"],"_links":{"self":[{"href":"https:\/\/www.diarioimagen.net\/index.php?rest_route=\/wp\/v2\/posts\/364278","targetHints":{"allow":["GET"]}}],"collection":[{"href":"https:\/\/www.diarioimagen.net\/index.php?rest_route=\/wp\/v2\/posts"}],"about":[{"href":"https:\/\/www.diarioimagen.net\/index.php?rest_route=\/wp\/v2\/types\/post"}],"author":[{"embeddable":true,"href":"https:\/\/www.diarioimagen.net\/index.php?rest_route=\/wp\/v2\/users\/5"}],"replies":[{"embeddable":true,"href":"https:\/\/www.diarioimagen.net\/index.php?rest_route=%2Fwp%2Fv2%2Fcomments&post=364278"}],"version-history":[{"count":0,"href":"https:\/\/www.diarioimagen.net\/index.php?rest_route=\/wp\/v2\/posts\/364278\/revisions"}],"wp:featuredmedia":[{"embeddable":true,"href":"https:\/\/www.diarioimagen.net\/index.php?rest_route=\/wp\/v2\/media\/364279"}],"wp:attachment":[{"href":"https:\/\/www.diarioimagen.net\/index.php?rest_route=%2Fwp%2Fv2%2Fmedia&parent=364278"}],"wp:term":[{"taxonomy":"category","embeddable":true,"href":"https:\/\/www.diarioimagen.net\/index.php?rest_route=%2Fwp%2Fv2%2Fcategories&post=364278"},{"taxonomy":"post_tag","embeddable":true,"href":"https:\/\/www.diarioimagen.net\/index.php?rest_route=%2Fwp%2Fv2%2Ftags&post=364278"}],"curies":[{"name":"wp","href":"https:\/\/api.w.org\/{rel}","templated":true}]}}