{"id":364290,"date":"2018-02-15T00:07:54","date_gmt":"2018-02-15T06:07:54","guid":{"rendered":"http:\/\/www.diarioimagen.net\/?p=364290"},"modified":"2018-02-15T23:16:02","modified_gmt":"2018-02-16T05:16:02","slug":"trabajamos-para-mejorar-la-movilidad-alfredo-del-mazo","status":"publish","type":"post","link":"https:\/\/www.diarioimagen.net\/?p=364290","title":{"rendered":"Del Mazo: trabajamos para mejorar movilidad"},"content":{"rendered":"<ul>\n<li><strong><em>Para que sea palanca de desarrollo en Edomex<\/em><\/strong><\/li>\n<li><strong><em>Proyectos innovadores para eficientar sistema de transporte p\u00fablico<\/em><\/strong><\/li>\n<\/ul>\n<p>&nbsp;<\/p>\n<div id=\"attachment_364291\" style=\"width: 470px\" class=\"wp-caption aligncenter\"><img loading=\"lazy\" decoding=\"async\" aria-describedby=\"caption-attachment-364291\" class=\"wp-image-364291 size-large\" src=\"http:\/\/www.diarioimagen.net\/wp-content\/uploads\/2018\/02\/DEL-MAZO15-portal-460x268.png\" alt=\"\" width=\"460\" height=\"268\" srcset=\"https:\/\/www.diarioimagen.net\/wp-content\/uploads\/2018\/02\/DEL-MAZO15-portal-460x268.png 460w, https:\/\/www.diarioimagen.net\/wp-content\/uploads\/2018\/02\/DEL-MAZO15-portal-240x140.png 240w, https:\/\/www.diarioimagen.net\/wp-content\/uploads\/2018\/02\/DEL-MAZO15-portal.png 480w\" sizes=\"auto, (max-width: 460px) 100vw, 460px\" \/><p id=\"caption-attachment-364291\" class=\"wp-caption-text\">Alfredo Del Mazo tom\u00f3 protesta de los miembros del Gabinete Especializado en Movilidad.<\/p><\/div>\n<p>&nbsp;<\/p>\n<p><strong>Metepec, Estado de M\u00e9xico<\/strong>.- El gobernador, Alfredo Del Mazo Maza, asegur\u00f3 que su administraci\u00f3n trabaja en acciones, estrategias y proyectos innovadores para mejorar el sistema de transporte p\u00fablico y hacer de la movilidad una palanca de desarrollo que detone la competitividad econ\u00f3mica del Estado de M\u00e9xico a nivel nacional.<\/p>\n<p>\u201cLas inversiones en infraestructura para la movilidad deben integrar nuestros municipios y ciudades, y ser detonantes de la competitividad y el crecimiento econ\u00f3mico de los municipios.<\/p>\n<p>\u201cHagamos de la movilidad una palanca que impulse nuestra competitividad y productividad, que consolide nuestro liderazgo como centro log\u00edstico del pa\u00eds, que fortalezca nuestra conectividad y que haga del Estado de M\u00e9xico el mejor destino para invertir\u201d, afirm\u00f3.<\/p>\n<p>En la toma de protesta de los miembros del Gabinete Especializado en Movilidad, Alfredo\u00a0 Del Mazo refiri\u00f3 que en lo que va de su administraci\u00f3n se han concretado importantes logros en este sector, como el Acuerdo del Ejecutivo Estatal para incentivar con\u00a0 subsidios a empresas de transporte y ofrecer un mejor servicio.<\/p>\n<p>Adem\u00e1s de fortalecer el proceso de expedici\u00f3n de licencias con Unidades M\u00f3viles y renovando el contrato SEMOV-SEPOMEX para enviarlas a domicilio, y para darle impulso a la transparencia, se cre\u00f3 el Centro Estrat\u00e9gico de Monitoreo.<\/p>\n<p>Asimismo, inform\u00f3 que se han llevado a cabo 17 mil 500 revisiones a unidades de transporte y aplicado 19 mil 300 ex\u00e1menes toxicol\u00f3gicos a los operadores, adem\u00e1s de la creaci\u00f3n del Centro de Control y Gesti\u00f3n de Transporte P\u00fablico, el cual, mediante el uso de tecnolog\u00eda de \u00faltima generaci\u00f3n, increment\u00f3 la\u00a0 presencia de la autoridad en el transporte.<\/p>\n<p>\u201cEstas acciones son s\u00f3lo el inicio de una estrategia integral cuyo objetivo es regularizar, agilizar y asegurar en todos los sentidos, nuestro sistema de transporte p\u00fablico. El desaf\u00edo del Gabinete Especializado en Movilidad ser\u00e1 darle seguimiento y concluir cada una de estas acciones\u201d, asever\u00f3.<\/p>\n<p>El mandatario mexiquense destac\u00f3 que cada d\u00eda, cerca\u00a0 de 8 millones de mexiquenses recorren m\u00e1s de 16 mil kil\u00f3metros de la red de carreteras, calles y avenidas, para lo que se utilizan, en promedio, 6 millones de veh\u00edculos particulares o casi 46 mil unidades de transporte p\u00fablico.<\/p>\n<p>Extern\u00f3 que, al ser la entidad con la mayor densidad demogr\u00e1fica del pa\u00eds, con 17 millones de habitantes, el reto en materia de movilidad es enorme, pues la inmensa\u00a0 cantidad de viajes representa riesgos para los usuarios, por ello, gir\u00f3 instrucciones para brindar m\u00e1s seguridad en las unidades de transporte.<\/p>\n<p>Instruy\u00f3 a los integrantes de este organismo continuar e intensificar los operativos de seguridad y los ex\u00e1menes toxicol\u00f3gicos a operadores,\u00a0 focalizando esfuerzos en los corredores de mayor demanda.<\/p>\n<p>Adem\u00e1s de concluir la instalaci\u00f3n de GPS, c\u00e1maras de videovigilancia y botones de p\u00e1nico en todas las unidades, as\u00ed como ampliar los cursos de capacitaci\u00f3n para conductores.<\/p>\n<p>Del Mazo Maza tambi\u00e9n gir\u00f3 instrucciones\u00a0 para que este Gabinete intensifique\u00a0 y ordene las concesiones autorizadas, las que est\u00e1n en proceso y las que ya vencieron, a efecto de asegurar que exista equilibrio entre la oferta y la demanda de transporte.<\/p>\n<p>Tambi\u00e9n orden\u00f3 terminar la instalaci\u00f3n de los cuatro Subcentros de Control, y que se concluya el registro de unidades y operadores en su sistema.<\/p>\n<p>El Gobernador precis\u00f3 que este Gabinete tendr\u00e1 la tarea de coordinar acciones con el Gabinete de Infraestructura, para dar seguimiento a importantes proyectos de transporte masivo, como nuevas rutas del Mexib\u00fas y Mexicable, ya que al poner a disposici\u00f3n estos servicios, las personas reducir\u00e1n sus tiempos de traslados, tendr\u00e1n una mayor seguridad y comodidad al viajar.<\/p>\n<p>Consider\u00f3 que es necesario impulsar la interconectividad con otros sistemas de transporte , en especial con los de la Ciudad de M\u00e9xico, pues ello redundar\u00e1 en transbordos m\u00e1s \u00e1giles<\/p>\n<p>\u201cDebemos facilitar la interconectividad entre las distintas redes de transporte, inclusive aquellas que dependen de la Ciudad de M\u00e9xico, con una infraestructura que facilite los transbordos, que acepte una forma universal de pago, que ayude a disminuir los tiempos de traslado y que garantice que el usuario estar\u00e1 seguro al interior de sus instalaciones\u201d, extern\u00f3.<\/p>\n<p>El Jefe de Ejecutivo estatal apunt\u00f3 que la demanda social por un transporte, limpio, r\u00e1pido y seguro brequiere de las autoridades una visi\u00f3n integral, donde el desarrollo econ\u00f3mico y de la infraestructura sean parte de la estrategia para mejorar la movilidad, pues ello incentivar\u00e1 la inversi\u00f3n e impulsar\u00e1 la productividad.<\/p>\n<p>El Gabinete Especializado en Movilidad est\u00e1 integrado por las Secretar\u00eda General de Gobierno; la Fiscal\u00eda General de Justicia, y las Secretar\u00edas de Movilidad, Seguridad, Desarrollo Urbano y Metropolitano, Comunicaciones, de la Contralor\u00eda, Obra P\u00fablica, Medio Ambiente, Justicia y Derechos Humanos, as\u00ed como por el Secretar\u00eda T\u00e9cnica de Gabinete y el Jefe de la Oficina de la Gubernatura.<\/p>\n","protected":false},"excerpt":{"rendered":"<p>El gobernador, Alfredo Del Mazo Maza, asegur\u00f3 que su administraci\u00f3n trabaja en acciones, estrategias y proyectos innovadores para mejorar el sistema de transporte p\u00fablico y hacer de la movilidad una palanca de desarrollo que detone la competitividad econ\u00f3mica del Estado de M\u00e9xico a nivel nacional.<\/p>\n","protected":false},"author":5,"featured_media":364291,"comment_status":"open","ping_status":"open","sticky":false,"template":"","format":"standard","meta":{"_monsterinsights_skip_tracking":false,"_monsterinsights_sitenote_active":false,"_monsterinsights_sitenote_note":"","_monsterinsights_sitenote_category":0,"footnotes":""},"categories":[5],"tags":[70792,68,43675,876,26421,70790,70791],"class_list":["post-364290","post","type-post","status-publish","format-standard","has-post-thumbnail","hentry","category-estado-de-mexico","tag-control-y-gestion-de-transporte-publico","tag-edomex","tag-estado-de-mexico","tag-metepec","tag-movilidad","tag-semov-sepomex","tag-unidades-moviles"],"_links":{"self":[{"href":"https:\/\/www.diarioimagen.net\/index.php?rest_route=\/wp\/v2\/posts\/364290","targetHints":{"allow":["GET"]}}],"collection":[{"href":"https:\/\/www.diarioimagen.net\/index.php?rest_route=\/wp\/v2\/posts"}],"about":[{"href":"https:\/\/www.diarioimagen.net\/index.php?rest_route=\/wp\/v2\/types\/post"}],"author":[{"embeddable":true,"href":"https:\/\/www.diarioimagen.net\/index.php?rest_route=\/wp\/v2\/users\/5"}],"replies":[{"embeddable":true,"href":"https:\/\/www.diarioimagen.net\/index.php?rest_route=%2Fwp%2Fv2%2Fcomments&post=364290"}],"version-history":[{"count":0,"href":"https:\/\/www.diarioimagen.net\/index.php?rest_route=\/wp\/v2\/posts\/364290\/revisions"}],"wp:featuredmedia":[{"embeddable":true,"href":"https:\/\/www.diarioimagen.net\/index.php?rest_route=\/wp\/v2\/media\/364291"}],"wp:attachment":[{"href":"https:\/\/www.diarioimagen.net\/index.php?rest_route=%2Fwp%2Fv2%2Fmedia&parent=364290"}],"wp:term":[{"taxonomy":"category","embeddable":true,"href":"https:\/\/www.diarioimagen.net\/index.php?rest_route=%2Fwp%2Fv2%2Fcategories&post=364290"},{"taxonomy":"post_tag","embeddable":true,"href":"https:\/\/www.diarioimagen.net\/index.php?rest_route=%2Fwp%2Fv2%2Ftags&post=364290"}],"curies":[{"name":"wp","href":"https:\/\/api.w.org\/{rel}","templated":true}]}}