{"id":364364,"date":"2018-02-15T00:09:40","date_gmt":"2018-02-15T06:09:40","guid":{"rendered":"http:\/\/www.diarioimagen.net\/?p=364364"},"modified":"2018-02-15T01:05:58","modified_gmt":"2018-02-15T07:05:58","slug":"firma-la-uaem-convenio-con-secretaria-de-desarrollo-urbano","status":"publish","type":"post","link":"https:\/\/www.diarioimagen.net\/?p=364364","title":{"rendered":"Firma la UAEM convenio con Secretar\u00eda de Desarrollo Urbano"},"content":{"rendered":"<ul>\n<li><strong><em>Di\u00e1logo corresponsable con los tres niveles de gobierno\u00a0<\/em><\/strong><\/li>\n<\/ul>\n<p>&nbsp;<\/p>\n<div id=\"attachment_364425\" style=\"width: 470px\" class=\"wp-caption aligncenter\"><a href=\"http:\/\/www.diarioimagen.net\/?attachment_id=364425\" rel=\"attachment wp-att-364425\"><img loading=\"lazy\" decoding=\"async\" aria-describedby=\"caption-attachment-364425\" class=\"size-large wp-image-364425\" src=\"http:\/\/www.diarioimagen.net\/wp-content\/uploads\/2018\/02\/UAEM-3307-460x259.jpg\" alt=\"\" width=\"460\" height=\"259\" srcset=\"https:\/\/www.diarioimagen.net\/wp-content\/uploads\/2018\/02\/UAEM-3307-460x259.jpg 460w, https:\/\/www.diarioimagen.net\/wp-content\/uploads\/2018\/02\/UAEM-3307-240x135.jpg 240w, https:\/\/www.diarioimagen.net\/wp-content\/uploads\/2018\/02\/UAEM-3307-235x132.jpg 235w, https:\/\/www.diarioimagen.net\/wp-content\/uploads\/2018\/02\/UAEM-3307-202x114.jpg 202w, https:\/\/www.diarioimagen.net\/wp-content\/uploads\/2018\/02\/UAEM-3307-350x196.jpg 350w, https:\/\/www.diarioimagen.net\/wp-content\/uploads\/2018\/02\/UAEM-3307-220x123.jpg 220w, https:\/\/www.diarioimagen.net\/wp-content\/uploads\/2018\/02\/UAEM-3307-237x132.jpg 237w, https:\/\/www.diarioimagen.net\/wp-content\/uploads\/2018\/02\/UAEM-3307.jpg 480w\" sizes=\"auto, (max-width: 460px) 100vw, 460px\" \/><\/a><p id=\"caption-attachment-364425\" class=\"wp-caption-text\">El rector, Alfredo Barrera Baca, y el titular de la Secretar\u00eda de Desarrollo Urbano y Metropolitano, Enrique Jacob Rocha, firmaron un convenio general de colaboraci\u00f3n.<\/p><\/div>\n<p>&nbsp;<\/p>\n<p><strong>Toluca, Estado de M\u00e9xico<\/strong>.- El quehacer acad\u00e9mico y cient\u00edfico de vanguardia que cotidianamente realiza la comunidad de la Universidad Aut\u00f3noma del Estado de M\u00e9xico le permite mantener un di\u00e1logo corresponsable con los tres niveles de gobierno y canalizar el conocimiento hacia el desarrollo e implementaci\u00f3n de pol\u00edticas p\u00fablicas que favorezcan a la sociedad.<\/p>\n<p>Al firmar un convenio general de colaboraci\u00f3n con el titular de la Secretar\u00eda de Desarrollo Urbano y Metropolitano del Gobierno del Estado de M\u00e9xico, Enrique Jacob Rocha, el rector Alfredo Barrera Baca asever\u00f3 que este convenio se suma a los 24 instrumentos legales suscritos por la Aut\u00f3noma mexiquense en materia de desarrollo urbano.<\/p>\n<p>En el marco de la inauguraci\u00f3n del Segundo Foro \u201cSistemas de Informaci\u00f3n Geogr\u00e1fica aplicados al desarrollo metropolitano: Resiliencia metropolitana y manejo de indicadores con el uso de geotecnolog\u00edas\u201d, refrend\u00f3 la disposici\u00f3n de la Aut\u00f3noma mexiquense para aportar informaci\u00f3n, t\u00e9cnicas, inventiva e investigaci\u00f3n aplicada en la soluci\u00f3n de los retos que enfrenta la entidad.<\/p>\n<p>Refiri\u00f3 que la UAEM colabora con los suficientes argumentos acad\u00e9micos, con los gobierno federal, estatal y municipal en el an\u00e1lisis sistem\u00e1tico de fen\u00f3menos como la urbanizaci\u00f3n y metropolizaci\u00f3n.<\/p>\n<p>Abund\u00f3 que con los suficientes argumentos acad\u00e9micos, las propuestas de los universitarios son producto de la reflexi\u00f3n y con frecuencia se anticipan a los desaf\u00edos que representa el crecimiento poblacional.<\/p>\n<p>En la Facultad de Geograf\u00eda, Enrique Jacob Rocha manifest\u00f3 que en una d\u00e9cada, el Estado de M\u00e9xico tendr\u00e1 20 millones de habitantes y en la actualidad, ocho de cada 10 mexiquenses residen en zonas urbanas.<\/p>\n<p>Por ello, sostuvo, es importante este acuerdo estrat\u00e9gico, que permitir\u00e1 un di\u00e1logo con los universitarios para mejorar el abordaje en la materia, aprovechando el uso de tecnolog\u00eda aplicada a la gesti\u00f3n metropolitana. El conocimiento e investigaci\u00f3n generados en la UAEM, puntualiz\u00f3, ser\u00e1n aprovechados. \u201cBajo nuevos ordenamientos legales se buscar\u00e1 innovar en el tema territorial para generar ciudades planificadas y sustentables\u201d.<\/p>\n<p>Al dar lectura a la exposici\u00f3n de motivos de la firma del convenio de colaboraci\u00f3n, el director de la Facultad de Geograf\u00eda, Francisco Zepeda Mondrag\u00f3n, indic\u00f3 que resultado de productos de investigaci\u00f3n, se establecer\u00e1n mecanismos para el estudio del espacio geogr\u00e1fico.<\/p>\n","protected":false},"excerpt":{"rendered":"<p>El quehacer acad\u00e9mico y cient\u00edfico de vanguardia que cotidianamente realiza la comunidad de la Universidad Aut\u00f3noma del Estado de M\u00e9xico le permite mantener un di\u00e1logo corresponsable con los tres niveles de gobierno y canalizar el conocimiento hacia el desarrollo e implementaci\u00f3n de pol\u00edticas p\u00fablicas que favorezcan a la sociedad.<\/p>\n","protected":false},"author":3,"featured_media":364425,"comment_status":"open","ping_status":"open","sticky":false,"template":"","format":"standard","meta":{"_monsterinsights_skip_tracking":false,"_monsterinsights_sitenote_active":false,"_monsterinsights_sitenote_note":"","_monsterinsights_sitenote_category":0,"footnotes":""},"categories":[35155],"tags":[46371,22865,43675,70839,452,1491],"class_list":["post-364364","post","type-post","status-publish","format-standard","has-post-thumbnail","hentry","category-estado-de-mexico-estado-de-mexico","tag-acuerdo","tag-convenio","tag-estado-de-mexico","tag-secretaria-de-desarrollo-urbano","tag-toluca","tag-uaem"],"_links":{"self":[{"href":"https:\/\/www.diarioimagen.net\/index.php?rest_route=\/wp\/v2\/posts\/364364","targetHints":{"allow":["GET"]}}],"collection":[{"href":"https:\/\/www.diarioimagen.net\/index.php?rest_route=\/wp\/v2\/posts"}],"about":[{"href":"https:\/\/www.diarioimagen.net\/index.php?rest_route=\/wp\/v2\/types\/post"}],"author":[{"embeddable":true,"href":"https:\/\/www.diarioimagen.net\/index.php?rest_route=\/wp\/v2\/users\/3"}],"replies":[{"embeddable":true,"href":"https:\/\/www.diarioimagen.net\/index.php?rest_route=%2Fwp%2Fv2%2Fcomments&post=364364"}],"version-history":[{"count":0,"href":"https:\/\/www.diarioimagen.net\/index.php?rest_route=\/wp\/v2\/posts\/364364\/revisions"}],"wp:featuredmedia":[{"embeddable":true,"href":"https:\/\/www.diarioimagen.net\/index.php?rest_route=\/wp\/v2\/media\/364425"}],"wp:attachment":[{"href":"https:\/\/www.diarioimagen.net\/index.php?rest_route=%2Fwp%2Fv2%2Fmedia&parent=364364"}],"wp:term":[{"taxonomy":"category","embeddable":true,"href":"https:\/\/www.diarioimagen.net\/index.php?rest_route=%2Fwp%2Fv2%2Fcategories&post=364364"},{"taxonomy":"post_tag","embeddable":true,"href":"https:\/\/www.diarioimagen.net\/index.php?rest_route=%2Fwp%2Fv2%2Ftags&post=364364"}],"curies":[{"name":"wp","href":"https:\/\/api.w.org\/{rel}","templated":true}]}}