{"id":364473,"date":"2018-02-15T00:04:12","date_gmt":"2018-02-15T06:04:12","guid":{"rendered":"http:\/\/www.diarioimagen.net\/?p=364473"},"modified":"2018-02-15T01:35:18","modified_gmt":"2018-02-15T07:35:18","slug":"los-apretados","status":"publish","type":"post","link":"https:\/\/www.diarioimagen.net\/?p=364473","title":{"rendered":"\u201cLos apretados\u201d"},"content":{"rendered":"<h2>Folclor urbano<\/h2>\n<h5>Salvador Estrada<\/h5>\n<p>&nbsp;<\/p>\n<p>En este pa\u00eds tan querido y tan contrastante suceden cosas que parecen insignificantes, pero \u201cllevan cola\u201d y es cuando surge el esc\u00e1ndalo, el griter\u00edo y luego el arrepentimiento.<\/p>\n<p>Es el caso de Enrique Ochoa Reza, presidente del Partido Revolucionario Institucional, quien por quedar bien qued\u00f3 mal, pero muy mal, por no verse en el espejo.<\/p>\n<p>En la ma\u00f1ana, al acicalarse y salir a la calle para ir a la casa de campa\u00f1a de su candidato o las oficinas en su partido para \u201cver c\u00f3mo vamos\u201d,\u00a0no se vio bien a bien en el espejo, porque est\u00e1 enajenado con su labor pol\u00edtica y no \u201cse dio color\u201d de lo que iba a decir para contrarrestar el avance de Morena, de acuerdo a las encuestas, en las llamadas precampa\u00f1as.<\/p>\n<p>Y \u00a1zaz!, que quiso hacerse el chistoso, el ocurrente, \u201cel gran improvisador de \u00a0las frases que calan, y que, sin querer, dio \u201csu mal paso\u201d o su mal frase y declara que los pri\u00edstas que se cambiaron a Morena, ahora son \u201cPRIetos que no aprietan\u201d y con ellos se mordi\u00f3 la lengua. Enrique es de tez morena.<\/p>\n<p>En este\u00a0nuestro querido M\u00e9xico, donde\u00a0la mezcla de razas origin\u00f3 diversos grupos,\u00a0que por el ADN quedaron \u00a0blancos, g\u00fceros y morenos. Los prietos, es sin\u00f3nimo, que sin exagerar son mayor\u00eda. Los prietos, de acuerdo al diccionario: \u201cse dice del color muy oscuro, que casi no se distingue del negro\u201d.<\/p>\n<p>Los morenos se sienten ofendidos por la \u201cfrase\u201d que Ochoa Reza la sinti\u00f3 muy ocurrente para burlarse de los pri\u00edstas que cambiaron de ropaje. Y su molestia es que \u201clos morenos s\u00ed aprietan\u201d.<\/p>\n<p>La frase \u201cde la iron\u00eda\u201d lleg\u00f3 hasta la C\u00e1mara de Diputados y muchos legisladores del PRI ya la andaban \u201chaciendo de tos\u201d y hasta se dice que pidieron la renuncia de Ochoa Reza, lo cual ya fue desmentido, pero sea o no cierto, el l\u00edder priista est\u00e1 preocupado por su mala ocurrencia e incluso ya se disculp\u00f3 de su mal momento por esa frase tonta,\u00a0que no deber\u00eda haber pronunciado.<\/p>\n<p>Los pri\u00edstas que se cambiaron a Morena fueron \u201cbautizados \u00a0como \u00a0\u201cPRIetos\u201d por Jaime Rodr\u00edguez \u201cEl Bronco\u201d, que en su campa\u00f1a para recabar firmas para ser candidato independiente para la presidencia del pa\u00eds, la acu\u00f1\u00f3 entre risas de \u00e9l y sus seguidores.<\/p>\n<p>Despu\u00e9s, la frase entr\u00f3 en las redes sociales como chiste y as\u00ed se conoci\u00f3 y se hizo famosa, pero Enrique Ochoa no estaba enterado o se la quiso apropiar y por copi\u00f3n, \u00a1he ah\u00ed el resultado!<\/p>\n<p>De ahora en adelante, los pri\u00edstas, que se sienten los \u201cnon plus ultra\u201d porque est\u00e1n en el poder, tendr\u00e1n que ser humildes, si quieren ganar las elecciones, y deber\u00e1n dejar de ser \u201capretados\u201d, que as\u00ed les dice el pueblo a \u201clos mamilas\u201d.<\/p>\n<p>Si Ochoa Reza no fuera tan prepotente y conociera el\u00a0\u201clenguaje del pueblo\u201d a los morenistas les hubiera respondido \u201cserena, Morena\u201d y ellos contestar\u00edan \u201cy no es que Morena no apriete, sino que sabe apretar\u201d.<\/p>\n<p><em><a href=\"mailto:chavasec@yahoo.com.mx\" target=\"_blank\" rel=\"noopener noreferrer\">chavasec@yahoo.com.mx<\/a><\/em><\/p>\n","protected":false},"excerpt":{"rendered":"<p><span style=\"color: #005497;\"><strong>Salvador Estrada<\/strong><\/span><\/p>\n","protected":false},"author":3,"featured_media":0,"comment_status":"open","ping_status":"open","sticky":false,"template":"","format":"standard","meta":{"_monsterinsights_skip_tracking":false,"_monsterinsights_sitenote_active":false,"_monsterinsights_sitenote_note":"","_monsterinsights_sitenote_category":0,"footnotes":""},"categories":[41601],"tags":[41599,43674,41600],"class_list":["post-364473","post","type-post","status-publish","format-standard","hentry","category-salvador-estrada-opinion","tag-folclor-urbano","tag-opinion","tag-salvador-estrada"],"_links":{"self":[{"href":"https:\/\/www.diarioimagen.net\/index.php?rest_route=\/wp\/v2\/posts\/364473","targetHints":{"allow":["GET"]}}],"collection":[{"href":"https:\/\/www.diarioimagen.net\/index.php?rest_route=\/wp\/v2\/posts"}],"about":[{"href":"https:\/\/www.diarioimagen.net\/index.php?rest_route=\/wp\/v2\/types\/post"}],"author":[{"embeddable":true,"href":"https:\/\/www.diarioimagen.net\/index.php?rest_route=\/wp\/v2\/users\/3"}],"replies":[{"embeddable":true,"href":"https:\/\/www.diarioimagen.net\/index.php?rest_route=%2Fwp%2Fv2%2Fcomments&post=364473"}],"version-history":[{"count":0,"href":"https:\/\/www.diarioimagen.net\/index.php?rest_route=\/wp\/v2\/posts\/364473\/revisions"}],"wp:attachment":[{"href":"https:\/\/www.diarioimagen.net\/index.php?rest_route=%2Fwp%2Fv2%2Fmedia&parent=364473"}],"wp:term":[{"taxonomy":"category","embeddable":true,"href":"https:\/\/www.diarioimagen.net\/index.php?rest_route=%2Fwp%2Fv2%2Fcategories&post=364473"},{"taxonomy":"post_tag","embeddable":true,"href":"https:\/\/www.diarioimagen.net\/index.php?rest_route=%2Fwp%2Fv2%2Ftags&post=364473"}],"curies":[{"name":"wp","href":"https:\/\/api.w.org\/{rel}","templated":true}]}}