{"id":364544,"date":"2018-02-16T00:10:31","date_gmt":"2018-02-16T06:10:31","guid":{"rendered":"http:\/\/www.diarioimagen.net\/?p=364544"},"modified":"2018-02-16T02:07:34","modified_gmt":"2018-02-16T08:07:34","slug":"recursos-adicionales-a-las-amas-de-casa","status":"publish","type":"post","link":"https:\/\/www.diarioimagen.net\/?p=364544","title":{"rendered":"Recursos adicionales a las amas de casa"},"content":{"rendered":"<h2>Arco Norte<\/h2>\n<h5>Jos\u00e9 Luis Monta\u00f1ez Aguilar<\/h5>\n<p>&nbsp;<\/p>\n<p>Alfredo Del Mazo Maza dio inicio a la entrega de tarjetas del programa Salario rosa,\u00a0 programa dirigido a reconocer el trabajo de las amas de casa mexiquenses que no reciben alg\u00fan tipo de remuneraci\u00f3n econ\u00f3mica, y el cual tambi\u00e9n les permitir\u00e1 tener acceso a capacitaci\u00f3n laboral, prepararse acad\u00e9micamente, as\u00ed como obtener apoyos para proyectos productivos.<\/p>\n<p>Indic\u00f3 que se cumple con la puesta en marcha de este programa, el cual es un compromiso de campa\u00f1a y que otorgar\u00e1 de manera permanente.<\/p>\n<p>Acompa\u00f1ado por su esposa Fernanda Castillo de Del Mazo, el gobernador mexiquense entreg\u00f3 las primeras 3 mil tarjetas de este programa a mujeres de Amanalco, Donato Guerra, Ixtapan del Oro, Otzoloapan, San Sim\u00f3n de Guerrero, Santo Tom\u00e1s, Temascaltepec, Texcaltitl\u00e1n, Villa de Allende, Valle de Bravo, Zacazonapan y Villa Victoria.<\/p>\n<p>Manifest\u00f3 que con este programa, las amas de casa beneficiadas este d\u00eda, cambiar\u00e1n su vida, al contar con recursos adicionales que podr\u00e1n utilizar para el cuidado de sus familias.<\/p>\n<p>Alfredo Del Mazo se\u00f1al\u00f3 que el Salario rosa es un sue\u00f1o hecho realidad despu\u00e9s de un a\u00f1o de empezar a pensar en este programa, que reconocer\u00e1 el trabajo de las amas de casa mexiquenses, a quienes calific\u00f3 como mujeres trabajadoras que velan por la integridad de sus hijos y esposos, incluso hasta de sus padres.<\/p>\n<p>&nbsp;<\/p>\n<p>&nbsp;<\/p>\n<p style=\"text-align: center;\"><strong>Llama Salud estatal a estar alerta ante s\u00edntomas de c\u00e1ncer infantil<\/strong><\/p>\n<p>&nbsp;<\/p>\n<p><a href=\"http:\/\/www.diarioimagen.net\/?attachment_id=364621\" rel=\"attachment wp-att-364621\"><img loading=\"lazy\" decoding=\"async\" class=\"aligncenter size-large wp-image-364621\" src=\"http:\/\/www.diarioimagen.net\/wp-content\/uploads\/2018\/02\/arco-3308-460x259.jpg\" alt=\"\" width=\"460\" height=\"259\" srcset=\"https:\/\/www.diarioimagen.net\/wp-content\/uploads\/2018\/02\/arco-3308-460x259.jpg 460w, https:\/\/www.diarioimagen.net\/wp-content\/uploads\/2018\/02\/arco-3308-240x135.jpg 240w, https:\/\/www.diarioimagen.net\/wp-content\/uploads\/2018\/02\/arco-3308-235x132.jpg 235w, https:\/\/www.diarioimagen.net\/wp-content\/uploads\/2018\/02\/arco-3308-202x114.jpg 202w, https:\/\/www.diarioimagen.net\/wp-content\/uploads\/2018\/02\/arco-3308-350x196.jpg 350w, https:\/\/www.diarioimagen.net\/wp-content\/uploads\/2018\/02\/arco-3308-220x123.jpg 220w, https:\/\/www.diarioimagen.net\/wp-content\/uploads\/2018\/02\/arco-3308-237x132.jpg 237w, https:\/\/www.diarioimagen.net\/wp-content\/uploads\/2018\/02\/arco-3308.jpg 480w\" sizes=\"auto, (max-width: 460px) 100vw, 460px\" \/><\/a><\/p>\n<p>Cada a\u00f1o en el Hospital para el Ni\u00f1o del Instituto Materno Infantil del Estado de M\u00e9xico (IMIEM), se detectan en promedio 120 nuevos casos, y actualmente brinda atenci\u00f3n a 600 peque\u00f1os con este padecimiento.<\/p>\n<p>Con motivo del D\u00eda Internacional del C\u00e1ncer Infantil que se conmemor\u00f3 ayer, la Secretar\u00eda de Salud estatal, informa que el tipo de c\u00e1ncer m\u00e1s com\u00fan en menores de edad es la leucemia linfobl\u00e1stica aguda.<\/p>\n<p>Informa que este padecimiento cuando es detectado en sus primeras etapas, permite a los pacientes acceder a un tratamiento oportuno y tener rangos de curaci\u00f3n m\u00e1s altos, con pron\u00f3sticos de sobre vida m\u00e1s largos, por lo que los ni\u00f1os pueden reintegrase a las actividades familiares y sociales.<\/p>\n<p><em><a href=\"mailto:montanezaguilar@gmail.com\" target=\"_blank\" rel=\"noopener noreferrer\">montanezaguilar@gmail.com<\/a><\/em><\/p>\n","protected":false},"excerpt":{"rendered":"<p><span style=\"color: #005497;\">Jos\u00e9 Luis Monta\u00f1ez Aguilar<\/span><br \/>\n<br \/>\nAlfredo Del Mazo Maza dio inicio a la entrega de tarjetas del programa Salario rosa,  programa dirigido a reconocer el trabajo de las amas de casa mexiquenses que no reciben alg\u00fan tipo de remuneraci\u00f3n econ\u00f3mica, y el cual tambi\u00e9n les permitir\u00e1 tener acceso a capacitaci\u00f3n laboral, prepararse acad\u00e9micamente, as\u00ed como obtener apoyos para proyectos productivos.<\/p>\n","protected":false},"author":3,"featured_media":364621,"comment_status":"open","ping_status":"open","sticky":false,"template":"","format":"standard","meta":{"_monsterinsights_skip_tracking":false,"_monsterinsights_sitenote_active":false,"_monsterinsights_sitenote_note":"","_monsterinsights_sitenote_category":0,"footnotes":""},"categories":[5],"tags":[13284,43704,43674],"class_list":["post-364544","post","type-post","status-publish","format-standard","has-post-thumbnail","hentry","category-estado-de-mexico","tag-arco-norte","tag-jose-luis-montanez-aguilar","tag-opinion"],"_links":{"self":[{"href":"https:\/\/www.diarioimagen.net\/index.php?rest_route=\/wp\/v2\/posts\/364544","targetHints":{"allow":["GET"]}}],"collection":[{"href":"https:\/\/www.diarioimagen.net\/index.php?rest_route=\/wp\/v2\/posts"}],"about":[{"href":"https:\/\/www.diarioimagen.net\/index.php?rest_route=\/wp\/v2\/types\/post"}],"author":[{"embeddable":true,"href":"https:\/\/www.diarioimagen.net\/index.php?rest_route=\/wp\/v2\/users\/3"}],"replies":[{"embeddable":true,"href":"https:\/\/www.diarioimagen.net\/index.php?rest_route=%2Fwp%2Fv2%2Fcomments&post=364544"}],"version-history":[{"count":0,"href":"https:\/\/www.diarioimagen.net\/index.php?rest_route=\/wp\/v2\/posts\/364544\/revisions"}],"wp:featuredmedia":[{"embeddable":true,"href":"https:\/\/www.diarioimagen.net\/index.php?rest_route=\/wp\/v2\/media\/364621"}],"wp:attachment":[{"href":"https:\/\/www.diarioimagen.net\/index.php?rest_route=%2Fwp%2Fv2%2Fmedia&parent=364544"}],"wp:term":[{"taxonomy":"category","embeddable":true,"href":"https:\/\/www.diarioimagen.net\/index.php?rest_route=%2Fwp%2Fv2%2Fcategories&post=364544"},{"taxonomy":"post_tag","embeddable":true,"href":"https:\/\/www.diarioimagen.net\/index.php?rest_route=%2Fwp%2Fv2%2Ftags&post=364544"}],"curies":[{"name":"wp","href":"https:\/\/api.w.org\/{rel}","templated":true}]}}