{"id":364560,"date":"2018-02-16T00:08:43","date_gmt":"2018-02-16T06:08:43","guid":{"rendered":"http:\/\/www.diarioimagen.net\/?p=364560"},"modified":"2018-02-16T01:59:21","modified_gmt":"2018-02-16T07:59:21","slug":"cumplen-en-tultepec-100-de-profesionalizacion-policiaca","status":"publish","type":"post","link":"https:\/\/www.diarioimagen.net\/?p=364560","title":{"rendered":"Cumplen en Tultepec 100% de profesionalizaci\u00f3n polic\u00edaca"},"content":{"rendered":"<ul>\n<li><strong><em>Con recursos del Fortaseg<\/em><\/strong><\/li>\n<\/ul>\n<p>&nbsp;<\/p>\n<div id=\"attachment_364663\" style=\"width: 470px\" class=\"wp-caption aligncenter\"><a href=\"http:\/\/www.diarioimagen.net\/?attachment_id=364663\" rel=\"attachment wp-att-364663\"><img loading=\"lazy\" decoding=\"async\" aria-describedby=\"caption-attachment-364663\" class=\"size-large wp-image-364663\" src=\"http:\/\/www.diarioimagen.net\/wp-content\/uploads\/2018\/02\/TULTEPEC-3308-460x259.jpg\" alt=\"\" width=\"460\" height=\"259\" srcset=\"https:\/\/www.diarioimagen.net\/wp-content\/uploads\/2018\/02\/TULTEPEC-3308-460x259.jpg 460w, https:\/\/www.diarioimagen.net\/wp-content\/uploads\/2018\/02\/TULTEPEC-3308-240x135.jpg 240w, https:\/\/www.diarioimagen.net\/wp-content\/uploads\/2018\/02\/TULTEPEC-3308-235x132.jpg 235w, https:\/\/www.diarioimagen.net\/wp-content\/uploads\/2018\/02\/TULTEPEC-3308-202x114.jpg 202w, https:\/\/www.diarioimagen.net\/wp-content\/uploads\/2018\/02\/TULTEPEC-3308-350x196.jpg 350w, https:\/\/www.diarioimagen.net\/wp-content\/uploads\/2018\/02\/TULTEPEC-3308-220x123.jpg 220w, https:\/\/www.diarioimagen.net\/wp-content\/uploads\/2018\/02\/TULTEPEC-3308-237x132.jpg 237w, https:\/\/www.diarioimagen.net\/wp-content\/uploads\/2018\/02\/TULTEPEC-3308.jpg 480w\" sizes=\"auto, (max-width: 460px) 100vw, 460px\" \/><\/a><p id=\"caption-attachment-364663\" class=\"wp-caption-text\">El alcalde, Armando Portuguez Fuentes, se pronunci\u00f3 a favor de dignificar la labor policial, con el prop\u00f3sito de elevar la calidad de su servicio.<\/p><\/div>\n<p>&nbsp;<\/p>\n<p><strong>Tultepec, Estado de M\u00e9xico<\/strong>.-El alcalde, Armando Portuguez Fuentes, particip\u00f3 en la Firma de Convenio de Adhesi\u00f3n y Anexo T\u00e9cnico del Programa de Fortalecimiento a la Seguridad (Fortaseg) 2018, celebrada en las instalaciones del Estado Mayor Presidencial, en la que participaron tambi\u00e9n presidentes municipales del Estado de M\u00e9xico y San Luis Potos\u00ed.<\/p>\n<p>En la reuni\u00f3n, organizada por el Secretario Ejecutivo del Sistema Nacional de Seguridad P\u00fablica de la Secretar\u00eda de Gobernaci\u00f3n, se inform\u00f3 que durante 2018, Tultepec recibir\u00e1 10 millones de pesos y aportar\u00e1 2 m\u00e1s para mejora de las condiciones laborales de sus polic\u00edas.<\/p>\n<p>Con recursos del Fortaseg 2018, Tultepec es el quinto municipio en el Estado de M\u00e9xico en alcanzar el 100 por ciento en la profesionalizaci\u00f3n de sus elementos requerida por el Sistema Nacional de Seguridad.<\/p>\n<p>Los recursos ser\u00e1n aplicados en rubros como prevenci\u00f3n del delito, profesionalizaci\u00f3n policiaca, evaluaci\u00f3n de control de confianza, equipamiento del personal policial, mejora de condiciones laborales y equipamiento institucional, en programas de prevenci\u00f3n de violencia escolar, polic\u00eda de proximidad, adquisici\u00f3n de uniformes y patrullas.<\/p>\n<p>Como siempre lo ha hecho, Armando Portuguez Fuentes se pronunci\u00f3 a favor de dignificar la labor policial con el prop\u00f3sito de elevar la calidad de su servicio, por lo que garantiz\u00f3 seguir impulsando su desarrollo profesional, en un marco de disciplina, legalidad y de derechos humanos.<\/p>\n<p>Dijo que, para lograr ese cometido, su gobierno garantiza la entrega de equipamiento completo a cada uno de los elementos, para que puedan enfrentar de la mejor manera la dif\u00edcil tarea de preservar el orden y la seguridad e integridad f\u00edsica y de los bienes de los tultepequenses.<\/p>\n<p>\u201cNuestro objetivo es que cada elemento de Seguridad Ciudadana cuente con los valores, aptitudes, conocimientos y equipamiento para servir a la ciudadan\u00eda con honestidad, compromiso y de manera eficaz, para que la ciudadan\u00eda vea a los polic\u00edas como sus aliados y protectores y en ello estamos trabajando\u201d, asegur\u00f3.<\/p>\n<p>Armando Portuguez Fuentes garantiz\u00f3 que cada elemento contar\u00e1 con uniformes y chalecos blindados, seguridad social y prestaciones de ley, as\u00ed como desayuno y comida durante su turno como una prestaci\u00f3n extra, \u201cel objetivo es dignificar sus condiciones laborales para que la polic\u00eda se desempe\u00f1e de la mejor manera en favor de la ciudadan\u00eda\u201d.<\/p>\n","protected":false},"excerpt":{"rendered":"<p>El alcalde, Armando Portuguez Fuentes, particip\u00f3 en la Firma de Convenio de Adhesi\u00f3n y Anexo T\u00e9cnico del Programa de Fortalecimiento a la Seguridad (Fortaseg) 2018, celebrada en las instalaciones del Estado Mayor Presidencial, en la que participaron tambi\u00e9n presidentes municipales del Estado de M\u00e9xico y San Luis Potos\u00ed.<\/p>\n","protected":false},"author":3,"featured_media":364663,"comment_status":"open","ping_status":"open","sticky":false,"template":"","format":"standard","meta":{"_monsterinsights_skip_tracking":false,"_monsterinsights_sitenote_active":false,"_monsterinsights_sitenote_note":"","_monsterinsights_sitenote_category":0,"footnotes":""},"categories":[35155],"tags":[43675,687,70878,3802],"class_list":["post-364560","post","type-post","status-publish","format-standard","has-post-thumbnail","hentry","category-estado-de-mexico-estado-de-mexico","tag-estado-de-mexico","tag-policia","tag-profesionalizacion","tag-tultepec"],"_links":{"self":[{"href":"https:\/\/www.diarioimagen.net\/index.php?rest_route=\/wp\/v2\/posts\/364560","targetHints":{"allow":["GET"]}}],"collection":[{"href":"https:\/\/www.diarioimagen.net\/index.php?rest_route=\/wp\/v2\/posts"}],"about":[{"href":"https:\/\/www.diarioimagen.net\/index.php?rest_route=\/wp\/v2\/types\/post"}],"author":[{"embeddable":true,"href":"https:\/\/www.diarioimagen.net\/index.php?rest_route=\/wp\/v2\/users\/3"}],"replies":[{"embeddable":true,"href":"https:\/\/www.diarioimagen.net\/index.php?rest_route=%2Fwp%2Fv2%2Fcomments&post=364560"}],"version-history":[{"count":0,"href":"https:\/\/www.diarioimagen.net\/index.php?rest_route=\/wp\/v2\/posts\/364560\/revisions"}],"wp:featuredmedia":[{"embeddable":true,"href":"https:\/\/www.diarioimagen.net\/index.php?rest_route=\/wp\/v2\/media\/364663"}],"wp:attachment":[{"href":"https:\/\/www.diarioimagen.net\/index.php?rest_route=%2Fwp%2Fv2%2Fmedia&parent=364560"}],"wp:term":[{"taxonomy":"category","embeddable":true,"href":"https:\/\/www.diarioimagen.net\/index.php?rest_route=%2Fwp%2Fv2%2Fcategories&post=364560"},{"taxonomy":"post_tag","embeddable":true,"href":"https:\/\/www.diarioimagen.net\/index.php?rest_route=%2Fwp%2Fv2%2Ftags&post=364560"}],"curies":[{"name":"wp","href":"https:\/\/api.w.org\/{rel}","templated":true}]}}