{"id":364562,"date":"2018-02-16T00:07:45","date_gmt":"2018-02-16T06:07:45","guid":{"rendered":"http:\/\/www.diarioimagen.net\/?p=364562"},"modified":"2018-02-16T02:01:42","modified_gmt":"2018-02-16T08:01:42","slug":"abre-en-metepec-4a-temporada-de-conciertos-del-comem","status":"publish","type":"post","link":"https:\/\/www.diarioimagen.net\/?p=364562","title":{"rendered":"Abre en Metepec 4a. temporada de conciertos del COMEM"},"content":{"rendered":"<ul>\n<li><strong><em>Oferta cultural del Ayuntamiento<\/em><\/strong><\/li>\n<\/ul>\n<p>&nbsp;<\/p>\n<div id=\"attachment_364666\" style=\"width: 470px\" class=\"wp-caption aligncenter\"><a href=\"http:\/\/www.diarioimagen.net\/?attachment_id=364666\" rel=\"attachment wp-att-364666\"><img loading=\"lazy\" decoding=\"async\" aria-describedby=\"caption-attachment-364666\" class=\"size-large wp-image-364666\" src=\"http:\/\/www.diarioimagen.net\/wp-content\/uploads\/2018\/02\/METEPEC-3308-460x295.jpg\" alt=\"\" width=\"460\" height=\"295\" srcset=\"https:\/\/www.diarioimagen.net\/wp-content\/uploads\/2018\/02\/METEPEC-3308-460x295.jpg 460w, https:\/\/www.diarioimagen.net\/wp-content\/uploads\/2018\/02\/METEPEC-3308-240x154.jpg 240w, https:\/\/www.diarioimagen.net\/wp-content\/uploads\/2018\/02\/METEPEC-3308.jpg 700w\" sizes=\"auto, (max-width: 460px) 100vw, 460px\" \/><\/a><p id=\"caption-attachment-364666\" class=\"wp-caption-text\">Inicia este viernes 16 de febrero la Cuarta Temporada de Conciertos del Conservatorio de M\u00fasica\u00a0con el Ensamble de Jazz del COMEM.<\/p><\/div>\n<p>&nbsp;<\/p>\n<p><strong>Metepec, Estado de M\u00e9xico<\/strong>.- Como parte de la agenda cultural permanente que ofrece el gobierno de Metepec, a partir del 16 de febrero y hasta al 20 de abril de este a\u00f1o, se abre la Cuarta Temporada de Conciertos del Conservatorio de M\u00fasica del Estado de M\u00e9xico (COMEM).<\/p>\n<p>La Direcci\u00f3n de Cultura inform\u00f3 que inicia este viernes 16 de febrero \u00a0con el Ensamble de Jazz del COMEM, el cual est\u00e1 integrado por Luis Andr\u00e9s Almontes Sol\u00eds en el piano, Axel Emmanuel Ruperto S\u00e1nchez y David Peralta Calder\u00f3n en la bater\u00eda, Donaldo G\u00f3mez Plata con el bajo el\u00e9ctrico, Isaac Sa\u00e9nz Enr\u00edquez e Isaac Villanueva Vald\u00e9s en la guitarra el\u00e9ctrica y Maximiliano D\u00edaz Le\u00f3n en el saxof\u00f3n bar\u00edtono.<\/p>\n<p>Durante este primer concierto se interpretar\u00e1n entre otras piezas: <em>Full House <\/em>de Wes Montgomery, <em>My Favorite Things<\/em> de Richard Rogers y <em>How Insensitive<\/em> de Antonio Carlos Jobim.<\/p>\n<p>La temporada incluye presentaciones el 9 de marzo con el Ensamble \u201cZam\u00e1 Jazz Project\u201d dirigido por Armando Velasco; el d\u00eda 23 de marzo el Ensamble de Jazz del COMEM, integrado por alumnos del maestro Daniel V\u00e1zquez y el 20 de abril el\u00a0\u00a0\u00a0\u00a0\u00a0\u00a0 Ensamble de Jazz del COMEM, con alumnos del maestro Armando Velasco.<\/p>\n<p>La sede de los recitales es el Museo del Barro, con domicilio en avenida \u00a0Estado de M\u00e9xico n\u00famero 10, Barrio de Santiaguito en Metepec, a partir de las 17:00 horas.<\/p>\n","protected":false},"excerpt":{"rendered":"<p>Como parte de la agenda cultural permanente que ofrece el gobierno de Metepec, a partir del 16 de febrero y hasta al 20 de abril de este a\u00f1o, se abre la Cuarta Temporada de Conciertos del Conservatorio de M\u00fasica del Estado de M\u00e9xico (COMEM).<\/p>\n","protected":false},"author":3,"featured_media":364666,"comment_status":"open","ping_status":"open","sticky":false,"template":"","format":"standard","meta":{"_monsterinsights_skip_tracking":false,"_monsterinsights_sitenote_active":false,"_monsterinsights_sitenote_note":"","_monsterinsights_sitenote_category":0,"footnotes":""},"categories":[35155],"tags":[70879,43675,876,37380],"class_list":["post-364562","post","type-post","status-publish","format-standard","has-post-thumbnail","hentry","category-estado-de-mexico-estado-de-mexico","tag-comem","tag-estado-de-mexico","tag-metepec","tag-temporada"],"_links":{"self":[{"href":"https:\/\/www.diarioimagen.net\/index.php?rest_route=\/wp\/v2\/posts\/364562","targetHints":{"allow":["GET"]}}],"collection":[{"href":"https:\/\/www.diarioimagen.net\/index.php?rest_route=\/wp\/v2\/posts"}],"about":[{"href":"https:\/\/www.diarioimagen.net\/index.php?rest_route=\/wp\/v2\/types\/post"}],"author":[{"embeddable":true,"href":"https:\/\/www.diarioimagen.net\/index.php?rest_route=\/wp\/v2\/users\/3"}],"replies":[{"embeddable":true,"href":"https:\/\/www.diarioimagen.net\/index.php?rest_route=%2Fwp%2Fv2%2Fcomments&post=364562"}],"version-history":[{"count":0,"href":"https:\/\/www.diarioimagen.net\/index.php?rest_route=\/wp\/v2\/posts\/364562\/revisions"}],"wp:featuredmedia":[{"embeddable":true,"href":"https:\/\/www.diarioimagen.net\/index.php?rest_route=\/wp\/v2\/media\/364666"}],"wp:attachment":[{"href":"https:\/\/www.diarioimagen.net\/index.php?rest_route=%2Fwp%2Fv2%2Fmedia&parent=364562"}],"wp:term":[{"taxonomy":"category","embeddable":true,"href":"https:\/\/www.diarioimagen.net\/index.php?rest_route=%2Fwp%2Fv2%2Fcategories&post=364562"},{"taxonomy":"post_tag","embeddable":true,"href":"https:\/\/www.diarioimagen.net\/index.php?rest_route=%2Fwp%2Fv2%2Ftags&post=364562"}],"curies":[{"name":"wp","href":"https:\/\/api.w.org\/{rel}","templated":true}]}}