{"id":364579,"date":"2018-02-16T00:07:38","date_gmt":"2018-02-16T06:07:38","guid":{"rendered":"http:\/\/www.diarioimagen.net\/?p=364579"},"modified":"2018-02-18T22:22:26","modified_gmt":"2018-02-19T04:22:26","slug":"mancera-solicitaria-una-licencia-definitiva","status":"publish","type":"post","link":"https:\/\/www.diarioimagen.net\/?p=364579","title":{"rendered":"Mancera solicitar\u00eda una licencia definitiva"},"content":{"rendered":"<ul>\n<li><strong><em>Ir\u00eda al Senado<\/em><\/strong><\/li>\n<\/ul>\n<p>&nbsp;<\/p>\n<div id=\"attachment_364698\" style=\"width: 470px\" class=\"wp-caption aligncenter\"><a href=\"http:\/\/www.diarioimagen.net\/?attachment_id=364698\" rel=\"attachment wp-att-364698\"><img loading=\"lazy\" decoding=\"async\" aria-describedby=\"caption-attachment-364698\" class=\"size-large wp-image-364698\" src=\"http:\/\/www.diarioimagen.net\/wp-content\/uploads\/2018\/02\/MANCERA-3308-1-460x259.jpg\" alt=\"\" width=\"460\" height=\"259\" srcset=\"https:\/\/www.diarioimagen.net\/wp-content\/uploads\/2018\/02\/MANCERA-3308-1-460x259.jpg 460w, https:\/\/www.diarioimagen.net\/wp-content\/uploads\/2018\/02\/MANCERA-3308-1-240x135.jpg 240w, https:\/\/www.diarioimagen.net\/wp-content\/uploads\/2018\/02\/MANCERA-3308-1-235x132.jpg 235w, https:\/\/www.diarioimagen.net\/wp-content\/uploads\/2018\/02\/MANCERA-3308-1-202x114.jpg 202w, https:\/\/www.diarioimagen.net\/wp-content\/uploads\/2018\/02\/MANCERA-3308-1-350x196.jpg 350w, https:\/\/www.diarioimagen.net\/wp-content\/uploads\/2018\/02\/MANCERA-3308-1-220x123.jpg 220w, https:\/\/www.diarioimagen.net\/wp-content\/uploads\/2018\/02\/MANCERA-3308-1-237x132.jpg 237w, https:\/\/www.diarioimagen.net\/wp-content\/uploads\/2018\/02\/MANCERA-3308-1.jpg 480w\" sizes=\"auto, (max-width: 460px) 100vw, 460px\" \/><\/a><p id=\"caption-attachment-364698\" class=\"wp-caption-text\">Miguel \u00c1ngel Mancera, jefe de gobierno de la Ciudad de M\u00e9xico, se\u00f1al\u00f3 que en caso de dejar la jefatura de gobierno, ser\u00eda de forma definitiva.<\/p><\/div>\n<p>&nbsp;<\/p>\n<p>Miguel \u00c1ngel Mancera, jefe de gobierno de la Ciudad de M\u00e9xico, se\u00f1al\u00f3 que en caso de dejar la jefatura de gobierno, ser\u00eda de forma definitiva.<\/p>\n<p>Ante los se\u00f1alamientos de que podr\u00eda separarse del cargo que asumi\u00f3 en 2012 para participar en el proceso electoral como aspirante al Senado de la Rep\u00fablica por la v\u00eda plurinominal, Mancera Espinosa, mencion\u00f3 que a\u00fan nada est\u00e1 definido, aunque indic\u00f3 que lo importante es lograr que el gobierno de coalici\u00f3n triunfe.<\/p>\n<p>\u201cEse es el proyecto que todav\u00eda no est\u00e1, no se ha dicho expresamente, no se ha planteado, no se ha colocado sobre la mesa; eso es lo \u00fanico que verdaderamente s\u00ed ser\u00eda un reto nacional, no es un cargo por un cargo. Si hay un reto nacional como es gobierno de coalici\u00f3n, eso s\u00ed es interesante, poder ir a un cambio de r\u00e9gimen\u201d, se\u00f1al\u00f3.<\/p>\n<p>Por su parte, el secretario de Desarrollo Social, Jos\u00e9 Ram\u00f3n Amieva, quien ha sido se\u00f1alado como su sucesor, se dijo respetuoso de las decisiones que Mancera Espinosa juzgue convenientes y, en tanto no exista un anuncio oficial, \u00e9l trabaja en los proyectos que le fueron encomendados.<\/p>\n<p>\u201cYo estoy dispuesto a ayudar al jefe de gobierno en todas las actividades que puedan ser derivadas, relacionadas, que se generen de manera directa con el proyecto que \u00e9l tenga. Yo estoy con un proyecto del jefe de gobierno desde hace muchos a\u00f1os, corrijo o abundo, estoy con un proyecto de Miguel \u00c1ngel Mancera Espinosa\u201d, dijo Amieva.<\/p>\n<p>Amieva G\u00e1lvez ha formado parte del equipo del jefe de gobierno desde que este encabez\u00f3 la Procuradur\u00eda General de Justicia, posteriormente y al llegar Mancera como titular de la administraci\u00f3n capitalina, Amieva ocup\u00f3 el cargo de consejero Jur\u00eddico y desde 2015 es el responsable de las pol\u00edticas sociales de la capital.<\/p>\n","protected":false},"excerpt":{"rendered":"<p>Miguel \u00c1ngel Mancera, jefe de gobierno de la Ciudad de M\u00e9xico, se\u00f1al\u00f3 que en caso de dejar la jefatura de gobierno, ser\u00eda de forma definitiva.<\/p>\n","protected":false},"author":3,"featured_media":364698,"comment_status":"open","ping_status":"open","sticky":false,"template":"","format":"standard","meta":{"_monsterinsights_skip_tracking":false,"_monsterinsights_sitenote_active":false,"_monsterinsights_sitenote_note":"","_monsterinsights_sitenote_category":0,"footnotes":""},"categories":[6],"tags":[204,3191,5314],"class_list":["post-364579","post","type-post","status-publish","format-standard","has-post-thumbnail","hentry","category-cd-de-mexico","tag-ciudad-de-mexico","tag-licencia","tag-miguel-angel-mancera-espinosa"],"_links":{"self":[{"href":"https:\/\/www.diarioimagen.net\/index.php?rest_route=\/wp\/v2\/posts\/364579","targetHints":{"allow":["GET"]}}],"collection":[{"href":"https:\/\/www.diarioimagen.net\/index.php?rest_route=\/wp\/v2\/posts"}],"about":[{"href":"https:\/\/www.diarioimagen.net\/index.php?rest_route=\/wp\/v2\/types\/post"}],"author":[{"embeddable":true,"href":"https:\/\/www.diarioimagen.net\/index.php?rest_route=\/wp\/v2\/users\/3"}],"replies":[{"embeddable":true,"href":"https:\/\/www.diarioimagen.net\/index.php?rest_route=%2Fwp%2Fv2%2Fcomments&post=364579"}],"version-history":[{"count":0,"href":"https:\/\/www.diarioimagen.net\/index.php?rest_route=\/wp\/v2\/posts\/364579\/revisions"}],"wp:featuredmedia":[{"embeddable":true,"href":"https:\/\/www.diarioimagen.net\/index.php?rest_route=\/wp\/v2\/media\/364698"}],"wp:attachment":[{"href":"https:\/\/www.diarioimagen.net\/index.php?rest_route=%2Fwp%2Fv2%2Fmedia&parent=364579"}],"wp:term":[{"taxonomy":"category","embeddable":true,"href":"https:\/\/www.diarioimagen.net\/index.php?rest_route=%2Fwp%2Fv2%2Fcategories&post=364579"},{"taxonomy":"post_tag","embeddable":true,"href":"https:\/\/www.diarioimagen.net\/index.php?rest_route=%2Fwp%2Fv2%2Ftags&post=364579"}],"curies":[{"name":"wp","href":"https:\/\/api.w.org\/{rel}","templated":true}]}}