{"id":364701,"date":"2018-02-16T18:59:28","date_gmt":"2018-02-17T00:59:28","guid":{"rendered":"http:\/\/www.diarioimagen.net\/?p=364701"},"modified":"2018-02-18T23:06:44","modified_gmt":"2018-02-19T05:06:44","slug":"se-registra-sismo-de-magnitud-7-2-en-ciudad-de-mexico","status":"publish","type":"post","link":"https:\/\/www.diarioimagen.net\/?p=364701","title":{"rendered":"Se registra sismo de magnitud 7.2 en Ciudad de M\u00e9xico"},"content":{"rendered":"<p><a href=\"http:\/\/www.diarioimagen.net\/?attachment_id=364702\" rel=\"attachment wp-att-364702\"><img loading=\"lazy\" decoding=\"async\" class=\"aligncenter size-large wp-image-364702\" src=\"http:\/\/www.diarioimagen.net\/wp-content\/uploads\/2018\/02\/sismo-3308-460x259.jpg\" alt=\"\" width=\"460\" height=\"259\" srcset=\"https:\/\/www.diarioimagen.net\/wp-content\/uploads\/2018\/02\/sismo-3308-460x259.jpg 460w, https:\/\/www.diarioimagen.net\/wp-content\/uploads\/2018\/02\/sismo-3308-240x135.jpg 240w, https:\/\/www.diarioimagen.net\/wp-content\/uploads\/2018\/02\/sismo-3308-235x132.jpg 235w, https:\/\/www.diarioimagen.net\/wp-content\/uploads\/2018\/02\/sismo-3308-202x114.jpg 202w, https:\/\/www.diarioimagen.net\/wp-content\/uploads\/2018\/02\/sismo-3308-350x196.jpg 350w, https:\/\/www.diarioimagen.net\/wp-content\/uploads\/2018\/02\/sismo-3308-220x123.jpg 220w, https:\/\/www.diarioimagen.net\/wp-content\/uploads\/2018\/02\/sismo-3308-237x132.jpg 237w, https:\/\/www.diarioimagen.net\/wp-content\/uploads\/2018\/02\/sismo-3308.jpg 480w\" sizes=\"auto, (max-width: 460px) 100vw, 460px\" \/><\/a><\/p>\n<p>&nbsp;<\/p>\n<p>Un\u00a0sismo de magnitud 7,2 sacudi\u00f3 a\u00a0la Ciudad de\u00a0M\u00e9xico, as\u00ed como el centro y el sur del pa\u00eds, a las 05:39 de la tarde (hora local), con epicentro a 11 kil\u00f3metros al sur de Pinotepa Nacional, \u00a0Oaxaca, inform\u00f3 el Servicio Sismol\u00f3gico Nacional.<\/p>\n<p>Fueron activados los protocolos en caso de sismo \u00a0por las autoridades de Ciudad de\u00a0M\u00e9xico, confirm\u00f3 el jefe de gobierno, Miguel \u00c1ngel Mancera, en un mensaje en su cuenta de <em>Twitter:\u00a0\u00ab#AvisoMetro: Por sismo en la #CDMX y zona metropolitana se lleva a cabo protocolo de revisi\u00f3n de estaciones en toda la Red.\u00bb<\/em>.<\/p>\n<p>El sismo fue sentido adem\u00e1s en los estados de Oaxaca, Guerrero, Puebla, Morelia, Colima y Jalisco, precis\u00f3 el Sismol\u00f3gico Nacional.<\/p>\n<p>En la capital, la alarma s\u00edsmica se activ\u00f3\u00a0antes de que sintieran el movimiento. Mancera declar\u00f3 a la televisi\u00f3n mexicana que el reporte preliminar del terremoto\u00bbhasta este momento es sin alguna novedad mayor\u00bb.<\/p>\n<p>Hasta ahora no hay reporte de afectaciones en otras regiones del pa\u00eds.<\/p>\n<p>Hasta las 18:30 horas se han detectado 59 r\u00e9plicas, report\u00f3 a trav\u00e9s de Twitter el SSN.<\/p>\n","protected":false},"excerpt":{"rendered":"<p>Un\u00a0sismo de magnitud 7,2 sacudi\u00f3 a\u00a0la Ciudad de\u00a0M\u00e9xico, as\u00ed como el centro y el sur del pa\u00eds, a las 05:39 de la tarde (hora local), con epicentro a 11 kil\u00f3metros al sur de Pinotepa Nacional, \u00a0Oaxaca, inform\u00f3 el Servicio Sismol\u00f3gico Nacional.<\/p>\n","protected":false},"author":1,"featured_media":364702,"comment_status":"open","ping_status":"open","sticky":false,"template":"","format":"standard","meta":{"_monsterinsights_skip_tracking":false,"_monsterinsights_sitenote_active":false,"_monsterinsights_sitenote_note":"","_monsterinsights_sitenote_category":0,"footnotes":""},"categories":[6],"tags":[34444,530,677],"class_list":["post-364701","post","type-post","status-publish","format-standard","has-post-thumbnail","hentry","category-cd-de-mexico","tag-cdmx","tag-servicio-meteorologico-nacional","tag-sismo"],"_links":{"self":[{"href":"https:\/\/www.diarioimagen.net\/index.php?rest_route=\/wp\/v2\/posts\/364701","targetHints":{"allow":["GET"]}}],"collection":[{"href":"https:\/\/www.diarioimagen.net\/index.php?rest_route=\/wp\/v2\/posts"}],"about":[{"href":"https:\/\/www.diarioimagen.net\/index.php?rest_route=\/wp\/v2\/types\/post"}],"author":[{"embeddable":true,"href":"https:\/\/www.diarioimagen.net\/index.php?rest_route=\/wp\/v2\/users\/1"}],"replies":[{"embeddable":true,"href":"https:\/\/www.diarioimagen.net\/index.php?rest_route=%2Fwp%2Fv2%2Fcomments&post=364701"}],"version-history":[{"count":0,"href":"https:\/\/www.diarioimagen.net\/index.php?rest_route=\/wp\/v2\/posts\/364701\/revisions"}],"wp:featuredmedia":[{"embeddable":true,"href":"https:\/\/www.diarioimagen.net\/index.php?rest_route=\/wp\/v2\/media\/364702"}],"wp:attachment":[{"href":"https:\/\/www.diarioimagen.net\/index.php?rest_route=%2Fwp%2Fv2%2Fmedia&parent=364701"}],"wp:term":[{"taxonomy":"category","embeddable":true,"href":"https:\/\/www.diarioimagen.net\/index.php?rest_route=%2Fwp%2Fv2%2Fcategories&post=364701"},{"taxonomy":"post_tag","embeddable":true,"href":"https:\/\/www.diarioimagen.net\/index.php?rest_route=%2Fwp%2Fv2%2Ftags&post=364701"}],"curies":[{"name":"wp","href":"https:\/\/api.w.org\/{rel}","templated":true}]}}