{"id":364776,"date":"2018-02-19T00:06:30","date_gmt":"2018-02-19T06:06:30","guid":{"rendered":"http:\/\/www.diarioimagen.net\/?p=364776"},"modified":"2018-02-19T04:04:33","modified_gmt":"2018-02-19T10:04:33","slug":"refrenda-gobierno-de-ana-balderas-compromiso-con-adultos-mayores","status":"publish","type":"post","link":"https:\/\/www.diarioimagen.net\/?p=364776","title":{"rendered":"Refrenda gobierno de Ana Balderas compromiso con adultos mayores"},"content":{"rendered":"<ul>\n<li><strong><em>En Atizap\u00e1n de Zaragoza<\/em><\/strong><\/li>\n<\/ul>\n<p>&nbsp;<\/p>\n<div id=\"attachment_364830\" style=\"width: 470px\" class=\"wp-caption aligncenter\"><a href=\"http:\/\/www.diarioimagen.net\/?attachment_id=364830\" rel=\"attachment wp-att-364830\"><img loading=\"lazy\" decoding=\"async\" aria-describedby=\"caption-attachment-364830\" class=\"size-large wp-image-364830\" src=\"http:\/\/www.diarioimagen.net\/wp-content\/uploads\/2018\/02\/ATIZAPAN-3309-460x259.jpg\" alt=\"\" width=\"460\" height=\"259\" srcset=\"https:\/\/www.diarioimagen.net\/wp-content\/uploads\/2018\/02\/ATIZAPAN-3309-460x259.jpg 460w, https:\/\/www.diarioimagen.net\/wp-content\/uploads\/2018\/02\/ATIZAPAN-3309-240x135.jpg 240w, https:\/\/www.diarioimagen.net\/wp-content\/uploads\/2018\/02\/ATIZAPAN-3309-235x132.jpg 235w, https:\/\/www.diarioimagen.net\/wp-content\/uploads\/2018\/02\/ATIZAPAN-3309-202x114.jpg 202w, https:\/\/www.diarioimagen.net\/wp-content\/uploads\/2018\/02\/ATIZAPAN-3309-350x196.jpg 350w, https:\/\/www.diarioimagen.net\/wp-content\/uploads\/2018\/02\/ATIZAPAN-3309-220x123.jpg 220w, https:\/\/www.diarioimagen.net\/wp-content\/uploads\/2018\/02\/ATIZAPAN-3309-237x132.jpg 237w, https:\/\/www.diarioimagen.net\/wp-content\/uploads\/2018\/02\/ATIZAPAN-3309.jpg 480w\" sizes=\"auto, (max-width: 460px) 100vw, 460px\" \/><\/a><p id=\"caption-attachment-364830\" class=\"wp-caption-text\">La alcaldesa, Ana Mar\u00eda Balderas Trejo, asisti\u00f3 a la entrega de pants para los adultos mayores de las diferentes casas de d\u00eda.<\/p><\/div>\n<p>&nbsp;<\/p>\n<p><strong>Atizap\u00e1n, Estado de M\u00e9xico<\/strong>.- Con el firme compromiso de refrendar su apoyo en todo momento a las personas de la tercera edad, la alcaldesa, Ana Mar\u00eda Balderas Trejo, asisti\u00f3 a la \u201centrega de pants para los adultos mayores de las diferentes casas de d\u00eda\u201d, que realiz\u00f3 \u00a0el DIF municipal.<\/p>\n<p>En compa\u00f1\u00eda de la presidenta del Sistema Municipal DIF, Carmen Soto Escalante y otras autoridades locales, Balderas Trejo detall\u00f3 que \u201cen esta administraci\u00f3n los compromisos se cumplen\u201d, por lo que su gobierno no dejar\u00e1 de trabajar ni un solo d\u00eda a favor de la sociedad y mucho menos dejar\u00e1 de velar por \u00a0los adultos mayores.<\/p>\n<p>Ante un lleno total del sal\u00f3n de usos m\u00faltiples en el DIF central, la mun\u00edcipe agreg\u00f3 que los adultos mayores deben ser respetados y tienen derecho a sentir seguridad econ\u00f3mica y emocional, as\u00ed como contar con atenci\u00f3n a su salud que les permita en lo posible vivir tranquila y decorosamente.<\/p>\n<p>Por su parte, la presidenta de este sistema, Carmen Soto Escalante, inform\u00f3 que actualmente cerca de mil 600 personas de la tercera edad son beneficiados con cuidados y actividades de desarrollo integral en las casas de d\u00eda y clubes del DIF municipal.<\/p>\n<p>\u201cHoy entregamos estos pants a nuestros adultos mayores porque est\u00e1 comprobado que aquellas personas que mantienen una vida activa son m\u00e1s saludables f\u00edsicamente, pero tambi\u00e9n emocionalmente m\u00e1s estables, con un mejor estado de \u00e1nimo, productivos, activos y por lo tanto con una mejor expectativa de vida\u201d, finaliz\u00f3 la funcionaria p\u00fablica.<\/p>\n","protected":false},"excerpt":{"rendered":"<p>Con el firme compromiso de refrendar su apoyo en todo momento a las personas de la tercera edad, la alcaldesa, Ana Mar\u00eda Balderas Trejo, asisti\u00f3 a la \u201centrega de pants para los adultos mayores de las diferentes casas de d\u00eda\u201d, que realiz\u00f3  el DIF municipal.<\/p>\n","protected":false},"author":3,"featured_media":364830,"comment_status":"open","ping_status":"open","sticky":false,"template":"","format":"standard","meta":{"_monsterinsights_skip_tracking":false,"_monsterinsights_sitenote_active":false,"_monsterinsights_sitenote_note":"","_monsterinsights_sitenote_category":0,"footnotes":""},"categories":[5],"tags":[15930,969,43675,47286],"class_list":["post-364776","post","type-post","status-publish","format-standard","has-post-thumbnail","hentry","category-estado-de-mexico","tag-adultos-mayores","tag-atizapan","tag-estado-de-mexico","tag-refrenda"],"_links":{"self":[{"href":"https:\/\/www.diarioimagen.net\/index.php?rest_route=\/wp\/v2\/posts\/364776","targetHints":{"allow":["GET"]}}],"collection":[{"href":"https:\/\/www.diarioimagen.net\/index.php?rest_route=\/wp\/v2\/posts"}],"about":[{"href":"https:\/\/www.diarioimagen.net\/index.php?rest_route=\/wp\/v2\/types\/post"}],"author":[{"embeddable":true,"href":"https:\/\/www.diarioimagen.net\/index.php?rest_route=\/wp\/v2\/users\/3"}],"replies":[{"embeddable":true,"href":"https:\/\/www.diarioimagen.net\/index.php?rest_route=%2Fwp%2Fv2%2Fcomments&post=364776"}],"version-history":[{"count":0,"href":"https:\/\/www.diarioimagen.net\/index.php?rest_route=\/wp\/v2\/posts\/364776\/revisions"}],"wp:featuredmedia":[{"embeddable":true,"href":"https:\/\/www.diarioimagen.net\/index.php?rest_route=\/wp\/v2\/media\/364830"}],"wp:attachment":[{"href":"https:\/\/www.diarioimagen.net\/index.php?rest_route=%2Fwp%2Fv2%2Fmedia&parent=364776"}],"wp:term":[{"taxonomy":"category","embeddable":true,"href":"https:\/\/www.diarioimagen.net\/index.php?rest_route=%2Fwp%2Fv2%2Fcategories&post=364776"},{"taxonomy":"post_tag","embeddable":true,"href":"https:\/\/www.diarioimagen.net\/index.php?rest_route=%2Fwp%2Fv2%2Ftags&post=364776"}],"curies":[{"name":"wp","href":"https:\/\/api.w.org\/{rel}","templated":true}]}}