{"id":364778,"date":"2018-02-19T00:06:17","date_gmt":"2018-02-19T06:06:17","guid":{"rendered":"http:\/\/www.diarioimagen.net\/?p=364778"},"modified":"2018-02-19T03:53:26","modified_gmt":"2018-02-19T09:53:26","slug":"acercara-metepec-capacitacion-de-alto-nivel-para-productores-del-campo","status":"publish","type":"post","link":"https:\/\/www.diarioimagen.net\/?p=364778","title":{"rendered":"Acercar\u00e1 Metepec capacitaci\u00f3n de alto nivel para productores del campo"},"content":{"rendered":"<ul>\n<li><strong><em>Busca ayuntamiento ampliar beneficios a familias dedicadas al agro<\/em><\/strong><\/li>\n<\/ul>\n<p>&nbsp;<\/p>\n<div id=\"attachment_364815\" style=\"width: 470px\" class=\"wp-caption aligncenter\"><a href=\"http:\/\/www.diarioimagen.net\/?attachment_id=364815\" rel=\"attachment wp-att-364815\"><img loading=\"lazy\" decoding=\"async\" aria-describedby=\"caption-attachment-364815\" class=\"size-large wp-image-364815\" src=\"http:\/\/www.diarioimagen.net\/wp-content\/uploads\/2018\/02\/METEPEC-3309-460x259.jpg\" alt=\"\" width=\"460\" height=\"259\" srcset=\"https:\/\/www.diarioimagen.net\/wp-content\/uploads\/2018\/02\/METEPEC-3309-460x259.jpg 460w, https:\/\/www.diarioimagen.net\/wp-content\/uploads\/2018\/02\/METEPEC-3309-240x135.jpg 240w, https:\/\/www.diarioimagen.net\/wp-content\/uploads\/2018\/02\/METEPEC-3309-235x132.jpg 235w, https:\/\/www.diarioimagen.net\/wp-content\/uploads\/2018\/02\/METEPEC-3309-202x114.jpg 202w, https:\/\/www.diarioimagen.net\/wp-content\/uploads\/2018\/02\/METEPEC-3309-350x196.jpg 350w, https:\/\/www.diarioimagen.net\/wp-content\/uploads\/2018\/02\/METEPEC-3309-220x123.jpg 220w, https:\/\/www.diarioimagen.net\/wp-content\/uploads\/2018\/02\/METEPEC-3309-237x132.jpg 237w, https:\/\/www.diarioimagen.net\/wp-content\/uploads\/2018\/02\/METEPEC-3309.jpg 480w\" sizes=\"auto, (max-width: 460px) 100vw, 460px\" \/><\/a><p id=\"caption-attachment-364815\" class=\"wp-caption-text\">El alcalde, David L\u00f3pez C\u00e1rdenas, entreg\u00f3 instrumentos y accesorios agr\u00edcolas a la Asociaci\u00f3n Natomi, en la que participan 40 familias en producci\u00f3n de jitomate.<\/p><\/div>\n<p>&nbsp;<\/p>\n<p><strong>Metepec, Estado de M\u00e9xico<\/strong>.- Con el objetivo de mejorar la producci\u00f3n de jitomate en invernadero, el gobierno de Metepec acercar\u00e1 capacitaci\u00f3n especializada para los productores de San Bartolom\u00e9 Tlaltelulco.<\/p>\n<p>Durante una visita a la comunidad, el alcalde David L\u00f3pez C\u00e1rdenas, entreg\u00f3 instrumentos y accesorios agr\u00edcolas a la Asociaci\u00f3n Natomi, en la que participan 40 familias en 10 invernaderos con una destacada producci\u00f3n de jitomate.<\/p>\n<p>En el lugar, el edil se comprometi\u00f3 a seguir impulsando la actividad del campo y en espec\u00edfico, la labor de la Asociaci\u00f3n quien a trav\u00e9s de su presidente, Jobito Ch\u00e1vez Quiroz, extern\u00f3 el agradecimiento por el permanente apoyo del ayuntamiento al sector, al igual que el requerimiento por aplicar tecnolog\u00eda y m\u00e9todos innovadores para potenciar el rendimiento del suelo y diversificar sus cosechas.<\/p>\n<p>Al respecto, L\u00f3pez C\u00e1rdenas ofreci\u00f3 una capacitaci\u00f3n integral a los productores con especialistas del ramo reconocidos por su \u00e9xito en el estado de Sinaloa, lugar a donde viajar\u00e1n en pr\u00f3ximos d\u00edas, una delegaci\u00f3n de la Asociaci\u00f3n Natomi para adquirir y aplicar conocimientos.<\/p>\n<p>Acompa\u00f1ado de la regidora Genoveva Flores Rodr\u00edguez y del subdirector de Desarrollo Econ\u00f3mico, Leobardo Plata Casta\u00f1eda, el presidente municipal David L\u00f3pez, entreg\u00f3 en esta ocasi\u00f3n, ventiladores y desbrozadoras, equipo requerido para la atenci\u00f3n y funcionalidad de los invernaderos, los cuales hab\u00edan sido solicitados previamente por los productores.<\/p>\n<p>Con estas acciones la administraci\u00f3n municipal de Metepec busca favorecer a los trabajadores del campo para mejorar su producci\u00f3n y comercializaci\u00f3n, y en consecuencia, incrementar ingresos econ\u00f3micos para sus familias.<\/p>\n","protected":false},"excerpt":{"rendered":"<p>Con el objetivo de mejorar la producci\u00f3n de jitomate en invernadero, el gobierno de Metepec acercar\u00e1 capacitaci\u00f3n especializada para los productores de San Bartolom\u00e9 Tlaltelulco.<\/p>\n","protected":false},"author":3,"featured_media":364815,"comment_status":"open","ping_status":"open","sticky":false,"template":"","format":"standard","meta":{"_monsterinsights_skip_tracking":false,"_monsterinsights_sitenote_active":false,"_monsterinsights_sitenote_note":"","_monsterinsights_sitenote_category":0,"footnotes":""},"categories":[35155],"tags":[16006,43675,876,20824],"class_list":["post-364778","post","type-post","status-publish","format-standard","has-post-thumbnail","hentry","category-estado-de-mexico-estado-de-mexico","tag-campo","tag-estado-de-mexico","tag-metepec","tag-productores"],"_links":{"self":[{"href":"https:\/\/www.diarioimagen.net\/index.php?rest_route=\/wp\/v2\/posts\/364778","targetHints":{"allow":["GET"]}}],"collection":[{"href":"https:\/\/www.diarioimagen.net\/index.php?rest_route=\/wp\/v2\/posts"}],"about":[{"href":"https:\/\/www.diarioimagen.net\/index.php?rest_route=\/wp\/v2\/types\/post"}],"author":[{"embeddable":true,"href":"https:\/\/www.diarioimagen.net\/index.php?rest_route=\/wp\/v2\/users\/3"}],"replies":[{"embeddable":true,"href":"https:\/\/www.diarioimagen.net\/index.php?rest_route=%2Fwp%2Fv2%2Fcomments&post=364778"}],"version-history":[{"count":0,"href":"https:\/\/www.diarioimagen.net\/index.php?rest_route=\/wp\/v2\/posts\/364778\/revisions"}],"wp:featuredmedia":[{"embeddable":true,"href":"https:\/\/www.diarioimagen.net\/index.php?rest_route=\/wp\/v2\/media\/364815"}],"wp:attachment":[{"href":"https:\/\/www.diarioimagen.net\/index.php?rest_route=%2Fwp%2Fv2%2Fmedia&parent=364778"}],"wp:term":[{"taxonomy":"category","embeddable":true,"href":"https:\/\/www.diarioimagen.net\/index.php?rest_route=%2Fwp%2Fv2%2Fcategories&post=364778"},{"taxonomy":"post_tag","embeddable":true,"href":"https:\/\/www.diarioimagen.net\/index.php?rest_route=%2Fwp%2Fv2%2Ftags&post=364778"}],"curies":[{"name":"wp","href":"https:\/\/api.w.org\/{rel}","templated":true}]}}