{"id":364786,"date":"2018-02-19T00:04:32","date_gmt":"2018-02-19T06:04:32","guid":{"rendered":"http:\/\/www.diarioimagen.net\/?p=364786"},"modified":"2018-02-19T04:10:18","modified_gmt":"2018-02-19T10:10:18","slug":"designa-pan-a-alfredo-oropeza-candidato-a-naucalpan","status":"publish","type":"post","link":"https:\/\/www.diarioimagen.net\/?p=364786","title":{"rendered":"Designa PAN a Alfredo Oropeza, candidato a Naucalpan"},"content":{"rendered":"<p><a href=\"http:\/\/www.diarioimagen.net\/?attachment_id=364838\" rel=\"attachment wp-att-364838\"><img loading=\"lazy\" decoding=\"async\" class=\"aligncenter size-large wp-image-364838\" src=\"http:\/\/www.diarioimagen.net\/wp-content\/uploads\/2018\/02\/NAUCALPAN-candidato-3309-460x259.jpg\" alt=\"\" width=\"460\" height=\"259\" srcset=\"https:\/\/www.diarioimagen.net\/wp-content\/uploads\/2018\/02\/NAUCALPAN-candidato-3309-460x259.jpg 460w, https:\/\/www.diarioimagen.net\/wp-content\/uploads\/2018\/02\/NAUCALPAN-candidato-3309-240x135.jpg 240w, https:\/\/www.diarioimagen.net\/wp-content\/uploads\/2018\/02\/NAUCALPAN-candidato-3309-235x132.jpg 235w, https:\/\/www.diarioimagen.net\/wp-content\/uploads\/2018\/02\/NAUCALPAN-candidato-3309-202x114.jpg 202w, https:\/\/www.diarioimagen.net\/wp-content\/uploads\/2018\/02\/NAUCALPAN-candidato-3309-350x196.jpg 350w, https:\/\/www.diarioimagen.net\/wp-content\/uploads\/2018\/02\/NAUCALPAN-candidato-3309-220x123.jpg 220w, https:\/\/www.diarioimagen.net\/wp-content\/uploads\/2018\/02\/NAUCALPAN-candidato-3309-237x132.jpg 237w, https:\/\/www.diarioimagen.net\/wp-content\/uploads\/2018\/02\/NAUCALPAN-candidato-3309.jpg 480w\" sizes=\"auto, (max-width: 460px) 100vw, 460px\" \/><\/a><\/p>\n<p>&nbsp;<\/p>\n<p><strong>Naucalpan, Estado de M\u00e9xico.<\/strong><strong>&#8211;<\/strong> La Comisi\u00f3n Electoral\u00a0 del\u00a0 Partido Acci\u00f3n Nacional del Estado de M\u00e9xico, design\u00f3 a Alfredo Oropeza M\u00e9ndez,\u00a0como su candidato a la presidencia municipal de Naucalpan, para contender en las elecciones de julio pr\u00f3ximo.<\/p>\n<p>Alfredo Oropeza M\u00e9ndez,\u00a0 es licenciado en Econom\u00eda por la UNAM, padre de familia, ex subdelegado de Sedesol en el Estado de M\u00e9xico,\u00a0ex auditor del OSFEM,\u00a0actualmente se\u00a0desempe\u00f1a como secretario de Innovaci\u00f3n Gubernamental del\u00a0 gobierno del H. Ayuntamiento de Naucalpan.<\/p>\n","protected":false},"excerpt":{"rendered":"<p>La Comisi\u00f3n Electoral  del  Partido Acci\u00f3n Nacional del Estado de M\u00e9xico, design\u00f3 a Alfredo Oropeza M\u00e9ndez, como su candidato a la presidencia municipal de Naucalpan, para contender en las elecciones de julio pr\u00f3ximo.<\/p>\n","protected":false},"author":3,"featured_media":364838,"comment_status":"open","ping_status":"open","sticky":false,"template":"","format":"standard","meta":{"_monsterinsights_skip_tracking":false,"_monsterinsights_sitenote_active":false,"_monsterinsights_sitenote_note":"","_monsterinsights_sitenote_category":0,"footnotes":""},"categories":[35155],"tags":[43675,970,91],"class_list":["post-364786","post","type-post","status-publish","format-standard","has-post-thumbnail","hentry","category-estado-de-mexico-estado-de-mexico","tag-estado-de-mexico","tag-naucalpan","tag-pan"],"_links":{"self":[{"href":"https:\/\/www.diarioimagen.net\/index.php?rest_route=\/wp\/v2\/posts\/364786","targetHints":{"allow":["GET"]}}],"collection":[{"href":"https:\/\/www.diarioimagen.net\/index.php?rest_route=\/wp\/v2\/posts"}],"about":[{"href":"https:\/\/www.diarioimagen.net\/index.php?rest_route=\/wp\/v2\/types\/post"}],"author":[{"embeddable":true,"href":"https:\/\/www.diarioimagen.net\/index.php?rest_route=\/wp\/v2\/users\/3"}],"replies":[{"embeddable":true,"href":"https:\/\/www.diarioimagen.net\/index.php?rest_route=%2Fwp%2Fv2%2Fcomments&post=364786"}],"version-history":[{"count":0,"href":"https:\/\/www.diarioimagen.net\/index.php?rest_route=\/wp\/v2\/posts\/364786\/revisions"}],"wp:featuredmedia":[{"embeddable":true,"href":"https:\/\/www.diarioimagen.net\/index.php?rest_route=\/wp\/v2\/media\/364838"}],"wp:attachment":[{"href":"https:\/\/www.diarioimagen.net\/index.php?rest_route=%2Fwp%2Fv2%2Fmedia&parent=364786"}],"wp:term":[{"taxonomy":"category","embeddable":true,"href":"https:\/\/www.diarioimagen.net\/index.php?rest_route=%2Fwp%2Fv2%2Fcategories&post=364786"},{"taxonomy":"post_tag","embeddable":true,"href":"https:\/\/www.diarioimagen.net\/index.php?rest_route=%2Fwp%2Fv2%2Ftags&post=364786"}],"curies":[{"name":"wp","href":"https:\/\/api.w.org\/{rel}","templated":true}]}}