{"id":364789,"date":"2018-02-19T00:06:40","date_gmt":"2018-02-19T06:06:40","guid":{"rendered":"http:\/\/www.diarioimagen.net\/?p=364789"},"modified":"2018-02-19T23:57:01","modified_gmt":"2018-02-20T05:57:01","slug":"confirma-ssn-sismo-de-6-0-en-oaxaca","status":"publish","type":"post","link":"https:\/\/www.diarioimagen.net\/?p=364789","title":{"rendered":"Confirma SSN sismo de 6.0 en Oaxaca"},"content":{"rendered":"<ul>\n<li><strong><em>Precis\u00f3 que el epidentro se localiz\u00f3 a al este de Pinotepa Nacional, Oaxaca.<\/em><\/strong><\/li>\n<\/ul>\n<p>&nbsp;<\/p>\n<p><a href=\"http:\/\/www.diarioimagen.net\/?attachment_id=364790\" rel=\"attachment wp-att-364790\"><img loading=\"lazy\" decoding=\"async\" class=\"aligncenter size-large wp-image-364790\" src=\"http:\/\/www.diarioimagen.net\/wp-content\/uploads\/2018\/02\/sismo-3309-460x276.jpg\" alt=\"\" width=\"460\" height=\"276\" srcset=\"https:\/\/www.diarioimagen.net\/wp-content\/uploads\/2018\/02\/sismo-3309-460x276.jpg 460w, https:\/\/www.diarioimagen.net\/wp-content\/uploads\/2018\/02\/sismo-3309-240x144.jpg 240w, https:\/\/www.diarioimagen.net\/wp-content\/uploads\/2018\/02\/sismo-3309.jpg 600w\" sizes=\"auto, (max-width: 460px) 100vw, 460px\" \/><\/a><\/p>\n<p>&nbsp;<\/p>\n<p>El Servicio Sismol\u00f3gico Nacional confirm\u00f3 que el sismo registrado a las 00:56 horas de este lunes, al sureste de Pinotepa Naciuonal, Oaxaca, fue de magnitud 6.0.<\/p>\n<p>En su cuenta de <i>Twitter<\/i> @SSNMexico, el Sismol\u00f3gico Nacional precis\u00f3: \u201cSISMO Magnitud 6.0 Loc 32 km al SURESTE de PINOTEPA NACIONAL, OAX 19\/02\/18 00:56:57 Lat 16.25 Lon -97.77 Pf 10 km\u201d.<\/p>\n<p>El jefe de Gobierno de la Ciudad de M\u00e9xico, Miguel \u00c1ngel Mancera, inform\u00f3 esta madrugada que concluy\u00f3 el protocolo de revisi\u00f3n por sismo, sin que hasta el momento se reporten da\u00f1os materiales.<\/p>\n<p>\u201cConcluye protocolo de revisi\u00f3n por sismo, por el momento sin reporte de da\u00f1os en la #CDMX\u201d, escribi\u00f3 Mancera Espinosa en su cuenta de <em>Twitter<\/em> @ManceraMiguelMX.<\/p>\n<p>El presidente Enrique Pe\u00f1a Nieto inform\u00f3 esta madrugada que por sismo de magnitud 6.0, la Secretar\u00eda de Gobernaci\u00f3n activ\u00f3 los protocolos y est\u00e1 en contacto con autoridades locales.<\/p>\n<p>En su cuenta de <em>Twitter<\/em> @EPN, el Ejecutivo federal public\u00f3: \u201cPor sismo de magnitud preliminar de 6, @PcSegob activ\u00f3 sus protocolos y est\u00e1 en contacto con autoridades locales.<\/p>\n","protected":false},"excerpt":{"rendered":"<p>El Servicio Sismol\u00f3gico Nacional confirm\u00f3 que el sismo registrado a las 00:56 horas de este lunes, al sureste de Pinotepa Naciuonal, Oaxaca, fue de magnitud 6.0. En su cuenta de Twitter @SSNMexico, el Sismol\u00f3gico Nacional precis\u00f3: \u201cSISMO Magnitud 6.0 Loc 32 km al SURESTE de PINOTEPA NACIONAL, OAX 19\/02\/18 00:56:57 Lat 16.25 Lon -97.77 Pf 10 km\u201d.<\/p>\n","protected":false},"author":1,"featured_media":364790,"comment_status":"open","ping_status":"open","sticky":false,"template":"","format":"standard","meta":{"_monsterinsights_skip_tracking":false,"_monsterinsights_sitenote_active":false,"_monsterinsights_sitenote_note":"","_monsterinsights_sitenote_category":0,"footnotes":""},"categories":[3],"tags":[34444,18,43673,18044,677],"class_list":["post-364789","post","type-post","status-publish","format-standard","has-post-thumbnail","hentry","category-nacional","tag-cdmx","tag-enrique-pena-nieto","tag-nacional","tag-servicio-sismologico-nacional","tag-sismo"],"_links":{"self":[{"href":"https:\/\/www.diarioimagen.net\/index.php?rest_route=\/wp\/v2\/posts\/364789","targetHints":{"allow":["GET"]}}],"collection":[{"href":"https:\/\/www.diarioimagen.net\/index.php?rest_route=\/wp\/v2\/posts"}],"about":[{"href":"https:\/\/www.diarioimagen.net\/index.php?rest_route=\/wp\/v2\/types\/post"}],"author":[{"embeddable":true,"href":"https:\/\/www.diarioimagen.net\/index.php?rest_route=\/wp\/v2\/users\/1"}],"replies":[{"embeddable":true,"href":"https:\/\/www.diarioimagen.net\/index.php?rest_route=%2Fwp%2Fv2%2Fcomments&post=364789"}],"version-history":[{"count":0,"href":"https:\/\/www.diarioimagen.net\/index.php?rest_route=\/wp\/v2\/posts\/364789\/revisions"}],"wp:featuredmedia":[{"embeddable":true,"href":"https:\/\/www.diarioimagen.net\/index.php?rest_route=\/wp\/v2\/media\/364790"}],"wp:attachment":[{"href":"https:\/\/www.diarioimagen.net\/index.php?rest_route=%2Fwp%2Fv2%2Fmedia&parent=364789"}],"wp:term":[{"taxonomy":"category","embeddable":true,"href":"https:\/\/www.diarioimagen.net\/index.php?rest_route=%2Fwp%2Fv2%2Fcategories&post=364789"},{"taxonomy":"post_tag","embeddable":true,"href":"https:\/\/www.diarioimagen.net\/index.php?rest_route=%2Fwp%2Fv2%2Ftags&post=364789"}],"curies":[{"name":"wp","href":"https:\/\/api.w.org\/{rel}","templated":true}]}}