{"id":364858,"date":"2018-02-19T00:05:08","date_gmt":"2018-02-19T06:05:08","guid":{"rendered":"http:\/\/www.diarioimagen.net\/?p=364858"},"modified":"2018-02-20T01:32:27","modified_gmt":"2018-02-20T07:32:27","slug":"simulacion-politica","status":"publish","type":"post","link":"https:\/\/www.diarioimagen.net\/?p=364858","title":{"rendered":"Simulaci\u00f3n pol\u00edtica"},"content":{"rendered":"<h2>Desde el portal<\/h2>\n<h5>\u00c1ngel Soriano<\/h5>\n<p>&nbsp;<\/p>\n<p>Otra vez, ahora contra su partido, el PAN, el gobernador de Chihuahua, Javier Corral arremete contra lo considera un fraude, una simulaci\u00f3n pol\u00edtica, como lo es la selecci\u00f3n de los candidatos a puestos de elecci\u00f3n popular, impuestos desde la c\u00fapula, al margen de las directivas estatales y, por supuesto, de la base militante.<\/p>\n<p>Esto demuestra que el acceso al Poder Legislativo, lo mismo que al Ejecutivo y el Judicial, tiene un alto costo econ\u00f3mico.<\/p>\n<p>Despu\u00e9s de una amplia campa\u00f1a por el pa\u00eds en busca de la candidatura presidencial, los competidores que quedaron al margen son compensados con un espacio en el Senado de la Rep\u00fablica. \u00bfPuede, cualquier militante, asumir ese costo?.<\/p>\n<p>Otros, como en el caso del PRI-Oaxaca, un ex funcionario federal renunci\u00f3 a su cargo molesto por no haber sido designado candidato al Senado.<\/p>\n<p>Afirma que tiene m\u00e9ritos suficientes para ello y si el tricolor no reflexiona y le reconoce su trayectoria, buscar\u00eda otra opci\u00f3n pol\u00edtica. Es decir, el funcionario de marras no trabaja en beneficio de la colectividad ni de su partido, sino busca su inter\u00e9s personal.<\/p>\n<p>Deja el cargo p\u00fablico desde donde aseguraba ayuda a los m\u00e1s pobres y abandona el PRI por no llevarlo al Senado; carece entonces de vocaci\u00f3n de servicio porque utiliza el cargo para ocupar otros y s\u00f3lo era militante del PRI iba en ascenso; cuando se le indic\u00f3 que hay otros mejores que \u00e9l, monta en c\u00f3lera, arremete contra el gobernador a quien acusa de no respetar un pacto de llevarlo al Senado y ahora va en busca de otros partidos.<\/p>\n<p>\u00bfHay disciplina partidista o vocaci\u00f3n de servicio?. Desde luego que no, s\u00f3lo ambici\u00f3n personal. Finalmente, si se concreta su salida del PRI, se quedar\u00e1 s\u00f3lo: el poder es del sistema, no patrimonio personal.<\/p>\n<p style=\"text-align: center;\"><b>TURBULENCIAS<br \/>\n<\/b><b>Helicopterazo,\u00a0<\/b><b>desconocen el pa\u00eds<\/b><\/p>\n<p>Total desconocimiento del pa\u00eds demostr\u00f3 el piloto del helic\u00f3ptero de la FAM que se desplom\u00f3 sobre personas y veh\u00edculos en Jamiltepec las condiciones adversas y sin la pista adecuada,\u00a0 lo cual ni un novato se atrever\u00eda a hacerlo. Esto requiere una revisi\u00f3n de los protocolos de seguridad nacional, pues el pa\u00eds no puede estar en manos de irresponsables que causaron la muerte a civiles que se salvaron de los embates de la naturaleza, pero no de la torpeza de quienes cuentan con todos los recursos para \u201cgarantizar\u201d la tranquilidad nacional\u2026<\/p>\n<p>El alcalde de Ensenada, BC, Marco Novelo, inform\u00f3 que en el IX Foro Urbano Mundial celebrado en Kuala Lumpur, Malasia, present\u00f3 su programa de Mejoramiento Urbano de la Zona Centro y frente al mar, siendo el primer municipio de M\u00e9xico y del Mundo encontrar con este instrumento a nivel internacional, que le da prioridad al tema de derechos humanos\u2026Edgar Rogelio L\u00f3pez Campos, Director General de Editorial Norma, inform\u00f3 que a lo largo de 11 a\u00f1os los participantes del Concurso Norma de Literatura Infantil y Juvenil, han visto crecer la cruzada por sumar cada vez m\u00e1s ni\u00f1os lectores como ejemplo de los 29 alumnos con sus maestros, 26 directores y 22 colegios de 9 estados de la Rep\u00fablica que se distinguieron durante la presentaci\u00f3n anual del sello efectuado en Didzania, Cuicuilco, en la CDMX\u2026Como estaba previsto, Juan D\u00edaz Pimentel dej\u00f3 de ser secretario de Salud de Oaxaca luego de picar el avispero de la corrupci\u00f3n, buen pretexto para deshacerse de \u00e9l\u2026<\/p>\n<p><em><a href=\"http:\/\/www.revista-brecha.com\/\" target=\"_blank\" rel=\"noopener\">www.revista-brecha.com<br \/>\n<\/a><a href=\"mailto:asorianodesdelportalo@hotmail.com\" target=\"_blank\" rel=\"noopener\">asorianodesdelportalo@hotmail.com<\/a><\/em><\/p>\n","protected":false},"excerpt":{"rendered":"<p><span style=\"color: #005497;\"><strong>\u00c1ngel Soriano<\/strong><\/span><\/p>\n","protected":false},"author":1,"featured_media":0,"comment_status":"open","ping_status":"open","sticky":false,"template":"","format":"standard","meta":{"_monsterinsights_skip_tracking":false,"_monsterinsights_sitenote_active":false,"_monsterinsights_sitenote_note":"","_monsterinsights_sitenote_category":0,"footnotes":""},"categories":[135],"tags":[85,86,43674],"class_list":["post-364858","post","type-post","status-publish","format-standard","hentry","category-angel-soriano-opinion","tag-angel-soriano","tag-desde-el-portal","tag-opinion"],"_links":{"self":[{"href":"https:\/\/www.diarioimagen.net\/index.php?rest_route=\/wp\/v2\/posts\/364858","targetHints":{"allow":["GET"]}}],"collection":[{"href":"https:\/\/www.diarioimagen.net\/index.php?rest_route=\/wp\/v2\/posts"}],"about":[{"href":"https:\/\/www.diarioimagen.net\/index.php?rest_route=\/wp\/v2\/types\/post"}],"author":[{"embeddable":true,"href":"https:\/\/www.diarioimagen.net\/index.php?rest_route=\/wp\/v2\/users\/1"}],"replies":[{"embeddable":true,"href":"https:\/\/www.diarioimagen.net\/index.php?rest_route=%2Fwp%2Fv2%2Fcomments&post=364858"}],"version-history":[{"count":0,"href":"https:\/\/www.diarioimagen.net\/index.php?rest_route=\/wp\/v2\/posts\/364858\/revisions"}],"wp:attachment":[{"href":"https:\/\/www.diarioimagen.net\/index.php?rest_route=%2Fwp%2Fv2%2Fmedia&parent=364858"}],"wp:term":[{"taxonomy":"category","embeddable":true,"href":"https:\/\/www.diarioimagen.net\/index.php?rest_route=%2Fwp%2Fv2%2Fcategories&post=364858"},{"taxonomy":"post_tag","embeddable":true,"href":"https:\/\/www.diarioimagen.net\/index.php?rest_route=%2Fwp%2Fv2%2Ftags&post=364858"}],"curies":[{"name":"wp","href":"https:\/\/api.w.org\/{rel}","templated":true}]}}