{"id":364893,"date":"2018-02-20T00:07:22","date_gmt":"2018-02-20T06:07:22","guid":{"rendered":"http:\/\/www.diarioimagen.net\/?p=364893"},"modified":"2018-02-20T23:47:41","modified_gmt":"2018-02-21T05:47:41","slug":"aplicara-isem-mas-de-1-4-millones-de-vacunas","status":"publish","type":"post","link":"https:\/\/www.diarioimagen.net\/?p=364893","title":{"rendered":"Aplicar\u00e1 el ISEM m\u00e1s de 1.4 millones de vacunas"},"content":{"rendered":"<ul>\n<li><em><strong>En Primera Semana Nacional de Salud<\/strong><\/em><\/li>\n<li><em><strong>Realizar\u00e1n m\u00e1s de 4.5 millones de acciones del 17 al 23 de febrero<\/strong><\/em><\/li>\n<\/ul>\n<p>&nbsp;<\/p>\n<p>&nbsp;<\/p>\n<div id=\"attachment_364894\" style=\"width: 470px\" class=\"wp-caption aligncenter\"><img loading=\"lazy\" decoding=\"async\" aria-describedby=\"caption-attachment-364894\" class=\"wp-image-364894 size-large\" src=\"http:\/\/www.diarioimagen.net\/wp-content\/uploads\/2018\/02\/ISEM20-portal-460x268.jpg\" alt=\"\" width=\"460\" height=\"268\" srcset=\"https:\/\/www.diarioimagen.net\/wp-content\/uploads\/2018\/02\/ISEM20-portal-460x268.jpg 460w, https:\/\/www.diarioimagen.net\/wp-content\/uploads\/2018\/02\/ISEM20-portal-240x140.jpg 240w, https:\/\/www.diarioimagen.net\/wp-content\/uploads\/2018\/02\/ISEM20-portal.jpg 480w\" sizes=\"auto, (max-width: 460px) 100vw, 460px\" \/><p id=\"caption-attachment-364894\" class=\"wp-caption-text\">Gabriel O\u201dShea Cuevas, secretario de Salud, anunci\u00f3 que del 17 al 23 de febrero se aplicar\u00e1n m\u00e1s de un mill\u00f3n 400 mil vacunas en la Primera Semana Nacional de Salud.<\/p><\/div>\n<p>&nbsp;<\/p>\n<p><strong>Zumpango, Estado de M\u00e9xico<\/strong>.- Al encabezar la inauguraci\u00f3n de la Primera Semana Nacional de Salud 2018, Gabriel O\u201dShea Cuevas, secretario del ramo en la entidad, anunci\u00f3 que del 17 al 23 de febrero, se aplicar\u00e1n m\u00e1s de un mill\u00f3n 400 mil vacunas, con el objetivo de complementar los cuadros b\u00e1sicos de vacunaci\u00f3n en ni\u00f1os menores de seis a\u00f1os.<\/p>\n<p>De manera general y con una inversi\u00f3n de 59.5 millones de pesos, realizar\u00e1n m\u00e1s de 4.5 millones de acciones como la distribuci\u00f3n de \u00e1cido f\u00f3lico, vitamina A, hierro y m\u00e1s de 827 mil sobres de Vida Suero Oral a madres y menores de cinco a\u00f1os.<\/p>\n<p>El tambi\u00e9n director general del Instituto de Salud Estado de M\u00e9xico (ISEM) destac\u00f3 que uno de los ejes prioritarios del gobernador Alfredo Del Mazo Maza, es contar con familias fuertes en salud, rubro que se refuerza con la permanente mejora en los servicios, a fin de atender con calidad y sentido humano a los mexiquenses.<\/p>\n<p>Los biol\u00f3gicos de esta Primera Semana Nacional de Salud se aplicar\u00e1n por cerca de 40 mil voluntarios y personal de salud en m\u00e1s de 18 mil espacios, entre unidades m\u00e9dicas, puestos de vacunaci\u00f3n y brigadas.<\/p>\n<p>Es importante destacar que gracias al reforzamiento permanente de vacunaci\u00f3n, el Estado de M\u00e9xico lleva 29 a\u00f1os sin presentar casos de poliomielitis, 17 a\u00f1os sin t\u00e9tanos ni t\u00e9tanos neonatal, 11 sin registro de sarampi\u00f3n y tres sin infecciones invasivas por Haemofilus Influenza tipo B.<\/p>\n<p>En el Preescolar \u201cRam\u00f3n Rangel Carrizales\u201d de este municipio, Gabriel O\u201dShea Cuevas aplic\u00f3 dosis de la vacuna Sab\u00edn contra la Poliomielitis, y estuvo acompa\u00f1ado por Alberto Peredo Jim\u00e9nez, titular del ISSEMyM, el delegado del IMSS Poniente, Enrique G\u00f3mez Bravo Topete, Manuel Gonz\u00e1lez Renter\u00eda, delegado del ISSSTE, as\u00ed como directores de los diversos departamentos de ISEM y del alcalde Enrique Mazutti Delgado.<\/p>\n","protected":false},"excerpt":{"rendered":"<p>Al encabezar la inauguraci\u00f3n de la Primera Semana Nacional de Salud 2018, Gabriel O\u201dShea Cuevas, secretario del ramo en la entidad, anunci\u00f3 que del 17 al 23 de febrero, se aplicar\u00e1n m\u00e1s de un mill\u00f3n 400 mil vacunas, con el objetivo de complementar los cuadros b\u00e1sicos de vacunaci\u00f3n en ni\u00f1os menores de seis a\u00f1os.<\/p>\n","protected":false},"author":5,"featured_media":364894,"comment_status":"open","ping_status":"open","sticky":false,"template":"","format":"standard","meta":{"_monsterinsights_skip_tracking":false,"_monsterinsights_sitenote_active":false,"_monsterinsights_sitenote_note":"","_monsterinsights_sitenote_category":0,"footnotes":""},"categories":[5],"tags":[70928,2505,43675,14168,70929,446],"class_list":["post-364893","post","type-post","status-publish","format-standard","has-post-thumbnail","hentry","category-estado-de-mexico","tag-1-4-millones-de-vacunas","tag-alfredo-del-mazo-maza","tag-estado-de-mexico","tag-gabriel-oshea-cuevas","tag-primera-semana-nacional-de-salud","tag-zumpango"],"_links":{"self":[{"href":"https:\/\/www.diarioimagen.net\/index.php?rest_route=\/wp\/v2\/posts\/364893","targetHints":{"allow":["GET"]}}],"collection":[{"href":"https:\/\/www.diarioimagen.net\/index.php?rest_route=\/wp\/v2\/posts"}],"about":[{"href":"https:\/\/www.diarioimagen.net\/index.php?rest_route=\/wp\/v2\/types\/post"}],"author":[{"embeddable":true,"href":"https:\/\/www.diarioimagen.net\/index.php?rest_route=\/wp\/v2\/users\/5"}],"replies":[{"embeddable":true,"href":"https:\/\/www.diarioimagen.net\/index.php?rest_route=%2Fwp%2Fv2%2Fcomments&post=364893"}],"version-history":[{"count":0,"href":"https:\/\/www.diarioimagen.net\/index.php?rest_route=\/wp\/v2\/posts\/364893\/revisions"}],"wp:featuredmedia":[{"embeddable":true,"href":"https:\/\/www.diarioimagen.net\/index.php?rest_route=\/wp\/v2\/media\/364894"}],"wp:attachment":[{"href":"https:\/\/www.diarioimagen.net\/index.php?rest_route=%2Fwp%2Fv2%2Fmedia&parent=364893"}],"wp:term":[{"taxonomy":"category","embeddable":true,"href":"https:\/\/www.diarioimagen.net\/index.php?rest_route=%2Fwp%2Fv2%2Fcategories&post=364893"},{"taxonomy":"post_tag","embeddable":true,"href":"https:\/\/www.diarioimagen.net\/index.php?rest_route=%2Fwp%2Fv2%2Ftags&post=364893"}],"curies":[{"name":"wp","href":"https:\/\/api.w.org\/{rel}","templated":true}]}}