{"id":364931,"date":"2018-02-20T00:11:36","date_gmt":"2018-02-20T06:11:36","guid":{"rendered":"http:\/\/www.diarioimagen.net\/?p=364931"},"modified":"2018-02-20T02:46:11","modified_gmt":"2018-02-20T08:46:11","slug":"utiliza-difem-la-lectura-para-prevenir-vacios-emocionales","status":"publish","type":"post","link":"https:\/\/www.diarioimagen.net\/?p=364931","title":{"rendered":"Utiliza DIFEM la lectura para prevenir vac\u00edos emocionales"},"content":{"rendered":"<ul>\n<li><strong><em>En ni\u00f1as, ni\u00f1os y j\u00f3venes<\/em><\/strong><\/li>\n<\/ul>\n<p>&nbsp;<\/p>\n<div id=\"attachment_365044\" style=\"width: 470px\" class=\"wp-caption aligncenter\"><a href=\"http:\/\/www.diarioimagen.net\/?attachment_id=365044\" rel=\"attachment wp-att-365044\"><img loading=\"lazy\" decoding=\"async\" aria-describedby=\"caption-attachment-365044\" class=\"size-large wp-image-365044\" src=\"http:\/\/www.diarioimagen.net\/wp-content\/uploads\/2018\/02\/difem-3310-460x259.jpg\" alt=\"\" width=\"460\" height=\"259\" srcset=\"https:\/\/www.diarioimagen.net\/wp-content\/uploads\/2018\/02\/difem-3310-460x259.jpg 460w, https:\/\/www.diarioimagen.net\/wp-content\/uploads\/2018\/02\/difem-3310-240x135.jpg 240w, https:\/\/www.diarioimagen.net\/wp-content\/uploads\/2018\/02\/difem-3310-235x132.jpg 235w, https:\/\/www.diarioimagen.net\/wp-content\/uploads\/2018\/02\/difem-3310-202x114.jpg 202w, https:\/\/www.diarioimagen.net\/wp-content\/uploads\/2018\/02\/difem-3310-350x196.jpg 350w, https:\/\/www.diarioimagen.net\/wp-content\/uploads\/2018\/02\/difem-3310-220x123.jpg 220w, https:\/\/www.diarioimagen.net\/wp-content\/uploads\/2018\/02\/difem-3310-237x132.jpg 237w, https:\/\/www.diarioimagen.net\/wp-content\/uploads\/2018\/02\/difem-3310.jpg 480w\" sizes=\"auto, (max-width: 460px) 100vw, 460px\" \/><\/a><p id=\"caption-attachment-365044\" class=\"wp-caption-text\">La escritora Edm\u00e9e Pardo ofrece taller de lectura con el cuento El agujero jard\u00edn.<\/p><\/div>\n<p>&nbsp;<\/p>\n<p><strong>Toluca, Estado de M\u00e9xico<\/strong>.- \u201cNo sabes cu\u00e1ndo ni d\u00f3nde empezaron los agujeros, pero un d\u00eda te das cuenta de que los tienes y que, adem\u00e1s, tienes ganas de taparlos\u201d, bajo esta reflexi\u00f3n del libro <em>El agujero del jard\u00edn<\/em>, su autora, Edm\u00e9e Pardo, invit\u00f3 a ni\u00f1as y ni\u00f1os de los Centros de Asistencia Social a no buscar el mundo de los adicciones y el alcoholismo como una soluci\u00f3n para salir de sus problemas.<\/p>\n<p>La escritora, acompa\u00f1ada de Rina Gitler, directora fundadora de Alma, Instituci\u00f3n Privada, motiv\u00f3 a las ni\u00f1as, ni\u00f1os y j\u00f3venes presentes a sanar sus emociones de una forma que no da\u00f1e su integridad poni\u00e9ndoles como ejemplo el personaje de este cuento, cuya narraci\u00f3n relata la historia de un adolescente que al sentir\u00a0 un vac\u00edo emocional se refugia en el cigarro, el alcohol y las drogas.<\/p>\n<p>Ante la presencia de Cristel Yunu\u00e9n Pozas Serrano, procuradora de Protecci\u00f3n de Ni\u00f1as, Ni\u00f1os y Adolescentes del DIFEM, Mar\u00eda de Lourdes Nava N\u00e1jera, directora de Prevenci\u00f3n y Bienestar Familiar del DIF mexiquense, expres\u00f3 el inter\u00e9s de Fernanda Castillo de Del Mazo, presidenta Honoraria del DIFEM, para fortalecer en los menores de 18 a\u00f1os valores y actividades positivas que contribuyan a su formaci\u00f3n emocional e intelectual.<\/p>\n<p>Agreg\u00f3 que a dicha actividad tambi\u00e9n se sumaron especialistas y psic\u00f3logos del organismo para asesorar a\u00a0 todas las ni\u00f1as, ni\u00f1os y j\u00f3venes mexiquenses que solicitan apoyo para tratar sus problemas emocionales, tapar estos hoyos y transformar su vac\u00edo en un jard\u00edn interior que les permita\u00a0 sembrar gratitud, tolerancia, sue\u00f1os y sensaciones de calma, tener amistades positivas, y realizar actividades que nos motivan a vivir la vida.<\/p>\n<p>En este sentido, la autora se\u00f1al\u00f3 que los hoyos son un duelo que se experimenta cuando muere alguien que amamos, cuando se tiene miedo, cuando alguien es lastimado con palabras o golpes, abandonado y cuando se presencia el divorcio de los padres, entre otras situaciones.<\/p>\n<p>\u201cA veces no sabemos cu\u00e1ndo ni d\u00f3nde empezaron los agujeros, pero un d\u00eda te das cuenta que los tienes y adem\u00e1s tienes ganas de taparlos, por eso fumas o bebes, o te drogas, o dejas de comer, o comes much\u00edsimo.<\/p>\n<p>\u201cCon cada cosa que haces en lugar de taparlos lo que haces es que lo agrandas y entonces necesitas que la tapadera sea m\u00e1s grande, y bebes m\u00e1s, y fumas m\u00e1s o te drogas, y nunca se acaba\u201d.<\/p>\n<p>Autora de 23 libros publicados, Edm\u00e9e Pardo es escritora, coordinadora de talleres de lectura comentada, de escritura y creatividad, promotora de la lectura como herramienta de sanaci\u00f3n, creadora de Leer para sanar, conferencista y voluntaria social.<\/p>\n","protected":false},"excerpt":{"rendered":"<p>\u201cNo sabes cu\u00e1ndo ni d\u00f3nde empezaron los agujeros, pero un d\u00eda te das cuenta de que los tienes y que, adem\u00e1s, tienes ganas de taparlos\u201d, bajo esta reflexi\u00f3n del libro <em>El agujero del jard\u00edn<\/em>, su autora, Edm\u00e9e Pardo, invit\u00f3 a ni\u00f1as y ni\u00f1os de los Centros de Asistencia Social a no buscar el mundo de los adicciones y el alcoholismo como una soluci\u00f3n para salir de sus problemas.<\/p>\n","protected":false},"author":3,"featured_media":365044,"comment_status":"open","ping_status":"open","sticky":false,"template":"","format":"standard","meta":{"_monsterinsights_skip_tracking":false,"_monsterinsights_sitenote_active":false,"_monsterinsights_sitenote_note":"","_monsterinsights_sitenote_category":0,"footnotes":""},"categories":[5],"tags":[394,43675,7545,452],"class_list":["post-364931","post","type-post","status-publish","format-standard","has-post-thumbnail","hentry","category-estado-de-mexico","tag-difem","tag-estado-de-mexico","tag-libro","tag-toluca"],"_links":{"self":[{"href":"https:\/\/www.diarioimagen.net\/index.php?rest_route=\/wp\/v2\/posts\/364931","targetHints":{"allow":["GET"]}}],"collection":[{"href":"https:\/\/www.diarioimagen.net\/index.php?rest_route=\/wp\/v2\/posts"}],"about":[{"href":"https:\/\/www.diarioimagen.net\/index.php?rest_route=\/wp\/v2\/types\/post"}],"author":[{"embeddable":true,"href":"https:\/\/www.diarioimagen.net\/index.php?rest_route=\/wp\/v2\/users\/3"}],"replies":[{"embeddable":true,"href":"https:\/\/www.diarioimagen.net\/index.php?rest_route=%2Fwp%2Fv2%2Fcomments&post=364931"}],"version-history":[{"count":0,"href":"https:\/\/www.diarioimagen.net\/index.php?rest_route=\/wp\/v2\/posts\/364931\/revisions"}],"wp:featuredmedia":[{"embeddable":true,"href":"https:\/\/www.diarioimagen.net\/index.php?rest_route=\/wp\/v2\/media\/365044"}],"wp:attachment":[{"href":"https:\/\/www.diarioimagen.net\/index.php?rest_route=%2Fwp%2Fv2%2Fmedia&parent=364931"}],"wp:term":[{"taxonomy":"category","embeddable":true,"href":"https:\/\/www.diarioimagen.net\/index.php?rest_route=%2Fwp%2Fv2%2Fcategories&post=364931"},{"taxonomy":"post_tag","embeddable":true,"href":"https:\/\/www.diarioimagen.net\/index.php?rest_route=%2Fwp%2Fv2%2Ftags&post=364931"}],"curies":[{"name":"wp","href":"https:\/\/api.w.org\/{rel}","templated":true}]}}