{"id":364936,"date":"2018-02-20T00:10:53","date_gmt":"2018-02-20T06:10:53","guid":{"rendered":"http:\/\/www.diarioimagen.net\/?p=364936"},"modified":"2018-02-20T02:47:50","modified_gmt":"2018-02-20T08:47:50","slug":"reconocen-solidaridad-del-ejercito-mexicano","status":"publish","type":"post","link":"https:\/\/www.diarioimagen.net\/?p=364936","title":{"rendered":"Reconocen solidaridad del Ej\u00e9rcito mexicano"},"content":{"rendered":"<h2>Arco Norte<\/h2>\n<h5>Jos\u00e9 Luis Monta\u00f1ez Aguilar<\/h5>\n<p>&nbsp;<\/p>\n<p><a href=\"http:\/\/www.diarioimagen.net\/?attachment_id=365046\" rel=\"attachment wp-att-365046\"><img loading=\"lazy\" decoding=\"async\" class=\"aligncenter size-large wp-image-365046\" src=\"http:\/\/www.diarioimagen.net\/wp-content\/uploads\/2018\/02\/arco-3310-460x259.jpg\" alt=\"\" width=\"460\" height=\"259\" srcset=\"https:\/\/www.diarioimagen.net\/wp-content\/uploads\/2018\/02\/arco-3310-460x259.jpg 460w, https:\/\/www.diarioimagen.net\/wp-content\/uploads\/2018\/02\/arco-3310-240x135.jpg 240w, https:\/\/www.diarioimagen.net\/wp-content\/uploads\/2018\/02\/arco-3310-235x132.jpg 235w, https:\/\/www.diarioimagen.net\/wp-content\/uploads\/2018\/02\/arco-3310-202x114.jpg 202w, https:\/\/www.diarioimagen.net\/wp-content\/uploads\/2018\/02\/arco-3310-350x196.jpg 350w, https:\/\/www.diarioimagen.net\/wp-content\/uploads\/2018\/02\/arco-3310-220x123.jpg 220w, https:\/\/www.diarioimagen.net\/wp-content\/uploads\/2018\/02\/arco-3310-237x132.jpg 237w, https:\/\/www.diarioimagen.net\/wp-content\/uploads\/2018\/02\/arco-3310.jpg 480w\" sizes=\"auto, (max-width: 460px) 100vw, 460px\" \/><\/a><\/p>\n<p>&nbsp;<\/p>\n<p>El secretario general de Gobierno, Alejandro Ozuna Rivero, reconoci\u00f3 la destacada labor que el Ej\u00e9rcito realiza en tareas que tienen como fin superior garantizar la paz social, la seguridad, la armon\u00eda y la concordia ciudadana.<\/p>\n<p>Con la representaci\u00f3n del gobernador del Estado de M\u00e9xico, Alfredo Del Mazo Maza, Ozuna Rivero asisti\u00f3 a la celebraci\u00f3n del 105 Aniversario de la creaci\u00f3n del Ej\u00e9rcito Mexicano, en las instalaciones de la 22\u00aa Zona Militar.<\/p>\n<p>Ah\u00ed sostuvo que el Ej\u00e9rcito es una de las instituciones mejor calificadas por la ciudadan\u00eda en t\u00e9rminos de confianza, por lo que reiter\u00f3 el agradecimiento de la sociedad mexiquense a las fuerzas armadas, quienes expresaron su solidaridad ante los sismos del 7 y 19 de septiembre de 2017.<\/p>\n<p>Ante el fen\u00f3meno natural que afect\u00f3 a cientos de familias mexiquenses, la respuesta del Ej\u00e9rcito, dijo, fue inmediata y eficiente; su presencia en las zonas siniestradas llev\u00f3, adem\u00e1s, apoyo t\u00e9cnico, techo, comida y atenci\u00f3n m\u00e9dica.<\/p>\n<p>\u201cEn el Estado de M\u00e9xico el apoyo del Ej\u00e9rcito Mexicano es fundamental y merece todo el reconocimiento.<\/p>\n<p>Los mexiquenses confiamos en nuestro Ej\u00e9rcito; los valores que les rigen, su congruencia y disciplina les permiten sortear la crisis de credibilidad que otras instituciones hoy lamentablemente padecen\u201d, expuso luego de que se otorgaran diversos reconocimientos al personal militar por el trabajo y profesionalismo desempe\u00f1ado durante 2017.<\/p>\n<p>Por su parte, el comandante de la 22\u00aa Zona Militar, general de Brigada Diplomado de Estado Mayor, Enrique Dena Salgado, manifest\u00f3 que el Ej\u00e9rcito forma parte\u00a0 importante de la historia del pa\u00eds, ya que ha evolucionado con la naci\u00f3n y ha enfrentado con entrega y decisi\u00f3n los desaf\u00edos que las circunstancias han impuesto.<\/p>\n<p>En este acto estuvieron presentes el Rector de la Universidad Aut\u00f3noma del Estado de M\u00e9xico, Alfredo Barrera Baca, el Magistrado Sergio Javier Medina Pe\u00f1aloza, Presidente del Tribunal Superior de Justicia y del Consejo de la Judicatura mexiquense, el Comisionado de Derechos Humanos , Jorge Olvera Garc\u00eda, y el Fiscal General de Justicia, Alejandro G\u00f3mez S\u00e1nchez, entre otras autoridades federales, estatales y municipales, as\u00ed como generales, jefes y oficiales de tropa de la 22\u00aa Zona Militar.<\/p>\n<p><em><a href=\"mailto:montanezaguilar@gmail.com\" target=\"_blank\" rel=\"noopener noreferrer\">montanezaguilar@gmail.com<\/a><\/em><\/p>\n","protected":false},"excerpt":{"rendered":"<p><span style=\"color: #005497;\">Jos\u00e9 Luis Monta\u00f1ez Aguilar<\/span><br \/>\n<br \/>\nEl secretario general de Gobierno, Alejandro Ozuna Rivero, reconoci\u00f3 la destacada labor que el Ej\u00e9rcito realiza en tareas que tienen como fin superior garantizar la paz social, la seguridad, la armon\u00eda y la concordia ciudadana.<\/p>\n","protected":false},"author":3,"featured_media":365046,"comment_status":"open","ping_status":"open","sticky":false,"template":"","format":"standard","meta":{"_monsterinsights_skip_tracking":false,"_monsterinsights_sitenote_active":false,"_monsterinsights_sitenote_note":"","_monsterinsights_sitenote_category":0,"footnotes":""},"categories":[5],"tags":[13284,43704,43674],"class_list":["post-364936","post","type-post","status-publish","format-standard","has-post-thumbnail","hentry","category-estado-de-mexico","tag-arco-norte","tag-jose-luis-montanez-aguilar","tag-opinion"],"_links":{"self":[{"href":"https:\/\/www.diarioimagen.net\/index.php?rest_route=\/wp\/v2\/posts\/364936","targetHints":{"allow":["GET"]}}],"collection":[{"href":"https:\/\/www.diarioimagen.net\/index.php?rest_route=\/wp\/v2\/posts"}],"about":[{"href":"https:\/\/www.diarioimagen.net\/index.php?rest_route=\/wp\/v2\/types\/post"}],"author":[{"embeddable":true,"href":"https:\/\/www.diarioimagen.net\/index.php?rest_route=\/wp\/v2\/users\/3"}],"replies":[{"embeddable":true,"href":"https:\/\/www.diarioimagen.net\/index.php?rest_route=%2Fwp%2Fv2%2Fcomments&post=364936"}],"version-history":[{"count":0,"href":"https:\/\/www.diarioimagen.net\/index.php?rest_route=\/wp\/v2\/posts\/364936\/revisions"}],"wp:featuredmedia":[{"embeddable":true,"href":"https:\/\/www.diarioimagen.net\/index.php?rest_route=\/wp\/v2\/media\/365046"}],"wp:attachment":[{"href":"https:\/\/www.diarioimagen.net\/index.php?rest_route=%2Fwp%2Fv2%2Fmedia&parent=364936"}],"wp:term":[{"taxonomy":"category","embeddable":true,"href":"https:\/\/www.diarioimagen.net\/index.php?rest_route=%2Fwp%2Fv2%2Fcategories&post=364936"},{"taxonomy":"post_tag","embeddable":true,"href":"https:\/\/www.diarioimagen.net\/index.php?rest_route=%2Fwp%2Fv2%2Ftags&post=364936"}],"curies":[{"name":"wp","href":"https:\/\/api.w.org\/{rel}","templated":true}]}}