{"id":364938,"date":"2018-02-20T00:11:35","date_gmt":"2018-02-20T06:11:35","guid":{"rendered":"http:\/\/www.diarioimagen.net\/?p=364938"},"modified":"2018-02-20T03:11:16","modified_gmt":"2018-02-20T09:11:16","slug":"papeleo-retrasa-hasta-60-de-indemnizaciones-por-19-s","status":"publish","type":"post","link":"https:\/\/www.diarioimagen.net\/?p=364938","title":{"rendered":"Papeleo retrasa hasta 60% de indemnizaciones por <em>19-S<\/em>"},"content":{"rendered":"<ul>\n<li><strong><em>Suman 25 mil 163 millones de pesos<\/em><\/strong><\/li>\n<\/ul>\n<p>&nbsp;<\/p>\n<div id=\"attachment_365063\" style=\"width: 470px\" class=\"wp-caption aligncenter\"><a href=\"http:\/\/www.diarioimagen.net\/?attachment_id=365063\" rel=\"attachment wp-att-365063\"><img loading=\"lazy\" decoding=\"async\" aria-describedby=\"caption-attachment-365063\" class=\"size-large wp-image-365063\" src=\"http:\/\/www.diarioimagen.net\/wp-content\/uploads\/2018\/02\/INDEMNIZACION-3310-460x259.jpg\" alt=\"\" width=\"460\" height=\"259\" srcset=\"https:\/\/www.diarioimagen.net\/wp-content\/uploads\/2018\/02\/INDEMNIZACION-3310-460x259.jpg 460w, https:\/\/www.diarioimagen.net\/wp-content\/uploads\/2018\/02\/INDEMNIZACION-3310-240x135.jpg 240w, https:\/\/www.diarioimagen.net\/wp-content\/uploads\/2018\/02\/INDEMNIZACION-3310-235x132.jpg 235w, https:\/\/www.diarioimagen.net\/wp-content\/uploads\/2018\/02\/INDEMNIZACION-3310-202x114.jpg 202w, https:\/\/www.diarioimagen.net\/wp-content\/uploads\/2018\/02\/INDEMNIZACION-3310-350x196.jpg 350w, https:\/\/www.diarioimagen.net\/wp-content\/uploads\/2018\/02\/INDEMNIZACION-3310-220x123.jpg 220w, https:\/\/www.diarioimagen.net\/wp-content\/uploads\/2018\/02\/INDEMNIZACION-3310-237x132.jpg 237w, https:\/\/www.diarioimagen.net\/wp-content\/uploads\/2018\/02\/INDEMNIZACION-3310.jpg 480w\" sizes=\"auto, (max-width: 460px) 100vw, 460px\" \/><\/a><p id=\"caption-attachment-365063\" class=\"wp-caption-text\">Las aseguradoras no han pagado cerca del 60 por ciento de indemnizaciones por la falta de dictamen, entre otros problemas legales.<\/p><\/div>\n<p>&nbsp;<\/p>\n<p>Las aseguradoras a\u00fan tienen pendiente el pago de alrededor del 60 por ciento de las indemnizaciones por da\u00f1os a los inmuebles que provocaron los sismos del 7 y 19 de septiembre de 2017, ante la falta de dict\u00e1menes de valoraci\u00f3n de da\u00f1os, y otros problemas legales.<\/p>\n<p>Recaredo Arias, director general de la Asociaci\u00f3n Mexicana de Instituciones de Seguros (AMIS) inform\u00f3 que los sismos del 7 y 19 de septiembre suman 42 mil 843 indemnizaciones por da\u00f1os en vivienda, comercio e infraestructura p\u00fablica con un valor de estimado de 25 mil 163 millones de pesos.<\/p>\n<p>Detall\u00f3 que todav\u00eda se tiene pendiente de pago del 59 a 60 por ciento del total debido a falta de dictamen de valoraci\u00f3n de da\u00f1os (35 por ciento); falta de constituci\u00f3n de asamblea de cond\u00f3minos (35 por ciento); documentaci\u00f3n legal (10 por ciento); entre otros.<\/p>\n<p>\u201cHa estado coment\u00e1ndose de una supuesta lentitud por parte de las aseguradoras y en efecto hay pagos que no han fluido con toda la velocidad que nosotros quisi\u00e9ramos\u201d, expres\u00f3.<\/p>\n<p>Del sismo del 19 de septiembre reportan 33 mil 961 indemnizaciones, 15 mil 790 millones de pesos; y del 7 de septiembre, 8 mil 892 indemnizaciones con un valor estimado de 9 mil 373 millones de pesos.<\/p>\n","protected":false},"excerpt":{"rendered":"<p>Las aseguradoras a\u00fan tienen pendiente el pago de alrededor del 60 por ciento de las indemnizaciones por da\u00f1os a los inmuebles que provocaron los sismos del 7 y 19 de septiembre de 2017, ante la falta de dict\u00e1menes de valoraci\u00f3n de da\u00f1os, y otros problemas legales.<\/p>\n","protected":false},"author":3,"featured_media":365063,"comment_status":"open","ping_status":"open","sticky":false,"template":"","format":"standard","meta":{"_monsterinsights_skip_tracking":false,"_monsterinsights_sitenote_active":false,"_monsterinsights_sitenote_note":"","_monsterinsights_sitenote_category":0,"footnotes":""},"categories":[3],"tags":[204,18874,25048],"class_list":["post-364938","post","type-post","status-publish","format-standard","has-post-thumbnail","hentry","category-nacional","tag-ciudad-de-mexico","tag-pago","tag-reconstruccion"],"_links":{"self":[{"href":"https:\/\/www.diarioimagen.net\/index.php?rest_route=\/wp\/v2\/posts\/364938","targetHints":{"allow":["GET"]}}],"collection":[{"href":"https:\/\/www.diarioimagen.net\/index.php?rest_route=\/wp\/v2\/posts"}],"about":[{"href":"https:\/\/www.diarioimagen.net\/index.php?rest_route=\/wp\/v2\/types\/post"}],"author":[{"embeddable":true,"href":"https:\/\/www.diarioimagen.net\/index.php?rest_route=\/wp\/v2\/users\/3"}],"replies":[{"embeddable":true,"href":"https:\/\/www.diarioimagen.net\/index.php?rest_route=%2Fwp%2Fv2%2Fcomments&post=364938"}],"version-history":[{"count":0,"href":"https:\/\/www.diarioimagen.net\/index.php?rest_route=\/wp\/v2\/posts\/364938\/revisions"}],"wp:featuredmedia":[{"embeddable":true,"href":"https:\/\/www.diarioimagen.net\/index.php?rest_route=\/wp\/v2\/media\/365063"}],"wp:attachment":[{"href":"https:\/\/www.diarioimagen.net\/index.php?rest_route=%2Fwp%2Fv2%2Fmedia&parent=364938"}],"wp:term":[{"taxonomy":"category","embeddable":true,"href":"https:\/\/www.diarioimagen.net\/index.php?rest_route=%2Fwp%2Fv2%2Fcategories&post=364938"},{"taxonomy":"post_tag","embeddable":true,"href":"https:\/\/www.diarioimagen.net\/index.php?rest_route=%2Fwp%2Fv2%2Ftags&post=364938"}],"curies":[{"name":"wp","href":"https:\/\/api.w.org\/{rel}","templated":true}]}}