{"id":364978,"date":"2018-02-20T00:09:16","date_gmt":"2018-02-20T06:09:16","guid":{"rendered":"http:\/\/www.diarioimagen.net\/?p=364978"},"modified":"2018-02-20T03:50:14","modified_gmt":"2018-02-20T09:50:14","slug":"develan-escultura-de-jose-emilio-pacheco","status":"publish","type":"post","link":"https:\/\/www.diarioimagen.net\/?p=364978","title":{"rendered":"Develan escultura de Jos\u00e9 Emilio Pacheco"},"content":{"rendered":"<ul>\n<li><strong><em>Como un homenaje a su trayectoria en Tlalnepantla<\/em><\/strong><\/li>\n<\/ul>\n<p>&nbsp;<\/p>\n<div id=\"attachment_365097\" style=\"width: 470px\" class=\"wp-caption aligncenter\"><a href=\"http:\/\/www.diarioimagen.net\/?attachment_id=365097\" rel=\"attachment wp-att-365097\"><img loading=\"lazy\" decoding=\"async\" aria-describedby=\"caption-attachment-365097\" class=\"size-large wp-image-365097\" src=\"http:\/\/www.diarioimagen.net\/wp-content\/uploads\/2018\/02\/TLALNEPANTLA-3310-460x259.jpg\" alt=\"\" width=\"460\" height=\"259\" srcset=\"https:\/\/www.diarioimagen.net\/wp-content\/uploads\/2018\/02\/TLALNEPANTLA-3310-460x259.jpg 460w, https:\/\/www.diarioimagen.net\/wp-content\/uploads\/2018\/02\/TLALNEPANTLA-3310-240x135.jpg 240w, https:\/\/www.diarioimagen.net\/wp-content\/uploads\/2018\/02\/TLALNEPANTLA-3310-235x132.jpg 235w, https:\/\/www.diarioimagen.net\/wp-content\/uploads\/2018\/02\/TLALNEPANTLA-3310-202x114.jpg 202w, https:\/\/www.diarioimagen.net\/wp-content\/uploads\/2018\/02\/TLALNEPANTLA-3310-350x196.jpg 350w, https:\/\/www.diarioimagen.net\/wp-content\/uploads\/2018\/02\/TLALNEPANTLA-3310-220x123.jpg 220w, https:\/\/www.diarioimagen.net\/wp-content\/uploads\/2018\/02\/TLALNEPANTLA-3310-237x132.jpg 237w, https:\/\/www.diarioimagen.net\/wp-content\/uploads\/2018\/02\/TLALNEPANTLA-3310.jpg 480w\" sizes=\"auto, (max-width: 460px) 100vw, 460px\" \/><\/a><p id=\"caption-attachment-365097\" class=\"wp-caption-text\">A partir de ayer la escultura engalana el lobby del Centro Municipal de la Cultura y las Artes de Tlalnepantla, que desde hace dos a\u00f1os lleva su nombre, como un homenaje a su trayectoria.<\/p><\/div>\n<p>&nbsp;<\/p>\n<p><strong>Tlalnepantla, Estado de M\u00e9xico<\/strong>.- La alcaldesa Denisse Ugalde Alegr\u00eda y la periodista Cristina Pacheco, develaron la escultura en bronce del escritor Jos\u00e9 Emilio Pacheco, la cual engalana el lobby del Centro Municipal de la Cultura y las Artes que desde hace dos a\u00f1os lleva su nombre, como un homenaje a su trayectoria y trascendencia en la literatura mexicana.<\/p>\n<p>\u201cHoy queremos reafirmar el compromiso que hicimos para que este gran centro de cultura, honrado con el nombre de Jos\u00e9 Emilio Pacheco, siga siendo un importante referente cultural en una de las zonas m\u00e1s pobladas del pa\u00eds, con una pol\u00edtica p\u00fablica que sea componente central del desarrollo humano y social\u201d, apunt\u00f3 la presidenta municipal.<\/p>\n<p>Resalt\u00f3 que ante la crisis que se vive a nivel mundial por la p\u00e9rdida de valores, es importante recuperar inteligencias honradas, reflexivas, cr\u00edticas e \u00edntegras como la de Jos\u00e9 Emilio Pacheco.<\/p>\n<p>Afirm\u00f3 que para cambiar el mundo, no habr\u00e1 mejor instrumento que el de la inteligencia y con ella los conceptos \u00e9ticos que le son inherentes, de ah\u00ed la importancia de fomentar en las nuevas generaciones el gusto por \u00a0la lectura, las artes y la cultura.<\/p>\n<p>Denisse Ugalde puntualiz\u00f3 que Jos\u00e9 Emilio Pacheco seguir\u00e1 siendo referente cultural en el sentido m\u00e1s amplio de la palabra, por lo que invit\u00f3 a los presentes y a la ciudadan\u00eda en general a leer la reciente edici\u00f3n de \u201cInventario\u201d, libro de referencia, de consulta y una gran novela intelectual.<\/p>\n<p>A su vez, Cristina Pacheco expres\u00f3 su emoci\u00f3n por volver a ver a Jos\u00e9 Emilio Pacheco, \u201choy me he vuelto a casar con \u00e9l, est\u00e1 en una estatua, pero no se queda en silencio, lo va a rodear para siempre el humor de la lluvia, del viento y las voces de los estudiantes de este centro cultural.<\/p>\n<p>\u201cPor las noches pensar\u00e9 en esta estatua y muy frecuentemente vendr\u00e9 a visitarla, a sabiendas de que no est\u00e1 fr\u00eda, ni sola ni aislada, sino llena de vida y de palabras, de esas palabras con las que \u00e9l cre\u00f3 un mundo inmenso\u201d, manifest\u00f3 la destacada periodista.<\/p>\n<p>En este evento estuvo presente la escultora Cecilia V\u00e9lez Zamudio, quien extern\u00f3 su sentir por crear la figura de uno de los escritores m\u00e1s importantes de la literatura mexicana: Jos\u00e9 Emilio Pacheco.<\/p>\n<p>Como parte de esta ceremonia a la que asistieron Venancio Ugalde, de Grupo Educativo Graven; Sara Masri Cherem de Rophie y la maestra Ang\u00e9lica Olvera Garc\u00eda, quienes participaron como donantes de la escultura, Otto Ra\u00fal Gonz\u00e1lez, responsable de la Casa del Poeta \u201cJos\u00e9 Emilio Pacheco\u201d, hizo una semblanza del escritor mexicano en la que record\u00f3 algunos de su poemas y obras literarias.<\/p>\n","protected":false},"excerpt":{"rendered":"<p>La alcaldesa Denisse Ugalde Alegr\u00eda y la periodista Cristina Pacheco, develaron la escultura en bronce del escritor Jos\u00e9 Emilio Pacheco, la cual engalana el lobby del Centro Municipal de la Cultura y las Artes que desde hace dos a\u00f1os lleva su nombre, como un homenaje a su trayectoria y trascendencia en la literatura mexicana.<\/p>\n","protected":false},"author":3,"featured_media":365097,"comment_status":"open","ping_status":"open","sticky":false,"template":"","format":"standard","meta":{"_monsterinsights_skip_tracking":false,"_monsterinsights_sitenote_active":false,"_monsterinsights_sitenote_note":"","_monsterinsights_sitenote_category":0,"footnotes":""},"categories":[35155],"tags":[70982,70981,43675,30041,169],"class_list":["post-364978","post","type-post","status-publish","format-standard","has-post-thumbnail","hentry","category-estado-de-mexico-estado-de-mexico","tag-busto","tag-develan","tag-estado-de-mexico","tag-jose-emilio-pacheco","tag-tlalnepantla"],"_links":{"self":[{"href":"https:\/\/www.diarioimagen.net\/index.php?rest_route=\/wp\/v2\/posts\/364978","targetHints":{"allow":["GET"]}}],"collection":[{"href":"https:\/\/www.diarioimagen.net\/index.php?rest_route=\/wp\/v2\/posts"}],"about":[{"href":"https:\/\/www.diarioimagen.net\/index.php?rest_route=\/wp\/v2\/types\/post"}],"author":[{"embeddable":true,"href":"https:\/\/www.diarioimagen.net\/index.php?rest_route=\/wp\/v2\/users\/3"}],"replies":[{"embeddable":true,"href":"https:\/\/www.diarioimagen.net\/index.php?rest_route=%2Fwp%2Fv2%2Fcomments&post=364978"}],"version-history":[{"count":0,"href":"https:\/\/www.diarioimagen.net\/index.php?rest_route=\/wp\/v2\/posts\/364978\/revisions"}],"wp:featuredmedia":[{"embeddable":true,"href":"https:\/\/www.diarioimagen.net\/index.php?rest_route=\/wp\/v2\/media\/365097"}],"wp:attachment":[{"href":"https:\/\/www.diarioimagen.net\/index.php?rest_route=%2Fwp%2Fv2%2Fmedia&parent=364978"}],"wp:term":[{"taxonomy":"category","embeddable":true,"href":"https:\/\/www.diarioimagen.net\/index.php?rest_route=%2Fwp%2Fv2%2Fcategories&post=364978"},{"taxonomy":"post_tag","embeddable":true,"href":"https:\/\/www.diarioimagen.net\/index.php?rest_route=%2Fwp%2Fv2%2Ftags&post=364978"}],"curies":[{"name":"wp","href":"https:\/\/api.w.org\/{rel}","templated":true}]}}