{"id":365170,"date":"2018-02-21T00:10:02","date_gmt":"2018-02-21T06:10:02","guid":{"rendered":"http:\/\/www.diarioimagen.net\/?p=365170"},"modified":"2018-02-21T02:13:21","modified_gmt":"2018-02-21T08:13:21","slug":"destacan-compromiso-de-mujeres-con-sus-familias","status":"publish","type":"post","link":"https:\/\/www.diarioimagen.net\/?p=365170","title":{"rendered":"Destacan compromiso de mujeres con sus familias"},"content":{"rendered":"<h2>Arco Norte<\/h2>\n<h5>Jos\u00e9 Luis Monta\u00f1ez Aguilar<\/h5>\n<p>&nbsp;<\/p>\n<p>Alfredo Del Mazo afirm\u00f3 que el programa Salario rosa es un reconocimiento al trabajo de las amas de casa y est\u00e1 dirigido a las mujeres, porque son ellas las m\u00e1s comprometidas, quienes mejor invierten el recurso y saben c\u00f3mo hacer que rinda para dar bienestar a su familia.<\/p>\n<p>Al entregar las tarjetas del Salario rosa a amas de casa de Atizap\u00e1n de Zaragoza, Cuautitl\u00e1n Izcalli y Nicol\u00e1s Romero, el gobernador destac\u00f3 que los recursos que reciban las beneficiarias de este programa, podr\u00e1n destinarse a gastos como alimentaci\u00f3n, medicamentos, vestimenta, mejoras al hogar, educaci\u00f3n o para cubrir cualquier otra necesidad b\u00e1sica.<\/p>\n<p>Asegur\u00f3 que las mujeres, adem\u00e1s de merecer un reconocimiento, tambi\u00e9n ameritan una remuneraci\u00f3n econ\u00f3mica por el trabajo que hacen d\u00eda con d\u00eda en sus hogares y por ello, su administraci\u00f3n llevar\u00e1 este programa a todas las regiones de la entidad.<\/p>\n<p>Del Mazo destac\u00f3 que cada mujer tiene una propia historia, pero siempre prevalece en ellas la entrega por sacar adelante a sus familias, por lo que este apoyo las ayudar\u00e1 a cumplir con esta meta.<\/p>\n<p style=\"text-align: center;\"><strong>Firma ISSEMyM convenio para fortalecer la seguridad social en Edomex<\/strong><\/p>\n<div id=\"attachment_365255\" style=\"width: 470px\" class=\"wp-caption aligncenter\"><a href=\"http:\/\/www.diarioimagen.net\/?attachment_id=365255\" rel=\"attachment wp-att-365255\"><img loading=\"lazy\" decoding=\"async\" aria-describedby=\"caption-attachment-365255\" class=\"size-large wp-image-365255\" src=\"http:\/\/www.diarioimagen.net\/wp-content\/uploads\/2018\/02\/arco-3311-460x259.jpg\" alt=\"\" width=\"460\" height=\"259\" srcset=\"https:\/\/www.diarioimagen.net\/wp-content\/uploads\/2018\/02\/arco-3311-460x259.jpg 460w, https:\/\/www.diarioimagen.net\/wp-content\/uploads\/2018\/02\/arco-3311-240x135.jpg 240w, https:\/\/www.diarioimagen.net\/wp-content\/uploads\/2018\/02\/arco-3311-235x132.jpg 235w, https:\/\/www.diarioimagen.net\/wp-content\/uploads\/2018\/02\/arco-3311-202x114.jpg 202w, https:\/\/www.diarioimagen.net\/wp-content\/uploads\/2018\/02\/arco-3311-350x196.jpg 350w, https:\/\/www.diarioimagen.net\/wp-content\/uploads\/2018\/02\/arco-3311-220x123.jpg 220w, https:\/\/www.diarioimagen.net\/wp-content\/uploads\/2018\/02\/arco-3311-237x132.jpg 237w, https:\/\/www.diarioimagen.net\/wp-content\/uploads\/2018\/02\/arco-3311.jpg 480w\" sizes=\"auto, (max-width: 460px) 100vw, 460px\" \/><\/a><p id=\"caption-attachment-365255\" class=\"wp-caption-text\">En lo que va del a\u00f1o se han impartido 28 cursos y se ha informado a m\u00e1s de 5 mil personas.<\/p><\/div>\n<p>Para fomentar la coordinaci\u00f3n entre instituciones de seguridad social, el director general del Instituto de Seguridad Social del Estado de M\u00e9xico y Municipios (ISSEMyM), Alberto L.<\/p>\n<p>Peredo Jim\u00e9nez, firm\u00f3 un Convenio de Adhesi\u00f3n del instituto que encabeza, con la Organizaci\u00f3n Nacional de Instituciones Estatales de Seguridad Social (ONIESS); organismo que promueve la vinculaci\u00f3n y la colaboraci\u00f3n para implementar acciones enfocadas en mejorar la cobertura y la sostenibilidad en M\u00e9xico, en materia de seguridad social.<\/p>\n<p>En el marco de la Sesi\u00f3n Plenaria de la Comisi\u00f3n Permanente, celebrada el 15 y 16 de febrero anterior, en Tijuana, los estados de Chihuahua y Tlaxcala tambi\u00e9n se sumaron a esta iniciativa, por lo que la ONIESS cuenta con 23 instituciones de seguridad social de las entidades federativas.<\/p>\n<p>Peredo Jim\u00e9nez se reuni\u00f3 con expertos de la Uni\u00f3n Europea para compartir conocimientos y experiencias que generen estrategias y pol\u00edticas p\u00fablicas m\u00e1s eficientes.<\/p>\n<p><em><a href=\"mailto:montanezaguilar@gmail.com\" target=\"_blank\" rel=\"noopener noreferrer\">montanezaguilar@gmail.com<\/a><\/em><\/p>\n","protected":false},"excerpt":{"rendered":"<p><span style=\"color: #005497;\">Jos\u00e9 Luis Monta\u00f1ez Aguilar<\/span><br \/>\n<br \/>\nAlfredo Del Mazo afirm\u00f3 que el programa Salario rosa es un reconocimiento al trabajo de las amas de casa y est\u00e1 dirigido a las mujeres, porque son ellas las m\u00e1s comprometidas, quienes mejor invierten el recurso y saben c\u00f3mo hacer que rinda para dar bienestar a su familia.<\/p>\n","protected":false},"author":3,"featured_media":365255,"comment_status":"open","ping_status":"open","sticky":false,"template":"","format":"standard","meta":{"_monsterinsights_skip_tracking":false,"_monsterinsights_sitenote_active":false,"_monsterinsights_sitenote_note":"","_monsterinsights_sitenote_category":0,"footnotes":""},"categories":[5],"tags":[13284,43704,43674],"class_list":["post-365170","post","type-post","status-publish","format-standard","has-post-thumbnail","hentry","category-estado-de-mexico","tag-arco-norte","tag-jose-luis-montanez-aguilar","tag-opinion"],"_links":{"self":[{"href":"https:\/\/www.diarioimagen.net\/index.php?rest_route=\/wp\/v2\/posts\/365170","targetHints":{"allow":["GET"]}}],"collection":[{"href":"https:\/\/www.diarioimagen.net\/index.php?rest_route=\/wp\/v2\/posts"}],"about":[{"href":"https:\/\/www.diarioimagen.net\/index.php?rest_route=\/wp\/v2\/types\/post"}],"author":[{"embeddable":true,"href":"https:\/\/www.diarioimagen.net\/index.php?rest_route=\/wp\/v2\/users\/3"}],"replies":[{"embeddable":true,"href":"https:\/\/www.diarioimagen.net\/index.php?rest_route=%2Fwp%2Fv2%2Fcomments&post=365170"}],"version-history":[{"count":0,"href":"https:\/\/www.diarioimagen.net\/index.php?rest_route=\/wp\/v2\/posts\/365170\/revisions"}],"wp:featuredmedia":[{"embeddable":true,"href":"https:\/\/www.diarioimagen.net\/index.php?rest_route=\/wp\/v2\/media\/365255"}],"wp:attachment":[{"href":"https:\/\/www.diarioimagen.net\/index.php?rest_route=%2Fwp%2Fv2%2Fmedia&parent=365170"}],"wp:term":[{"taxonomy":"category","embeddable":true,"href":"https:\/\/www.diarioimagen.net\/index.php?rest_route=%2Fwp%2Fv2%2Fcategories&post=365170"},{"taxonomy":"post_tag","embeddable":true,"href":"https:\/\/www.diarioimagen.net\/index.php?rest_route=%2Fwp%2Fv2%2Ftags&post=365170"}],"curies":[{"name":"wp","href":"https:\/\/api.w.org\/{rel}","templated":true}]}}