{"id":365245,"date":"2018-02-21T00:07:23","date_gmt":"2018-02-21T06:07:23","guid":{"rendered":"http:\/\/www.diarioimagen.net\/?p=365245"},"modified":"2018-02-21T01:48:45","modified_gmt":"2018-02-21T07:48:45","slug":"la-impotencia-venezolana","status":"publish","type":"post","link":"https:\/\/www.diarioimagen.net\/?p=365245","title":{"rendered":"La impotencia venezolana"},"content":{"rendered":"<h2>Detr\u00e1s del Poder<\/h2>\n<h5>Jos\u00e9 Antonio L\u00f3pez Sosa<\/h5>\n<p>&nbsp;<\/p>\n<p>S\u00ed, los venezolanos exiliados en M\u00e9xico a partir del resquebrajamiento de la sociedad venezolana est\u00e1n \u2014con todo derecho\u2014 indignados con lo que ocurri\u00f3 en aquel pa\u00eds.<\/p>\n<p>Es incre\u00edble lo que ocurri\u00f3 en Venezuela a partir de 1999 que Hugo Ch\u00e1vez lleg\u00f3 al poder.<\/p>\n<p>Miles han huido al exilio, la revoluci\u00f3n bolivariana se ha apropiado de todos los poderes del estado, nacionalizaron la paup\u00e9rrima planta productiva que exist\u00eda en Venezuela, derogaron los derechos humanos y suprimieron a la oposici\u00f3n mediante la tramposa asamblea constituyente.<\/p>\n<p>Venezuela es una tiran\u00eda disfrazada de r\u00e9gimen democr\u00e1tico, es un capitalismo de estado disfrazado de socialismo del siglo XXI, es una tragedia internacional que ha obligado \u2014insisto\u2014 a miles y miles a migrar a otros pa\u00edses \u2014M\u00e9xico incluido\u2014, para buscar una mejor vida.<\/p>\n<p>No tiene justificaci\u00f3n la atrocidad del r\u00e9gimen de Chavez y ahora Maduro. Han llevado a un pa\u00eds rico en todos sentidos, a la pobreza no solo econ\u00f3mica, sino democr\u00e1tica, pol\u00edtica, moral y social.<\/p>\n<p>Venezuela es un pa\u00eds en el colapso, con un r\u00e9gimen que insiste en pender de un hilo para sostener sus privilegios.<\/p>\n<p>Ahora bien, con este ejemplo, \u00bfqui\u00e9n en su sano juicio quisiera replicar el modelo?<\/p>\n<p>Los venezolanos creen que cualquier expresi\u00f3n de izquierda en el mundo va rumbo a su cat\u00e1strofe.<\/p>\n<p>El mundo no gira en torno a Venezuela, se entiende su impotencia desde el exilio, el coraje al tener que haber migrado, pero eso no implica que sea una expresi\u00f3n que se multiplique por doquier.<\/p>\n<p>Venezuela no es un modelo de exportaci\u00f3n, ni Evo Morales, el m\u00e1s radical de los presidentes de izquierda en Am\u00e9rica Latina, ha replicado el modelo.<\/p>\n<p>M\u00e9xico no es Venezuela, su cat\u00e1strofe no es la nuestra. No alimenten una campa\u00f1a de odio de la que el partido oficial en M\u00e9xico hace uso indiscriminado.<\/p>\n<p><em><a href=\"http:\/\/www.lopezsosa.com\" target=\"_blank\" rel=\"noopener\">www.lopezsosa.com<\/a><\/em><br \/>\n<em><a href=\"mailto:joseantonio@lopezsosa.com\" target=\"_blank\" rel=\"noopener\">joseantonio@lopezsosa.com<\/a><\/em><br \/>\n<em><a href=\"http:\/\/twitter.com\/joseantonio1977\" target=\"_blank\" rel=\"noopener\">@joseantonio197<\/a><\/em><\/p>\n","protected":false},"excerpt":{"rendered":"<p><span style=\"color: #005497;\"><strong>Jos\u00e9 Antonio L\u00f3pez Sosa<\/strong><\/span><\/p>\n","protected":false},"author":3,"featured_media":0,"comment_status":"open","ping_status":"open","sticky":false,"template":"","format":"standard","meta":{"_monsterinsights_skip_tracking":false,"_monsterinsights_sitenote_active":false,"_monsterinsights_sitenote_note":"","_monsterinsights_sitenote_category":0,"footnotes":""},"categories":[637],"tags":[638,43690,43674],"class_list":["post-365245","post","type-post","status-publish","format-standard","hentry","category-jose-antonio-lopez-sosa","tag-detras-del-poder","tag-jose-antonio-lopez-sosa","tag-opinion"],"_links":{"self":[{"href":"https:\/\/www.diarioimagen.net\/index.php?rest_route=\/wp\/v2\/posts\/365245","targetHints":{"allow":["GET"]}}],"collection":[{"href":"https:\/\/www.diarioimagen.net\/index.php?rest_route=\/wp\/v2\/posts"}],"about":[{"href":"https:\/\/www.diarioimagen.net\/index.php?rest_route=\/wp\/v2\/types\/post"}],"author":[{"embeddable":true,"href":"https:\/\/www.diarioimagen.net\/index.php?rest_route=\/wp\/v2\/users\/3"}],"replies":[{"embeddable":true,"href":"https:\/\/www.diarioimagen.net\/index.php?rest_route=%2Fwp%2Fv2%2Fcomments&post=365245"}],"version-history":[{"count":0,"href":"https:\/\/www.diarioimagen.net\/index.php?rest_route=\/wp\/v2\/posts\/365245\/revisions"}],"wp:attachment":[{"href":"https:\/\/www.diarioimagen.net\/index.php?rest_route=%2Fwp%2Fv2%2Fmedia&parent=365245"}],"wp:term":[{"taxonomy":"category","embeddable":true,"href":"https:\/\/www.diarioimagen.net\/index.php?rest_route=%2Fwp%2Fv2%2Fcategories&post=365245"},{"taxonomy":"post_tag","embeddable":true,"href":"https:\/\/www.diarioimagen.net\/index.php?rest_route=%2Fwp%2Fv2%2Ftags&post=365245"}],"curies":[{"name":"wp","href":"https:\/\/api.w.org\/{rel}","templated":true}]}}