{"id":365351,"date":"2018-02-22T00:10:16","date_gmt":"2018-02-22T06:10:16","guid":{"rendered":"http:\/\/www.diarioimagen.net\/?p=365351"},"modified":"2018-02-22T04:16:19","modified_gmt":"2018-02-22T10:16:19","slug":"prioridad-al-desarrollo-de-mexiquenses","status":"publish","type":"post","link":"https:\/\/www.diarioimagen.net\/?p=365351","title":{"rendered":"Prioridad al desarrollo de mexiquenses"},"content":{"rendered":"<h2>Arco Norte<\/h2>\n<h5>Jos\u00e9 Luis Monta\u00f1ez Aguilar<\/h5>\n<p>&nbsp;<\/p>\n<p>Con el programa Salario rosa, las amas de casa mexiquenses tambi\u00e9n tendr\u00e1n acceso a capacitaci\u00f3n para aprender alg\u00fan oficio, y si lo desean emprender alg\u00fan proyecto productivo.<\/p>\n<p>El gobernador Alfredo Del Mazo mencion\u00f3 que con esto se demuestra que uno de los ejes centrales de su administraci\u00f3n es emprender acciones que permitan el desarrollo de las mujeres del Estado de M\u00e9xico.<\/p>\n<p>Se\u00f1al\u00f3 que las mujeres dedicadas al hogar, son el pilar de las familias, quienes sacrifican su tiempo para sacar adelante a sus hijos, esposos y padres.<\/p>\n<p>Agradeci\u00f3 la confianza que las mujeres mexiquenses le tuvieron para hacer realidad el Salario rosa, programa que reconoce el trabajo y\u00a0 esfuerzo de las amas de casa, quienes recibir\u00e1n 2 mil 400 pesos de manera bimestral con la finalidad de fortalecer a las familias.<\/p>\n<p>Alfredo Del Mazo agreg\u00f3 que el dinero que recibir\u00e1n lo podr\u00e1n invertir para cubrir necesidades como alimentaci\u00f3n, salud y en el mejoramiento de su vivienda, entre otros.<\/p>\n<p>Mencion\u00f3 el caso de Olga Rub\u00ed Mendoza, originaria de Coatepec Harinas, quien recibi\u00f3 su tarjeta, quien destac\u00f3 que los recursos econ\u00f3micos otorgados los invertir\u00e1 para que sus hijos terminen sus estudios de preparatoria.<\/p>\n<p style=\"text-align: center;\"><strong>Impulsa GEM equidad de g\u00e9nero como factor de crecimiento de la econom\u00eda estatal<\/strong><\/p>\n<p><a href=\"http:\/\/www.diarioimagen.net\/?attachment_id=365439\" rel=\"attachment wp-att-365439\"><img loading=\"lazy\" decoding=\"async\" class=\"aligncenter size-large wp-image-365439\" src=\"http:\/\/www.diarioimagen.net\/wp-content\/uploads\/2018\/02\/rubi-3312-460x259.jpg\" alt=\"\" width=\"460\" height=\"259\" srcset=\"https:\/\/www.diarioimagen.net\/wp-content\/uploads\/2018\/02\/rubi-3312-460x259.jpg 460w, https:\/\/www.diarioimagen.net\/wp-content\/uploads\/2018\/02\/rubi-3312-240x135.jpg 240w, https:\/\/www.diarioimagen.net\/wp-content\/uploads\/2018\/02\/rubi-3312-235x132.jpg 235w, https:\/\/www.diarioimagen.net\/wp-content\/uploads\/2018\/02\/rubi-3312-202x114.jpg 202w, https:\/\/www.diarioimagen.net\/wp-content\/uploads\/2018\/02\/rubi-3312-350x196.jpg 350w, https:\/\/www.diarioimagen.net\/wp-content\/uploads\/2018\/02\/rubi-3312-220x123.jpg 220w, https:\/\/www.diarioimagen.net\/wp-content\/uploads\/2018\/02\/rubi-3312-237x132.jpg 237w, https:\/\/www.diarioimagen.net\/wp-content\/uploads\/2018\/02\/rubi-3312.jpg 480w\" sizes=\"auto, (max-width: 460px) 100vw, 460px\" \/><\/a><\/p>\n<p>La productividad de las empresas y competitividad del Estado de M\u00e9xico y del pa\u00eds est\u00e1 vinculada al incremento de las mujeres en el mercado laboral, pues ellas en los \u00faltimos 50 a\u00f1os aumentaron su participaci\u00f3n en los espacios de trabajo del 17 al 43 por ciento a nivel nacional, se\u00f1al\u00f3 la Secretar\u00eda del Trabajo estatal.<\/p>\n<p>Por ello, esta dependencia organiza una serie de actividades encaminadas a concientizar al sector econ\u00f3mico, sobre la importancia de la equidad de g\u00e9nero en t\u00e9rminos productivos.<\/p>\n<p>Pr\u00f3ximos a la conmemoraci\u00f3n del D\u00eda Internacional de la Mujer, que se festeja el 8 de marzo de cada a\u00f1o, el Secretario del Trabajo, Ignacio Rub\u00ed Salazar, inform\u00f3 que entre las acciones que se tiene programado promover en esta fecha, se encuentra la difusi\u00f3n del Protocolo de actuaci\u00f3n frente a casos de violencia laboral, hostigamiento y acoso sexual.<\/p>\n<p>Al asistir como invitado especial a la Sesi\u00f3n del Consejo de la C\u00e1mara Nacional de Comercio, Servicios y Turismo (Canaco Servytur) del Valle de Toluca, presidido por Laura Gonz\u00e1lez Hern\u00e1ndez, expres\u00f3 que tambi\u00e9n se abordar\u00e1 la incorporaci\u00f3n de cl\u00e1usulas en los Contratos Colectivos de Trabajo que combatan la violencia laboral, as\u00ed como la promoci\u00f3n para la obtenci\u00f3n de la Norma Mexicana en Igualdad Laboral y No Discriminaci\u00f3n por parte de las empresas.<\/p>\n<p>Destac\u00f3 que en la actualidad a\u00fan se presentan elementos de fondo que inhiben la incorporaci\u00f3n de la mujer en las actividades remuneradas, que impactan en la productividad de las empresas y competitividad del pa\u00eds y del Estado de M\u00e9xico.<\/p>\n<p>Rub\u00ed Salazar inform\u00f3 que la tasa de participaci\u00f3n de las mujeres ha avanzado significativamente en comparaci\u00f3n con hace 50 a\u00f1os, \u201cen l970 la tasa de participaci\u00f3n econ\u00f3mica de la mujer en M\u00e9xico, era del 17 por ciento, aproximadamente, hoy es del 43 por ciento\u201d, puntualiz\u00f3.<\/p>\n<p>Resalt\u00f3 que el esfuerzo que los gobiernos deben realizar en materia de equidad de g\u00e9nero en el \u00e1mbito laboral es \u201cenorme\u201d, pero sumamente importante porque est\u00e1 asociado a su potencial de crecimiento y desarrollo.<\/p>\n<p>Durante la sesi\u00f3n estuvieron presentes la Presidenta Nacional de la Asociaci\u00f3n Mexicana de Mujeres Empresarias, Blanca Estela P\u00e9rez Villalobos, el Presidente Nacional de la Industria del Aluminio, Ram\u00f3n Beltr\u00e1n Arellano, y empresarios de diferentes regiones del Estado de M\u00e9xico.<\/p>\n<p><em><a href=\"mailto:montanezaguilar@gmail.com\" target=\"_blank\" rel=\"noopener noreferrer\">montanezaguilar@gmail.com<\/a><\/em><\/p>\n","protected":false},"excerpt":{"rendered":"<p><span style=\"color: #005497;\">Jos\u00e9 Luis Monta\u00f1ez Aguilar<\/span><br \/>\n<br \/>\nCon el programa Salario rosa, las amas de casa mexiquenses tambi\u00e9n tendr\u00e1n acceso a capacitaci\u00f3n para aprender alg\u00fan oficio, y si lo desean emprender alg\u00fan proyecto productivo.<\/p>\n","protected":false},"author":3,"featured_media":365439,"comment_status":"open","ping_status":"open","sticky":false,"template":"","format":"standard","meta":{"_monsterinsights_skip_tracking":false,"_monsterinsights_sitenote_active":false,"_monsterinsights_sitenote_note":"","_monsterinsights_sitenote_category":0,"footnotes":""},"categories":[5],"tags":[13284,43704,43674],"class_list":["post-365351","post","type-post","status-publish","format-standard","has-post-thumbnail","hentry","category-estado-de-mexico","tag-arco-norte","tag-jose-luis-montanez-aguilar","tag-opinion"],"_links":{"self":[{"href":"https:\/\/www.diarioimagen.net\/index.php?rest_route=\/wp\/v2\/posts\/365351","targetHints":{"allow":["GET"]}}],"collection":[{"href":"https:\/\/www.diarioimagen.net\/index.php?rest_route=\/wp\/v2\/posts"}],"about":[{"href":"https:\/\/www.diarioimagen.net\/index.php?rest_route=\/wp\/v2\/types\/post"}],"author":[{"embeddable":true,"href":"https:\/\/www.diarioimagen.net\/index.php?rest_route=\/wp\/v2\/users\/3"}],"replies":[{"embeddable":true,"href":"https:\/\/www.diarioimagen.net\/index.php?rest_route=%2Fwp%2Fv2%2Fcomments&post=365351"}],"version-history":[{"count":0,"href":"https:\/\/www.diarioimagen.net\/index.php?rest_route=\/wp\/v2\/posts\/365351\/revisions"}],"wp:featuredmedia":[{"embeddable":true,"href":"https:\/\/www.diarioimagen.net\/index.php?rest_route=\/wp\/v2\/media\/365439"}],"wp:attachment":[{"href":"https:\/\/www.diarioimagen.net\/index.php?rest_route=%2Fwp%2Fv2%2Fmedia&parent=365351"}],"wp:term":[{"taxonomy":"category","embeddable":true,"href":"https:\/\/www.diarioimagen.net\/index.php?rest_route=%2Fwp%2Fv2%2Fcategories&post=365351"},{"taxonomy":"post_tag","embeddable":true,"href":"https:\/\/www.diarioimagen.net\/index.php?rest_route=%2Fwp%2Fv2%2Ftags&post=365351"}],"curies":[{"name":"wp","href":"https:\/\/api.w.org\/{rel}","templated":true}]}}