{"id":365357,"date":"2018-02-22T00:05:32","date_gmt":"2018-02-22T06:05:32","guid":{"rendered":"http:\/\/www.diarioimagen.net\/?p=365357"},"modified":"2018-02-22T07:23:36","modified_gmt":"2018-02-22T13:23:36","slug":"gobernanza-via-para-mejorar-condiciones-sociales-del-pais","status":"publish","type":"post","link":"https:\/\/www.diarioimagen.net\/?p=365357","title":{"rendered":"Gobernanza, v\u00eda para mejorar condiciones sociales del pa\u00eds"},"content":{"rendered":"<ul>\n<li><strong><em>Presentan libro en Facultad de la UAEM<\/em><\/strong><\/li>\n<\/ul>\n<p>&nbsp;<\/p>\n<div id=\"attachment_365481\" style=\"width: 272px\" class=\"wp-caption alignleft\"><a href=\"http:\/\/www.diarioimagen.net\/?attachment_id=365481\" rel=\"attachment wp-att-365481\"><img loading=\"lazy\" decoding=\"async\" aria-describedby=\"caption-attachment-365481\" class=\" wp-image-365481\" src=\"http:\/\/www.diarioimagen.net\/wp-content\/uploads\/2018\/02\/UAEM-3312-160x240.jpg\" alt=\"\" width=\"262\" height=\"393\" srcset=\"https:\/\/www.diarioimagen.net\/wp-content\/uploads\/2018\/02\/UAEM-3312-160x240.jpg 160w, https:\/\/www.diarioimagen.net\/wp-content\/uploads\/2018\/02\/UAEM-3312-307x460.jpg 307w, https:\/\/www.diarioimagen.net\/wp-content\/uploads\/2018\/02\/UAEM-3312.jpg 467w\" sizes=\"auto, (max-width: 262px) 100vw, 262px\" \/><\/a><p id=\"caption-attachment-365481\" class=\"wp-caption-text\">El especialista, Francisco Porras S\u00e1nchez, sostuvo que los problemas que aquejan al pa\u00eds son dif\u00edciles de solucionar si solo act\u00faa el sector gubernamental.<\/p><\/div>\n<p><strong>Toluca, Estado de M\u00e9xico<\/strong>. \u2013 La gobernanza, es decir, el cogobierno con la sociedad civil y el sector privado, es una de las v\u00edas para mejorar las condiciones sociales del pa\u00eds, asegur\u00f3, en la Universidad Aut\u00f3noma del Estado de M\u00e9xico, el investigador del Instituto de Investigaciones \u201cDr. Jos\u00e9 Mar\u00eda Luis Mora\u201d, Francisco Porras S\u00e1nchez.<\/p>\n<p>Al presentar el libro Gobernanza: propuestas, l\u00edmites y perspectivas, en la Facultad de Planeaci\u00f3n Urbana y Regional de la UAEM, el especialista resalt\u00f3 que con \u201ceste sistema podr\u00edan mejorar las condiciones de vida de la poblaci\u00f3n, en aspectos como la educaci\u00f3n, la pobreza, la violencia de g\u00e9nero o la seguridad\u201d.<\/p>\n<p>En la Facultad de Planeaci\u00f3n Urbana y Regional de la UAEM, consider\u00f3 que los problemas que aquejan al pa\u00eds son dif\u00edciles de solucionar si solo act\u00faa el sector gubernamental. Por ello, es necesario que tanto la sociedad civil como el sector privado abonen, con base en valores y buenas conductas, a su soluci\u00f3n.<\/p>\n<p>Cuando una naci\u00f3n adopta la gobernanza, detall\u00f3, la toma de decisiones acerca de una pol\u00edtica p\u00fablica se toma por un c\u00edrculo mayor de actores. \u201cSignifica el involucramiento de la sociedad civil y del sector privado en las pol\u00edticas p\u00fablicas; asimismo, quienes son beneficiados por alg\u00fan programa gubernamental deben ser parte del dise\u00f1o y evaluaci\u00f3n del mismo\u201d.<\/p>\n<p>En \u00faltima instancia, manifest\u00f3 Porras S\u00e1nchez, esta forma de gobierno muestra una sociedad m\u00e1s organizada en redes, con mayor capacidad para obtener recursos financieros y de informaci\u00f3n que incidan en pol\u00edticas p\u00fablicas.<\/p>\n<p>El especialista en ciencias pol\u00edticas y estudios internacionales mencion\u00f3 que actualmente, existen varias publicaciones acerca de este tema, sin embargo, no exist\u00eda un libro que reuniera la mayor parte de estudios en la materia, como es el caso de gobernanza: propuestas, l\u00edmites y perspectivas, que tiene un objetivo did\u00e1ctico.<\/p>\n<p>\u201cA veces la gobernanza se ha utilizado como un t\u00e9rmino de moda, sin embargo, es una agenda de investigaci\u00f3n, de cambio social y de pol\u00edtica p\u00fablica. Nos ayuda a mejorar y hacer m\u00e1s eficaces las administraciones p\u00fablicas\u201d, concluy\u00f3 Francisco Porras.<\/p>\n","protected":false},"excerpt":{"rendered":"<p> La gobernanza, es decir, el cogobierno con la sociedad civil y el sector privado, es una de las v\u00edas para mejorar las condiciones sociales del pa\u00eds, asegur\u00f3, en la Universidad Aut\u00f3noma del Estado de M\u00e9xico, el investigador del Instituto de Investigaciones \u201cDr. Jos\u00e9 Mar\u00eda Luis Mora\u201d, Francisco Porras S\u00e1nchez.<\/p>\n","protected":false},"author":3,"featured_media":365482,"comment_status":"open","ping_status":"open","sticky":false,"template":"","format":"standard","meta":{"_monsterinsights_skip_tracking":false,"_monsterinsights_sitenote_active":false,"_monsterinsights_sitenote_note":"","_monsterinsights_sitenote_category":0,"footnotes":""},"categories":[35155],"tags":[43675,39541,452,1491],"class_list":["post-365357","post","type-post","status-publish","format-standard","has-post-thumbnail","hentry","category-estado-de-mexico-estado-de-mexico","tag-estado-de-mexico","tag-mejorar","tag-toluca","tag-uaem"],"_links":{"self":[{"href":"https:\/\/www.diarioimagen.net\/index.php?rest_route=\/wp\/v2\/posts\/365357","targetHints":{"allow":["GET"]}}],"collection":[{"href":"https:\/\/www.diarioimagen.net\/index.php?rest_route=\/wp\/v2\/posts"}],"about":[{"href":"https:\/\/www.diarioimagen.net\/index.php?rest_route=\/wp\/v2\/types\/post"}],"author":[{"embeddable":true,"href":"https:\/\/www.diarioimagen.net\/index.php?rest_route=\/wp\/v2\/users\/3"}],"replies":[{"embeddable":true,"href":"https:\/\/www.diarioimagen.net\/index.php?rest_route=%2Fwp%2Fv2%2Fcomments&post=365357"}],"version-history":[{"count":0,"href":"https:\/\/www.diarioimagen.net\/index.php?rest_route=\/wp\/v2\/posts\/365357\/revisions"}],"wp:featuredmedia":[{"embeddable":true,"href":"https:\/\/www.diarioimagen.net\/index.php?rest_route=\/wp\/v2\/media\/365482"}],"wp:attachment":[{"href":"https:\/\/www.diarioimagen.net\/index.php?rest_route=%2Fwp%2Fv2%2Fmedia&parent=365357"}],"wp:term":[{"taxonomy":"category","embeddable":true,"href":"https:\/\/www.diarioimagen.net\/index.php?rest_route=%2Fwp%2Fv2%2Fcategories&post=365357"},{"taxonomy":"post_tag","embeddable":true,"href":"https:\/\/www.diarioimagen.net\/index.php?rest_route=%2Fwp%2Fv2%2Ftags&post=365357"}],"curies":[{"name":"wp","href":"https:\/\/api.w.org\/{rel}","templated":true}]}}