{"id":365379,"date":"2018-02-22T00:09:10","date_gmt":"2018-02-22T06:09:10","guid":{"rendered":"http:\/\/www.diarioimagen.net\/?p=365379"},"modified":"2018-02-22T06:01:32","modified_gmt":"2018-02-22T12:01:32","slug":"continua-gobierno-de-metepec-con-el-rescate-de-perros-callejeros","status":"publish","type":"post","link":"https:\/\/www.diarioimagen.net\/?p=365379","title":{"rendered":"Contin\u00faa gobierno de Metepec con el rescate de perros callejeros"},"content":{"rendered":"<ul>\n<li><strong><em>Veterinarios eval\u00faan sus condiciones de salud<\/em><\/strong><\/li>\n<\/ul>\n<p>&nbsp;<\/p>\n<div id=\"attachment_365460\" style=\"width: 470px\" class=\"wp-caption aligncenter\"><a href=\"http:\/\/www.diarioimagen.net\/?attachment_id=365460\" rel=\"attachment wp-att-365460\"><img loading=\"lazy\" decoding=\"async\" aria-describedby=\"caption-attachment-365460\" class=\"size-large wp-image-365460\" src=\"http:\/\/www.diarioimagen.net\/wp-content\/uploads\/2018\/02\/METEPEC-3312-460x259.jpg\" alt=\"\" width=\"460\" height=\"259\" srcset=\"https:\/\/www.diarioimagen.net\/wp-content\/uploads\/2018\/02\/METEPEC-3312-460x259.jpg 460w, https:\/\/www.diarioimagen.net\/wp-content\/uploads\/2018\/02\/METEPEC-3312-240x135.jpg 240w, https:\/\/www.diarioimagen.net\/wp-content\/uploads\/2018\/02\/METEPEC-3312-235x132.jpg 235w, https:\/\/www.diarioimagen.net\/wp-content\/uploads\/2018\/02\/METEPEC-3312-202x114.jpg 202w, https:\/\/www.diarioimagen.net\/wp-content\/uploads\/2018\/02\/METEPEC-3312-350x196.jpg 350w, https:\/\/www.diarioimagen.net\/wp-content\/uploads\/2018\/02\/METEPEC-3312-220x123.jpg 220w, https:\/\/www.diarioimagen.net\/wp-content\/uploads\/2018\/02\/METEPEC-3312-237x132.jpg 237w, https:\/\/www.diarioimagen.net\/wp-content\/uploads\/2018\/02\/METEPEC-3312.jpg 480w\" sizes=\"auto, (max-width: 460px) 100vw, 460px\" \/><\/a><p id=\"caption-attachment-365460\" class=\"wp-caption-text\">La Direcci\u00f3n de Medio Ambiente del municipio da en adopci\u00f3n un promedio de 10 perros al mes.<\/p><\/div>\n<p>&nbsp;<\/p>\n<p><strong>Metepec, Estado de M\u00e9xico<\/strong>.- Con el objetivo de buscar un hogar a perros callejeros y con ello mejorar su calidad de vida, la Direcci\u00f3n de Medio Ambiente de Metepec contin\u00faa con las acciones de rescate en calles de la demarcaci\u00f3n, inform\u00f3 el titular de la dependencia, Jos\u00e9 Luis Garc\u00eda Bustos.<\/p>\n<p>El funcionario municipal, dio a conocer que el gobierno que encabeza el edil, David L\u00f3pez C\u00e1rdenas, da en adopci\u00f3n un promedio de 10 canes al mes, en coordinaci\u00f3n con diferentes asociaciones civiles como: Hogar Perruno, Mejor Vida Animal, Fundaci\u00f3n Tomy, Defensor\u00eda Animal, Mil Oportunidades, entre otras, las cuales apoyan con el rescate de los animales.<\/p>\n<p>Garc\u00eda Bustos explic\u00f3 que todos los canes que logran rescatar de las calles llegan al Centro de Control Canino del municipio, donde veterinarios eval\u00faan sus condiciones de salud y son atendidos con esterlizaci\u00f3n, aplicaci\u00f3n de vacunas, higiene y desparasitaci\u00f3n.<\/p>\n<p>De esta forma -detall\u00f3-, se presentan para que puedan incorporarse de forma inmediata a un hogar. Se\u00f1al\u00f3 que s\u00f3lo en caso de que el animal presente conductas de extrema agresividad o una condici\u00f3n f\u00edsica deplorable, son sacrificados conforme a los m\u00e9todos que indica la Secretar\u00eda de Salud.<\/p>\n<p>Resalt\u00f3 que gracias a los esfuerzos de la sociedad civil y las autoridades municipales, el a\u00f1o pasado 94 perros fueron dados en adopci\u00f3n y que ya se trabaja en una campa\u00f1a de esterilizaci\u00f3n que arrancar\u00e1 en marzo pr\u00f3ximo a fin de controlar los \u00edndices de natalidad.<\/p>\n<p>Destacar que los interesados en adoptar podr\u00e1n acercarse al Centro de Control Canino, ubicado en Avenida 7, No.26, colonia San Jos\u00e9 La Pila, Metepec, o bien, consultar la p\u00e1gina en Facebook: Medio Ambiente Metepec o llamar al 2-71-64-07.<\/p>\n","protected":false},"excerpt":{"rendered":"<p>Con el objetivo de buscar un hogar a perros callejeros y con ello mejorar su calidad de vida, la Direcci\u00f3n de Medio Ambiente de Metepec contin\u00faa con las acciones de rescate en calles de la demarcaci\u00f3n, inform\u00f3 el titular de la dependencia, Jos\u00e9 Luis Garc\u00eda Bustos.<\/p>\n","protected":false},"author":3,"featured_media":365460,"comment_status":"open","ping_status":"open","sticky":false,"template":"","format":"standard","meta":{"_monsterinsights_skip_tracking":false,"_monsterinsights_sitenote_active":false,"_monsterinsights_sitenote_note":"","_monsterinsights_sitenote_category":0,"footnotes":""},"categories":[35155],"tags":[71081,43675,876,19824,728],"class_list":["post-365379","post","type-post","status-publish","format-standard","has-post-thumbnail","hentry","category-estado-de-mexico-estado-de-mexico","tag-callejeros","tag-estado-de-mexico","tag-metepec","tag-perros","tag-rescate"],"_links":{"self":[{"href":"https:\/\/www.diarioimagen.net\/index.php?rest_route=\/wp\/v2\/posts\/365379","targetHints":{"allow":["GET"]}}],"collection":[{"href":"https:\/\/www.diarioimagen.net\/index.php?rest_route=\/wp\/v2\/posts"}],"about":[{"href":"https:\/\/www.diarioimagen.net\/index.php?rest_route=\/wp\/v2\/types\/post"}],"author":[{"embeddable":true,"href":"https:\/\/www.diarioimagen.net\/index.php?rest_route=\/wp\/v2\/users\/3"}],"replies":[{"embeddable":true,"href":"https:\/\/www.diarioimagen.net\/index.php?rest_route=%2Fwp%2Fv2%2Fcomments&post=365379"}],"version-history":[{"count":0,"href":"https:\/\/www.diarioimagen.net\/index.php?rest_route=\/wp\/v2\/posts\/365379\/revisions"}],"wp:featuredmedia":[{"embeddable":true,"href":"https:\/\/www.diarioimagen.net\/index.php?rest_route=\/wp\/v2\/media\/365460"}],"wp:attachment":[{"href":"https:\/\/www.diarioimagen.net\/index.php?rest_route=%2Fwp%2Fv2%2Fmedia&parent=365379"}],"wp:term":[{"taxonomy":"category","embeddable":true,"href":"https:\/\/www.diarioimagen.net\/index.php?rest_route=%2Fwp%2Fv2%2Fcategories&post=365379"},{"taxonomy":"post_tag","embeddable":true,"href":"https:\/\/www.diarioimagen.net\/index.php?rest_route=%2Fwp%2Fv2%2Ftags&post=365379"}],"curies":[{"name":"wp","href":"https:\/\/api.w.org\/{rel}","templated":true}]}}